{"id":10567,"date":"2022-11-10T19:46:50","date_gmt":"2022-11-10T19:46:50","guid":{"rendered":"https:\/\/vollausgebucht.net\/?p=10567"},"modified":"2023-10-12T16:48:08","modified_gmt":"2023-10-12T14:48:08","slug":"und-nach-mir-die-angst-daniel-leitner","status":"publish","type":"post","link":"https:\/\/vollausgebucht.net\/?p=10567","title":{"rendered":"&#8222;Und mit mir die Angst&#8220; &#8211; Daniel Leitner"},"content":{"rendered":"<blockquote><p><span style=\"color: #ffffff;\"><em><span style=\"font-family: georgia, palatino, serif;\">&#8220; &#8230; \u00bbOkay, jetzt h\u00f6ren Sie mir zu. Diese Geschichte ist fast drei\u00dfig Jahre her. Die Polizei hat damals aufgegeben, da sie keine Beweise f\u00fcr ein Verbrechen finden konnten. Vermutlich ist Pfarrer Eden abgehauen, um sich ein neues Leben aufzubauen. Menschen tun solche Dinge. Sie machen sich einfach aus dem Staub.Und das sollten Sie auch tun. Kommen <\/span><\/em><em><span style=\"font-family: georgia, palatino, serif;\">Sie nie wieder hierher.\u00ab &#8230;&#8220;<\/span><\/em><\/span><\/p><\/blockquote>\n<p><img loading=\"lazy\" decoding=\"async\" class=\"size-full wp-image-291 aligncenter\" src=\"https:\/\/vollausgebucht.net\/wp-content\/uploads\/2020\/05\/klap.png\" alt=\"\" width=\"112\" height=\"31\" \/><\/p>\n<p style=\"text-align: center;\"><span class=\"a-text-bold\" style=\"font-family: georgia, palatino, serif; color: #000000;\">Der M\u00f6rder wohnt nebenan. Die Hinterbliebenen schweigen.<\/span><br \/>\n<span style=\"font-family: georgia, palatino, serif; color: #000000;\">Vor beinahe drei\u00dfig Jahren verschwand Pfarrer Eden auf unerkl\u00e4rliche Weise. Nun st\u00f6\u00dft die Journalistin Lana Conroy zuf\u00e4llig auf einen Zeitungsbericht und begibt sich auf die Suche nach Hinweisen. Dass sie damit die Aufmerksamkeit des Killers auf sich zieht, wird ihr erst bewusst, als es l\u00e4ngst zu sp\u00e4t ist.<\/span><br \/>\n<span style=\"font-family: georgia, palatino, serif; color: #000000;\">Ein H\u00f6llentrip in die Psyche einer ver\u00e4ngstigten Zeugin, die Gedanken eines Wahnsinnigen und einen ungel\u00f6sten Fall, dessen dunkle Geheimnisse tief vergraben liegen. Wer traut sich zur\u00fcck nach Velvet Cove?<\/span><\/p>\n<p><img loading=\"lazy\" decoding=\"async\" class=\"size-full wp-image-128 aligncenter\" src=\"https:\/\/vollausgebucht.net\/wp-content\/uploads\/daru.png\" alt=\"\" width=\"122\" height=\"35\" \/><\/p>\n<p><span style=\"font-family: georgia, palatino, serif; color: #000000;\">Als Lana ihren Vater in der Bibliothek, in der er arbeitet, besucht, stolpert sie \u00fcber eine alte Schlagzeile aus dem Jahre 1977. Damals ist der Pfarrer von Velvet Cove spurlos verschwunden und auch jetzt, 2005 wei\u00df keiner, was mit ihm geschehen ist. Lana will der Sache auf ihrem Blog auf den Grund gehen, immerhin will sie sp\u00e4ter einmal Journalistin werden und da ist ein bisschen Vorarbeit bestimmt von Nutzen. Doch niemand will mit ihr dar\u00fcber reden und so bleibt Lana nichts anderes \u00fcbrig , als tiefer zu graben &#8230;<\/span><\/p>\n<p><img loading=\"lazy\" decoding=\"async\" class=\"alignnone size-full wp-image-10563\" src=\"https:\/\/vollausgebucht.net\/wp-content\/uploads\/und-mit-mir-die-angst.png\" alt=\"\" width=\"700\" height=\"700\" srcset=\"https:\/\/vollausgebucht.net\/wp-content\/uploads\/und-mit-mir-die-angst.png 700w, https:\/\/vollausgebucht.net\/wp-content\/uploads\/und-mit-mir-die-angst-350x350.png 350w, https:\/\/vollausgebucht.net\/wp-content\/uploads\/und-mit-mir-die-angst-150x150.png 150w\" sizes=\"auto, (max-width: 700px) 100vw, 700px\" \/><\/p>\n<p><span style=\"font-family: georgia, palatino, serif; color: #000000;\"><img loading=\"lazy\" decoding=\"async\" class=\"size-full wp-image-125 aligncenter\" src=\"https:\/\/vollausgebucht.net\/wp-content\/uploads\/meine-meinung.png\" alt=\"\" width=\"146\" height=\"32\" \/><\/span><\/p>\n<p><span style=\"font-family: georgia, palatino, serif; color: #000000;\">&#8222;Und mit mir die Angst&#8220; war ein Spontankauf, ich brauchte neues Futter f\u00fcr meinen Kindle und der Klappentext hat mich angesprochen, alte unaufgekl\u00e4rte F\u00e4lle ziehen mich immer irgendwie an.<\/span><br \/>\n<span style=\"font-family: georgia, palatino, serif; color: #000000;\">Leider hat das Buch f\u00fcr mich nicht ganz das gehalten, was es versprochen hat.<br \/>\nNachdem Lara anf\u00e4ngt in der Vergangenheit zu w\u00fchlen, beginnt ein zweiter Handlungsstrang, der mich einfach nur verwirrt hat, auch, weil es da um ein Thema geht, mit dem ich nicht gerechnet habe und das mich doch etwas genervt hat. Als junge Frau in eine Beziehung zu geraten, in der man manipuliert und niedergemacht wird, ist ohne Zweifel schrecklich, trotzdem konnte ich \u00fcber so viel Naivit\u00e4t nur den Kopf sch\u00fctteln. Im Gegensatz zu Laras Kapiteln, \u00fcber denen immer ihr Name und ein Datum steht, wei\u00df man hier sehr lange nicht, wer aus dem N\u00e4hk\u00e4stchen plaudert. Und da aller guten Dinge bekanntlich drei sind, gibt es noch einen namenlosen Ich-Erz\u00e4hler, einen Killer, der den Leser auf seine Ausfl\u00fcge mitnimmt.<br \/>\nWie Daniel Leitner diese drei Erz\u00e4hlstr\u00e4nge am Ende verkn\u00fcpft, ist toll, leider fand ich den Weg dorthin teilweise doch etwas anstrengend, vor allem hat mir der eine Charakter zum Mitfiebern gefehlt. Ja, Lana ist unterhaltsam und durchaus clever, aber eben auch ziemlich nervig, ihr st\u00e4ndiges &#8222;Soll ich oder soll ich nicht&#8220;\u00a0 war mir ab einem gewissen Punkt einfach zu viel und ganz so selbstlos, wie sie scheint, handelt sie ja auch nicht.<br \/>\nH\u00e4tte ich meine Rezension gleich nach Beendigung des Buches geschrieben, w\u00e4re es definitiv schlechter weggekommen, je l\u00e4nger ich jedoch dar\u00fcber nachdenke, umso besser finde ich den Schluss, auch wenn ich mir einen Teil davon schon gedacht habe. Aber eben nicht alles.^^<br \/>\nDa die drei &#8222;Velvet Cove&#8220; B\u00fccher, soweit ich wei\u00df, nicht aufeinander aufbauen, habe ich den Vorg\u00e4nger &#8222;Und mit mir die Dunkelheit&#8220; nicht gelesen, vielleicht w\u00e4re ja das eine oder andere Fragezeichen in meinem Kopf verschwunden, wenn ich das getan h\u00e4tte.<br \/>\n<\/span><\/p>\n<p><span style=\"font-family: georgia, palatino, serif; color: #000000;\"><img loading=\"lazy\" decoding=\"async\" class=\"size-full wp-image-298 aligncenter lazy-loaded\" src=\"https:\/\/vollausgebucht.net\/wp-content\/uploads\/2020\/05\/fazit2.png\" alt=\"\" width=\"58\" height=\"28\" data-lazy-type=\"image\" data-src=\"https:\/\/vollausgebucht.net\/wp-content\/uploads\/2020\/05\/fazit2.png\" \/><\/span><\/p>\n<p><span style=\"font-family: georgia, palatino, serif; color: #000000;\">Den Plot fand ich grandios, schon alleine, weil mir das so in der Art noch nicht untergekommen ist, leider hatte ich mit den Figuren so meine Probleme. Ich liebe es, wenn mich ein Charakter so fesselt, dass ich mit ihm mit leide, hier habe ich allerdings niemanden gefunden, schade. <\/span><br \/>\n<span style=\"font-family: georgia, palatino, serif; color: #000000;\">Daf\u00fcr habe ich diesmal lange \u00fcberlegt, denn eigentlich wollte ich nur 3,5 Miezekatzen vergeben, aber weil ich die Aufl\u00f6sung so toll fand, dr\u00fcck ich mal ein Auge zu und mache doch noch 4 daraus.^^<\/span><\/p>\n<p><img loading=\"lazy\" decoding=\"async\" class=\"size-full wp-image-132 aligncenter\" src=\"https:\/\/vollausgebucht.net\/wp-content\/uploads\/miezk.png\" alt=\"\" width=\"267\" height=\"45\" \/><\/p>\n<p><img loading=\"lazy\" decoding=\"async\" class=\"alignnone size-full wp-image-10565\" src=\"https:\/\/vollausgebucht.net\/wp-content\/uploads\/nach-mir-die-angst-2.png\" alt=\"\" width=\"700\" height=\"350\" srcset=\"https:\/\/vollausgebucht.net\/wp-content\/uploads\/nach-mir-die-angst-2.png 700w, https:\/\/vollausgebucht.net\/wp-content\/uploads\/nach-mir-die-angst-2-350x175.png 350w, https:\/\/vollausgebucht.net\/wp-content\/uploads\/nach-mir-die-angst-2-300x150.png 300w\" sizes=\"auto, (max-width: 700px) 100vw, 700px\" \/><\/p>\n<p><span style=\"font-family: georgia, palatino, serif; color: #000000;\">01. &#8222;Und mit mir die Dunkelheit&#8220;<\/span><br \/>\n<span style=\"font-family: georgia, palatino, serif; color: #3366ff;\">02. &#8222;Und mit mir die Angst&#8220;<\/span><br \/>\n<span style=\"font-family: georgia, palatino, serif; color: #000000;\">03. &#8222;Und mit mir die Unzucht&#8220;<\/span><\/p>\n","protected":false},"excerpt":{"rendered":"<p>&#8220; &#8230; \u00bbOkay, jetzt h\u00f6ren Sie mir zu. Diese Geschichte ist fast drei\u00dfig Jahre her. Die Polizei hat damals aufgegeben, da sie keine Beweise f\u00fcr ein Verbrechen finden konnten. Vermutlich ist Pfarrer Eden abgehauen, um sich ein neues Leben aufzubauen. <a class=\"more-link\" href=\"https:\/\/vollausgebucht.net\/?p=10567\">Weiterlesen\u00a0\u2026<\/a><\/p>\n","protected":false},"author":1,"featured_media":10564,"comment_status":"open","ping_status":"closed","sticky":false,"template":"","format":"standard","meta":{"sfsi_plus_gutenberg_text_before_share":"","sfsi_plus_gutenberg_show_text_before_share":"","sfsi_plus_gutenberg_icon_type":"","sfsi_plus_gutenberg_icon_alignemt":"","sfsi_plus_gutenburg_max_per_row":"","_monsterinsights_skip_tracking":false,"_monsterinsights_sitenote_active":false,"_monsterinsights_sitenote_note":"","_monsterinsights_sitenote_category":0,"footnotes":""},"categories":[5],"tags":[550,485,482,22,450,499,481,491,494,489,492,483,11,493,486,1210,487,490,59,495,16,484,6,47,1274,1275],"class_list":["post-10567","post","type-post","status-publish","format-standard","has-post-thumbnail","hentry","category-rezension","tag-bookish","tag-bookjunkie","tag-booklover","tag-booknerd","tag-books","tag-books-of-instagramm","tag-bookstagram","tag-bookstagram-germany","tag-buchblog","tag-buchblogger","tag-buecher","tag-buecherliebe","tag-buechersuechtig","tag-buecherwurm","tag-buchtipp","tag-daniel-leitner","tag-instabooks","tag-leseliebe","tag-leseliste","tag-lesen","tag-leseratte","tag-reading","tag-rezension","tag-thriller","tag-und-nach-mir-die-angst","tag-velvet-cove"],"yoast_head":"<!-- This site is optimized with the Yoast SEO plugin v27.5 - https:\/\/yoast.com\/product\/yoast-seo-wordpress\/ -->\n<title>&quot;Und mit mir die Angst&quot; - Daniel Leitner - Voll ausgebucht<\/title>\n<meta name=\"robots\" content=\"index, follow, max-snippet:-1, max-image-preview:large, max-video-preview:-1\" \/>\n<link rel=\"canonical\" href=\"https:\/\/vollausgebucht.net\/?p=10567\" \/>\n<meta property=\"og:locale\" content=\"de_DE\" \/>\n<meta property=\"og:type\" content=\"article\" \/>\n<meta property=\"og:title\" content=\"&quot;Und mit mir die Angst&quot; - Daniel Leitner - Voll ausgebucht\" \/>\n<meta property=\"og:description\" content=\"&#8220; &#8230; \u00bbOkay, jetzt h\u00f6ren Sie mir zu. Diese Geschichte ist fast drei\u00dfig Jahre her. Die Polizei hat damals aufgegeben, da sie keine Beweise f\u00fcr ein Verbrechen finden konnten. Vermutlich ist Pfarrer Eden abgehauen, um sich ein neues Leben aufzubauen. Weiterlesen\u00a0\u2026\" \/>\n<meta property=\"og:url\" content=\"https:\/\/vollausgebucht.net\/?p=10567\" \/>\n<meta property=\"og:site_name\" content=\"Voll ausgebucht\" \/>\n<meta property=\"article:published_time\" content=\"2022-11-10T19:46:50+00:00\" \/>\n<meta property=\"article:modified_time\" content=\"2023-10-12T14:48:08+00:00\" \/>\n<meta property=\"og:image\" content=\"https:\/\/vollausgebucht.net\/wp-content\/uploads\/rezi-und-mit-mir-die-angst.png\" \/>\n\t<meta property=\"og:image:width\" content=\"700\" \/>\n\t<meta property=\"og:image:height\" content=\"330\" \/>\n\t<meta property=\"og:image:type\" content=\"image\/png\" \/>\n<meta name=\"author\" content=\"DesKing\" \/>\n<script type=\"application\/ld+json\" class=\"yoast-schema-graph\">{\"@context\":\"https:\\\/\\\/schema.org\",\"@graph\":[{\"@type\":\"Article\",\"@id\":\"https:\\\/\\\/vollausgebucht.net\\\/?p=10567#article\",\"isPartOf\":{\"@id\":\"https:\\\/\\\/vollausgebucht.net\\\/?p=10567\"},\"author\":{\"name\":\"DesKing\",\"@id\":\"https:\\\/\\\/vollausgebucht.net\\\/#\\\/schema\\\/person\\\/a4c2c6f703cf1bac8cf4974558e405c6\"},\"headline\":\"&#8222;Und mit mir die Angst&#8220; &#8211; Daniel Leitner\",\"datePublished\":\"2022-11-10T19:46:50+00:00\",\"dateModified\":\"2023-10-12T14:48:08+00:00\",\"mainEntityOfPage\":{\"@id\":\"https:\\\/\\\/vollausgebucht.net\\\/?p=10567\"},\"wordCount\":689,\"commentCount\":0,\"publisher\":{\"@id\":\"https:\\\/\\\/vollausgebucht.net\\\/#\\\/schema\\\/person\\\/a4c2c6f703cf1bac8cf4974558e405c6\"},\"image\":{\"@id\":\"https:\\\/\\\/vollausgebucht.net\\\/?p=10567#primaryimage\"},\"thumbnailUrl\":\"https:\\\/\\\/vollausgebucht.net\\\/wp-content\\\/uploads\\\/rezi-und-mit-mir-die-angst.png\",\"keywords\":[\"Bookish\",\"Bookjunkie\",\"Booklover\",\"Booknerd\",\"Books\",\"Books of Instagramm\",\"Bookstagram\",\"Bookstagram Germany\",\"Buchblog\",\"Buchblogger\",\"B\u00fccher\",\"B\u00fccherliebe\",\"B\u00fcchers\u00fcchtig\",\"B\u00fccherwurm\",\"Buchtipp\",\"Daniel Leitner\",\"Instabooks\",\"Leseliebe\",\"Leseliste\",\"Lesen\",\"Leseratte\",\"Reading\",\"Rezension\",\"Thriller\",\"Und nach mir die Angst\",\"Velvet Cove\"],\"articleSection\":[\"Rezension\"],\"inLanguage\":\"de\",\"potentialAction\":[{\"@type\":\"CommentAction\",\"name\":\"Comment\",\"target\":[\"https:\\\/\\\/vollausgebucht.net\\\/?p=10567#respond\"]}]},{\"@type\":\"WebPage\",\"@id\":\"https:\\\/\\\/vollausgebucht.net\\\/?p=10567\",\"url\":\"https:\\\/\\\/vollausgebucht.net\\\/?p=10567\",\"name\":\"\\\"Und mit mir die Angst\\\" - Daniel Leitner - Voll ausgebucht\",\"isPartOf\":{\"@id\":\"https:\\\/\\\/vollausgebucht.net\\\/#website\"},\"primaryImageOfPage\":{\"@id\":\"https:\\\/\\\/vollausgebucht.net\\\/?p=10567#primaryimage\"},\"image\":{\"@id\":\"https:\\\/\\\/vollausgebucht.net\\\/?p=10567#primaryimage\"},\"thumbnailUrl\":\"https:\\\/\\\/vollausgebucht.net\\\/wp-content\\\/uploads\\\/rezi-und-mit-mir-die-angst.png\",\"datePublished\":\"2022-11-10T19:46:50+00:00\",\"dateModified\":\"2023-10-12T14:48:08+00:00\",\"breadcrumb\":{\"@id\":\"https:\\\/\\\/vollausgebucht.net\\\/?p=10567#breadcrumb\"},\"inLanguage\":\"de\",\"potentialAction\":[{\"@type\":\"ReadAction\",\"target\":[\"https:\\\/\\\/vollausgebucht.net\\\/?p=10567\"]}]},{\"@type\":\"ImageObject\",\"inLanguage\":\"de\",\"@id\":\"https:\\\/\\\/vollausgebucht.net\\\/?p=10567#primaryimage\",\"url\":\"https:\\\/\\\/vollausgebucht.net\\\/wp-content\\\/uploads\\\/rezi-und-mit-mir-die-angst.png\",\"contentUrl\":\"https:\\\/\\\/vollausgebucht.net\\\/wp-content\\\/uploads\\\/rezi-und-mit-mir-die-angst.png\",\"width\":700,\"height\":330},{\"@type\":\"BreadcrumbList\",\"@id\":\"https:\\\/\\\/vollausgebucht.net\\\/?p=10567#breadcrumb\",\"itemListElement\":[{\"@type\":\"ListItem\",\"position\":1,\"name\":\"Startseite\",\"item\":\"https:\\\/\\\/vollausgebucht.net\\\/\"},{\"@type\":\"ListItem\",\"position\":2,\"name\":\"&#8222;Und mit mir die Angst&#8220; &#8211; Daniel Leitner\"}]},{\"@type\":\"WebSite\",\"@id\":\"https:\\\/\\\/vollausgebucht.net\\\/#website\",\"url\":\"https:\\\/\\\/vollausgebucht.net\\\/\",\"name\":\"Voll ausgebucht\",\"description\":\"\",\"publisher\":{\"@id\":\"https:\\\/\\\/vollausgebucht.net\\\/#\\\/schema\\\/person\\\/a4c2c6f703cf1bac8cf4974558e405c6\"},\"potentialAction\":[{\"@type\":\"SearchAction\",\"target\":{\"@type\":\"EntryPoint\",\"urlTemplate\":\"https:\\\/\\\/vollausgebucht.net\\\/?s={search_term_string}\"},\"query-input\":{\"@type\":\"PropertyValueSpecification\",\"valueRequired\":true,\"valueName\":\"search_term_string\"}}],\"inLanguage\":\"de\"},{\"@type\":[\"Person\",\"Organization\"],\"@id\":\"https:\\\/\\\/vollausgebucht.net\\\/#\\\/schema\\\/person\\\/a4c2c6f703cf1bac8cf4974558e405c6\",\"name\":\"DesKing\",\"logo\":{\"@id\":\"https:\\\/\\\/vollausgebucht.net\\\/#\\\/schema\\\/person\\\/image\\\/\"},\"sameAs\":[\"https:\\\/\\\/vollausgebucht.net\"],\"url\":\"https:\\\/\\\/vollausgebucht.net\\\/?author=1\"}]}<\/script>\n<!-- \/ Yoast SEO plugin. -->","yoast_head_json":{"title":"\"Und mit mir die Angst\" - Daniel Leitner - Voll ausgebucht","robots":{"index":"index","follow":"follow","max-snippet":"max-snippet:-1","max-image-preview":"max-image-preview:large","max-video-preview":"max-video-preview:-1"},"canonical":"https:\/\/vollausgebucht.net\/?p=10567","og_locale":"de_DE","og_type":"article","og_title":"\"Und mit mir die Angst\" - Daniel Leitner - Voll ausgebucht","og_description":"&#8220; &#8230; \u00bbOkay, jetzt h\u00f6ren Sie mir zu. Diese Geschichte ist fast drei\u00dfig Jahre her. Die Polizei hat damals aufgegeben, da sie keine Beweise f\u00fcr ein Verbrechen finden konnten. Vermutlich ist Pfarrer Eden abgehauen, um sich ein neues Leben aufzubauen. Weiterlesen\u00a0\u2026","og_url":"https:\/\/vollausgebucht.net\/?p=10567","og_site_name":"Voll ausgebucht","article_published_time":"2022-11-10T19:46:50+00:00","article_modified_time":"2023-10-12T14:48:08+00:00","og_image":[{"width":700,"height":330,"url":"https:\/\/vollausgebucht.net\/wp-content\/uploads\/rezi-und-mit-mir-die-angst.png","type":"image\/png"}],"author":"DesKing","schema":{"@context":"https:\/\/schema.org","@graph":[{"@type":"Article","@id":"https:\/\/vollausgebucht.net\/?p=10567#article","isPartOf":{"@id":"https:\/\/vollausgebucht.net\/?p=10567"},"author":{"name":"DesKing","@id":"https:\/\/vollausgebucht.net\/#\/schema\/person\/a4c2c6f703cf1bac8cf4974558e405c6"},"headline":"&#8222;Und mit mir die Angst&#8220; &#8211; Daniel Leitner","datePublished":"2022-11-10T19:46:50+00:00","dateModified":"2023-10-12T14:48:08+00:00","mainEntityOfPage":{"@id":"https:\/\/vollausgebucht.net\/?p=10567"},"wordCount":689,"commentCount":0,"publisher":{"@id":"https:\/\/vollausgebucht.net\/#\/schema\/person\/a4c2c6f703cf1bac8cf4974558e405c6"},"image":{"@id":"https:\/\/vollausgebucht.net\/?p=10567#primaryimage"},"thumbnailUrl":"https:\/\/vollausgebucht.net\/wp-content\/uploads\/rezi-und-mit-mir-die-angst.png","keywords":["Bookish","Bookjunkie","Booklover","Booknerd","Books","Books of Instagramm","Bookstagram","Bookstagram Germany","Buchblog","Buchblogger","B\u00fccher","B\u00fccherliebe","B\u00fcchers\u00fcchtig","B\u00fccherwurm","Buchtipp","Daniel Leitner","Instabooks","Leseliebe","Leseliste","Lesen","Leseratte","Reading","Rezension","Thriller","Und nach mir die Angst","Velvet Cove"],"articleSection":["Rezension"],"inLanguage":"de","potentialAction":[{"@type":"CommentAction","name":"Comment","target":["https:\/\/vollausgebucht.net\/?p=10567#respond"]}]},{"@type":"WebPage","@id":"https:\/\/vollausgebucht.net\/?p=10567","url":"https:\/\/vollausgebucht.net\/?p=10567","name":"\"Und mit mir die Angst\" - Daniel Leitner - Voll ausgebucht","isPartOf":{"@id":"https:\/\/vollausgebucht.net\/#website"},"primaryImageOfPage":{"@id":"https:\/\/vollausgebucht.net\/?p=10567#primaryimage"},"image":{"@id":"https:\/\/vollausgebucht.net\/?p=10567#primaryimage"},"thumbnailUrl":"https:\/\/vollausgebucht.net\/wp-content\/uploads\/rezi-und-mit-mir-die-angst.png","datePublished":"2022-11-10T19:46:50+00:00","dateModified":"2023-10-12T14:48:08+00:00","breadcrumb":{"@id":"https:\/\/vollausgebucht.net\/?p=10567#breadcrumb"},"inLanguage":"de","potentialAction":[{"@type":"ReadAction","target":["https:\/\/vollausgebucht.net\/?p=10567"]}]},{"@type":"ImageObject","inLanguage":"de","@id":"https:\/\/vollausgebucht.net\/?p=10567#primaryimage","url":"https:\/\/vollausgebucht.net\/wp-content\/uploads\/rezi-und-mit-mir-die-angst.png","contentUrl":"https:\/\/vollausgebucht.net\/wp-content\/uploads\/rezi-und-mit-mir-die-angst.png","width":700,"height":330},{"@type":"BreadcrumbList","@id":"https:\/\/vollausgebucht.net\/?p=10567#breadcrumb","itemListElement":[{"@type":"ListItem","position":1,"name":"Startseite","item":"https:\/\/vollausgebucht.net\/"},{"@type":"ListItem","position":2,"name":"&#8222;Und mit mir die Angst&#8220; &#8211; Daniel Leitner"}]},{"@type":"WebSite","@id":"https:\/\/vollausgebucht.net\/#website","url":"https:\/\/vollausgebucht.net\/","name":"Voll ausgebucht","description":"","publisher":{"@id":"https:\/\/vollausgebucht.net\/#\/schema\/person\/a4c2c6f703cf1bac8cf4974558e405c6"},"potentialAction":[{"@type":"SearchAction","target":{"@type":"EntryPoint","urlTemplate":"https:\/\/vollausgebucht.net\/?s={search_term_string}"},"query-input":{"@type":"PropertyValueSpecification","valueRequired":true,"valueName":"search_term_string"}}],"inLanguage":"de"},{"@type":["Person","Organization"],"@id":"https:\/\/vollausgebucht.net\/#\/schema\/person\/a4c2c6f703cf1bac8cf4974558e405c6","name":"DesKing","logo":{"@id":"https:\/\/vollausgebucht.net\/#\/schema\/person\/image\/"},"sameAs":["https:\/\/vollausgebucht.net"],"url":"https:\/\/vollausgebucht.net\/?author=1"}]}},"_links":{"self":[{"href":"https:\/\/vollausgebucht.net\/index.php?rest_route=\/wp\/v2\/posts\/10567","targetHints":{"allow":["GET"]}}],"collection":[{"href":"https:\/\/vollausgebucht.net\/index.php?rest_route=\/wp\/v2\/posts"}],"about":[{"href":"https:\/\/vollausgebucht.net\/index.php?rest_route=\/wp\/v2\/types\/post"}],"author":[{"embeddable":true,"href":"https:\/\/vollausgebucht.net\/index.php?rest_route=\/wp\/v2\/users\/1"}],"replies":[{"embeddable":true,"href":"https:\/\/vollausgebucht.net\/index.php?rest_route=%2Fwp%2Fv2%2Fcomments&post=10567"}],"version-history":[{"count":0,"href":"https:\/\/vollausgebucht.net\/index.php?rest_route=\/wp\/v2\/posts\/10567\/revisions"}],"wp:featuredmedia":[{"embeddable":true,"href":"https:\/\/vollausgebucht.net\/index.php?rest_route=\/wp\/v2\/media\/10564"}],"wp:attachment":[{"href":"https:\/\/vollausgebucht.net\/index.php?rest_route=%2Fwp%2Fv2%2Fmedia&parent=10567"}],"wp:term":[{"taxonomy":"category","embeddable":true,"href":"https:\/\/vollausgebucht.net\/index.php?rest_route=%2Fwp%2Fv2%2Fcategories&post=10567"},{"taxonomy":"post_tag","embeddable":true,"href":"https:\/\/vollausgebucht.net\/index.php?rest_route=%2Fwp%2Fv2%2Ftags&post=10567"}],"curies":[{"name":"wp","href":"https:\/\/api.w.org\/{rel}","templated":true}]}}