{"id":11304,"date":"2022-12-23T21:00:12","date_gmt":"2022-12-23T21:00:12","guid":{"rendered":"https:\/\/vollausgebucht.net\/?p=11304"},"modified":"2022-12-27T22:22:40","modified_gmt":"2022-12-27T22:22:40","slug":"die-grimm-chroniken-16-der-dornenprinz-maya-shepherd","status":"publish","type":"post","link":"https:\/\/vollausgebucht.net\/?p=11304","title":{"rendered":"\u201eDie Grimm-Chroniken 16: Der Dornenprinz\u201c \u2013 Maya Shepherd"},"content":{"rendered":"<blockquote><p><span style=\"color: #ffffff;\"><span style=\"font-family: georgia, palatino, serif;\"><em>&#8220; &#8230; Vlad schob die Pfeife in seine Richtung. \u00bbNehmt sie und \u00fcbermittelt den Vergessenen Sieben mein Angebot. Wenn sie bereit sind, es anzunehmen, stehen ihnen meine Tore offen. Bis dahin wird das h\u00fcbsche Fr\u00e4ulein mein Ehrengast sein\u00ab<br \/>\n<\/em><\/span><em>Er zwinkerte Maggy verschw\u00f6rerisch zu, was sie fr\u00f6steln lie\u00df. (Seite 31)<\/em><\/span><\/p><\/blockquote>\n<p><img loading=\"lazy\" decoding=\"async\" class=\" wp-image-291 aligncenter\" src=\"https:\/\/vollausgebucht.net\/wp-content\/uploads\/2020\/05\/klap.png\" alt=\"\" width=\"112\" height=\"31\" \/><\/p>\n<p style=\"text-align: center;\"><span style=\"font-family: georgia, palatino, serif; color: #000000;\">Eine Seele, die einmal mit dem B\u00f6sen in Ber\u00fchrung kommt, gilt f\u00fcr immer als verloren.<\/span><br \/>\n<span style=\"font-family: georgia, palatino, serif; color: #000000;\">Dennoch ist es unm\u00f6glich, sich vor ihm zu verschlie\u00dfen, denn das B\u00f6se findet immer einen Weg zu den Menschen. Es hat viele Gesichter und kann in jeder Erscheinungsform auftreten, selbst mit einer winzigen rosa Nasenspitze, die lustig hin und her wackelt, wenn es sein Schn\u00e4uzchen in die Luft reckt.<\/span><br \/>\n<span style=\"font-family: georgia, palatino, serif; color: #000000;\">Kein Haus, nicht einmal ein Schloss, ist vor dem B\u00f6sen sicher.<\/span><\/p>\n<p><img loading=\"lazy\" decoding=\"async\" class=\"size-full wp-image-128 aligncenter\" src=\"https:\/\/vollausgebucht.net\/wp-content\/uploads\/daru.png\" alt=\"\" width=\"122\" height=\"35\" \/><span style=\"font-family: georgia, palatino, serif; color: #000000;\">Nachdem im letzten Band Arian, Ember, Margery, Philipp und Will endlich Lavena gefunden haben, und auch noch Simonja aufgetaucht ist, geht es in Band 16 erstmal mit Maggy und Jacob weiter, die von Berlin nach K\u00f6nigswinter gereist sind. Im Lebkuchenhaus finden sie ein Feuer das noch warm ist, wer immer also vor ihnen da war, sie m\u00fcssen ihn knapp verpasst haben und so f\u00fchrt sie ihr Weg zum Schloss. Dort wartet jedoch schon Vlad auf sie und schl\u00e4gt ihnen einen Deal vor.<\/span><\/p>\n<p><img loading=\"lazy\" decoding=\"async\" class=\"alignnone size-full wp-image-11306\" src=\"https:\/\/vollausgebucht.net\/wp-content\/uploads\/gc-16-1.png\" alt=\"\" width=\"700\" height=\"700\" srcset=\"https:\/\/vollausgebucht.net\/wp-content\/uploads\/gc-16-1.png 700w, https:\/\/vollausgebucht.net\/wp-content\/uploads\/gc-16-1-350x350.png 350w, https:\/\/vollausgebucht.net\/wp-content\/uploads\/gc-16-1-150x150.png 150w\" sizes=\"auto, (max-width: 700px) 100vw, 700px\" \/><\/p>\n<p><span style=\"font-family: georgia, palatino, serif;\"><img loading=\"lazy\" decoding=\"async\" class=\"size-full wp-image-125 aligncenter\" src=\"https:\/\/vollausgebucht.net\/wp-content\/uploads\/meine-meinung.png\" alt=\"\" width=\"146\" height=\"32\" \/><\/span><\/p>\n<p><span style=\"font-family: georgia, palatino, serif; color: #000000;\">Band 15 endete mit Rosalie, in &#8222;Der Dornenprinz&#8220; geht es zuerst einmal mit Maggy und Jacob weiter, die nach ihrer Flucht aus dem Krankenhaus in K\u00f6nigswinter angekommen sind und dort bereits von Vlad erwartet werden. Der will ihnen allerdings nicht ans Leder, sondern schl\u00e4gt ihnen eine Zusammenarbeit vor,\u00a0 immerhin haben sie beide den gleichen Feind. Und wie hei\u00dft es doch so sch\u00f6n? Der Feind meines Feindes &#8230; Aber kann man einem Vampir trauen?<br \/>\nBis auf eine paar kleine R\u00fcckblicke spielt das Buch diesmal fast durchg\u00e4ngig im Jahr 2012, abgesehen von Vlads Geschichte, die 1284 angesiedelt ist. Ja, es gibt endlich mehr zum d\u00fcsteren Herrscher der Vampire und nat\u00fcrlich l\u00e4sst dieses Wissen ihn im Nachhinein in einem etwas anderen Licht erscheinen, aber das kennt man ja inzwischen bereits.^^<\/span><\/p>\n<p><span style=\"font-family: georgia, palatino, serif; color: #000000;\">&#8222;Gut und B\u00f6se lie\u00df sich nicht klar voneinander trennen, weil beides einander beeinflusste &#8211; keines konnte ohne das andere existieren.&#8220; (Seite 118)<\/span><\/p>\n<p><span style=\"font-family: georgia, palatino, serif; color: #000000;\">Maya Shepherd greift au\u00dferdem erneut ein bekanntes M\u00e4rchen auf und verkn\u00fcpft es gekonnt mit Vlads Vergangenheit. Au\u00dfer ihm ist noch jemand in diese Geschehnisse verwickelt und nebenbei gibt es wieder eine kleine Geschichtslektion, denn in diesem Jahr w\u00fctete die Pest. Sie forderte unz\u00e4hlige Opfer und keiner konnte sagen, woher die Krankheit kam. War sie eine Strafe, ein Fluch? Und wenn ja, wof\u00fcr?<br \/>\nDoch die Autorin widmet sich nicht nur M\u00e4rchen und Geschichte, sondern mit Ember und deren aufdringlichen Stiefbruder Roman auch einem sehr ernsten Thema, das zwischendurch immer wieder zur Sprache kommt. Sexuelle \u00dcbergriffe sind kein Kavaliersdelikt und ehrlich gesagt wundert es mich ein bisschen, dass Ember bisher nicht wirklich etwas dagegen unternommen hat.<br \/>\n<\/span><\/p>\n<p><img loading=\"lazy\" decoding=\"async\" class=\"size-full wp-image-298 aligncenter\" src=\"https:\/\/vollausgebucht.net\/wp-content\/uploads\/2020\/05\/fazit2.png\" alt=\"\" width=\"58\" height=\"28\" \/><\/p>\n<p><span style=\"font-family: georgia, palatino, serif; color: #000000;\">Oh man, am Ende \u00fcberschlagen sich die Ereignisse und lassen mich entsetzt zur\u00fcck. Was zur H\u00f6lle? Nun muss ich einfach schnellstm\u00f6glich zum n\u00e4chsten Band greifen, ein schlauer Schachzug. Trotzdem bin ich nach wie vor ein wenig geschockt. Ernsthaft jetzt? Ich kann es noch nicht so ganz glauben und habe tats\u00e4chlich noch ein wenig Hoffnung &#8230;^^<br \/>\nBis zu diesem Punkt hat mich die Geschichte wie immer gut unterhalten, vor allem, weil es endlich Hintergrundwissen zu Vlad gibt, der ja bisher immer der ultimative B\u00f6sewicht war. Dar\u00fcber hinaus nat\u00fcrlich auch, aber ich musste eben erstmal schlucken, weil es mir dann doch etwas nahe ging. Allein schon vergebe ich, wie schon f\u00fcr die Vorg\u00e4nger, 4 von 5 Miezekatzen.<br \/>\n<\/span><\/p>\n<p><img loading=\"lazy\" decoding=\"async\" class=\"size-full wp-image-132 aligncenter\" src=\"https:\/\/vollausgebucht.net\/wp-content\/uploads\/miezk.png\" alt=\"\" width=\"267\" height=\"45\" \/><\/p>\n<p><img loading=\"lazy\" decoding=\"async\" class=\"alignnone size-full wp-image-11307\" src=\"https:\/\/vollausgebucht.net\/wp-content\/uploads\/gc-16-2.png\" alt=\"\" width=\"700\" height=\"350\" srcset=\"https:\/\/vollausgebucht.net\/wp-content\/uploads\/gc-16-2.png 700w, https:\/\/vollausgebucht.net\/wp-content\/uploads\/gc-16-2-350x175.png 350w, https:\/\/vollausgebucht.net\/wp-content\/uploads\/gc-16-2-300x150.png 300w\" sizes=\"auto, (max-width: 700px) 100vw, 700px\" \/><\/p>\n<p><span style=\"text-decoration: underline; color: #000000;\"><a style=\"color: #000000; text-decoration: underline;\" href=\"https:\/\/vollausgebucht.net\/?p=3387\"><span style=\"font-family: georgia, palatino, serif;\">01. &#8222;Die Apfelprinzessin&#8220;<\/span><\/a><\/span><br \/>\n<span style=\"text-decoration: underline;\"><span style=\"color: #000000; text-decoration: underline;\"><a style=\"color: #000000; text-decoration: underline;\" href=\"https:\/\/vollausgebucht.net\/?p=3389\"><span style=\"font-family: georgia, palatino, serif;\">02. &#8222;Asche, Blut und Schnee&#8220;<\/span><\/a><\/span><\/span><br \/>\n<span style=\"text-decoration: underline;\"><span style=\"color: #000000; text-decoration: underline;\"><a style=\"color: #000000; text-decoration: underline;\" href=\"https:\/\/vollausgebucht.net\/?p=3398\"><span style=\"font-family: georgia, palatino, serif;\">03. &#8222;Der schlafende Tod&#8220;<\/span><\/a><\/span><\/span><br \/>\n<span style=\"text-decoration: underline;\"><span style=\"color: #000000; text-decoration: underline;\"><a style=\"color: #000000; text-decoration: underline;\" href=\"https:\/\/vollausgebucht.net\/?p=3917\"><span style=\"font-family: georgia, palatino, serif;\">04. &#8222;Der Gesang der Sirenen&#8220;<\/span><\/a><\/span><\/span><br \/>\n<span style=\"text-decoration: underline;\"><span style=\"color: #000000; text-decoration: underline;\"><a style=\"color: #000000; text-decoration: underline;\" href=\"https:\/\/vollausgebucht.net\/?p=3924\"><span style=\"font-family: georgia, palatino, serif;\">05. &#8222;Der goldene Apfel&#8220;<\/span><\/a><\/span><\/span><br \/>\n<span style=\"text-decoration: underline;\"><span style=\"color: #000000; text-decoration: underline;\"><a style=\"color: #000000; text-decoration: underline;\" href=\"https:\/\/vollausgebucht.net\/?p=4192\"><span style=\"font-family: georgia, palatino, serif;\">06. &#8222;Der Tanz der verlorenen Seelen&#8220;<\/span><\/a><\/span><\/span><br \/>\n<span style=\"text-decoration: underline; color: #000000;\"><a style=\"color: #000000; text-decoration: underline;\" href=\"https:\/\/vollausgebucht.net\/?p=5061\"><span style=\"font-family: georgia, palatino, serif;\">07. &#8222;Das Aschem\u00e4dchen&#8220;<\/span><\/a><\/span><br \/>\n<span style=\"text-decoration: underline;\"><span style=\"color: #000000; text-decoration: underline;\"><a style=\"color: #000000; text-decoration: underline;\" href=\"https:\/\/vollausgebucht.net\/?p=5543\"><span style=\"font-family: georgia, palatino, serif;\">08. &#8222;Dornen, Rosen und Federn&#8220;<\/span><\/a><\/span><\/span><br \/>\n<span style=\"text-decoration: underline;\"><span style=\"color: #000000; text-decoration: underline;\"><a style=\"color: #000000; text-decoration: underline;\" href=\"https:\/\/vollausgebucht.net\/?p=5726\"><span style=\"font-family: georgia, palatino, serif;\">09. &#8222;Die verbotene Farbe&#8220;<\/span><\/a><\/span><\/span><br \/>\n<span style=\"color: #000000;\"><a style=\"color: #000000; text-decoration: underline;\" href=\"https:\/\/vollausgebucht.net\/?p=6076\"><span style=\"font-family: georgia, palatino, serif;\"><span style=\"color: #000000; text-decoration: underline;\">10. &#8222;Der schwarze Spiegel&#8220;<\/span><\/span><\/a><\/span><br \/>\n<span style=\"text-decoration: underline; color: #000000;\"><a style=\"color: #000000; text-decoration: underline;\" href=\"https:\/\/vollausgebucht.net\/?p=7404\"><span style=\"font-family: georgia, palatino, serif;\">11. &#8222;Tr\u00e4ume aus Gold und Stroh&#8220;<\/span><\/a><\/span><br \/>\n<span style=\"text-decoration: underline;\"><span style=\"color: #000000; text-decoration: underline;\"><a style=\"color: #000000; text-decoration: underline;\" href=\"https:\/\/vollausgebucht.net\/?p=7904\"><span style=\"font-family: georgia, palatino, serif;\">12. &#8222;Das Mondm\u00e4dchen&#8220;<\/span><\/a><\/span><\/span><br \/>\n<span style=\"text-decoration: underline;\"><span style=\"color: #000000; text-decoration: underline;\"><a style=\"color: #000000; text-decoration: underline;\" href=\"https:\/\/vollausgebucht.net\/?p=8821\"><span style=\"font-family: georgia, palatino, serif;\">13. &#8222;Die vergessenen Sieben&#8220;<\/span><\/a><\/span><\/span><br \/>\n<span style=\"text-decoration: underline;\"><span style=\"color: #000000; text-decoration: underline;\"><a style=\"color: #000000; text-decoration: underline;\" href=\"https:\/\/vollausgebucht.net\/?p=8985\"><span style=\"font-family: georgia, palatino, serif;\">14. &#8222;Der Sohn des Drachen&#8220;<\/span><\/a><\/span><\/span><br \/>\n<span style=\"text-decoration: underline;\"><span style=\"color: #000000; text-decoration: underline;\"><a style=\"color: #000000; text-decoration: underline;\" href=\"https:\/\/vollausgebucht.net\/?p=10368\"><span style=\"font-family: georgia, palatino, serif;\">15. &#8222;Rosenkuss und Dornenkrone&#8220;<\/span><\/a><\/span><\/span><br \/>\n<span style=\"font-family: georgia, palatino, serif; color: #3366ff;\">16. &#8222;Der Dornenprinz&#8220;<\/span><br \/>\n<span style=\"font-family: georgia, palatino, serif; color: #000000;\">17. &#8222;Wolfsblut im Sternenregen&#8220;<\/span><br \/>\n<span style=\"font-family: georgia, palatino, serif; color: #000000;\">18. &#8222;Unterhalb des Horizonts&#8220;<\/span><br \/>\n<span style=\"font-family: georgia, palatino, serif; color: #000000;\">19. &#8222;Hexenherz&#8220;<\/span><br \/>\n<span style=\"font-family: georgia, palatino, serif; color: #000000;\">20. &#8222;Der Spiegelball&#8220;<\/span><br \/>\n<span style=\"font-family: georgia, palatino, serif; color: #000000;\">21. &#8222;Blutrote Schwestern&#8220;<\/span><br \/>\n<span style=\"font-family: georgia, palatino, serif; color: #000000;\">22. &#8222;Der M\u00e4rchenschreiber&#8220;<\/span><br \/>\n<span style=\"font-family: georgia, palatino, serif; color: #000000;\">23. &#8222;Das Ungl\u00fcckskind&#8220;<\/span><br \/>\n<span style=\"font-family: georgia, palatino, serif; color: #000000;\">24. &#8222;Die Tochter des Todes&#8220;<\/span><br \/>\n<span style=\"font-family: georgia, palatino, serif; color: #000000;\">25. &#8222;Das Labyrinth der K\u00f6nigin&#8220;<\/span><br \/>\n<span style=\"font-family: georgia, palatino, serif; color: #000000;\">26. &#8222;Krieg der Farben&#8220; <\/span><\/p>\n","protected":false},"excerpt":{"rendered":"<p>&#8220; &#8230; Vlad schob die Pfeife in seine Richtung. \u00bbNehmt sie und \u00fcbermittelt den Vergessenen Sieben mein Angebot. Wenn sie bereit sind, es anzunehmen, stehen ihnen meine Tore offen. Bis dahin wird das h\u00fcbsche Fr\u00e4ulein mein Ehrengast sein\u00ab Er zwinkerte <a class=\"more-link\" href=\"https:\/\/vollausgebucht.net\/?p=11304\">Weiterlesen\u00a0\u2026<\/a><\/p>\n","protected":false},"author":1,"featured_media":11312,"comment_status":"open","ping_status":"closed","sticky":false,"template":"","format":"standard","meta":{"sfsi_plus_gutenberg_text_before_share":"","sfsi_plus_gutenberg_show_text_before_share":"","sfsi_plus_gutenberg_icon_type":"","sfsi_plus_gutenberg_icon_alignemt":"","sfsi_plus_gutenburg_max_per_row":"","_monsterinsights_skip_tracking":false,"_monsterinsights_sitenote_active":false,"_monsterinsights_sitenote_note":"","_monsterinsights_sitenote_category":0,"footnotes":""},"categories":[5],"tags":[23,550,485,482,22,450,499,481,491,1026,494,489,492,483,11,493,486,1325,497,487,490,495,16,317,707,500,484,6,501,817,378,236,7],"class_list":["post-11304","post","type-post","status-publish","format-standard","has-post-thumbnail","hentry","category-rezension","tag-blogger","tag-bookish","tag-bookjunkie","tag-booklover","tag-booknerd","tag-books","tag-books-of-instagramm","tag-bookstagram","tag-bookstagram-germany","tag-brueder-grimm","tag-buchblog","tag-buchblogger","tag-buecher","tag-buecherliebe","tag-buechersuechtig","tag-buecherwurm","tag-buchtipp","tag-der-dornenprinz","tag-die-grimm-chroniken","tag-instabooks","tag-leseliebe","tag-lesen","tag-leseratte","tag-maerchen","tag-maerchenadaption","tag-maya-shepherd","tag-reading","tag-rezension","tag-schneewittchen","tag-sternensand","tag-time-to-read","tag-vampire","tag-voll-ausgebucht"],"yoast_head":"<!-- This site is optimized with the Yoast SEO plugin v27.4 - https:\/\/yoast.com\/product\/yoast-seo-wordpress\/ -->\n<title>\u201eDie Grimm-Chroniken 16: Der Dornenprinz\u201c \u2013 Maya Shepherd - Voll ausgebucht<\/title>\n<meta name=\"robots\" content=\"index, follow, max-snippet:-1, max-image-preview:large, max-video-preview:-1\" \/>\n<link rel=\"canonical\" href=\"https:\/\/vollausgebucht.net\/?p=11304\" \/>\n<meta property=\"og:locale\" content=\"de_DE\" \/>\n<meta property=\"og:type\" content=\"article\" \/>\n<meta property=\"og:title\" content=\"\u201eDie Grimm-Chroniken 16: Der Dornenprinz\u201c \u2013 Maya Shepherd - Voll ausgebucht\" \/>\n<meta property=\"og:description\" content=\"&#8220; &#8230; Vlad schob die Pfeife in seine Richtung. \u00bbNehmt sie und \u00fcbermittelt den Vergessenen Sieben mein Angebot. Wenn sie bereit sind, es anzunehmen, stehen ihnen meine Tore offen. Bis dahin wird das h\u00fcbsche Fr\u00e4ulein mein Ehrengast sein\u00ab Er zwinkerte Weiterlesen\u00a0\u2026\" \/>\n<meta property=\"og:url\" content=\"https:\/\/vollausgebucht.net\/?p=11304\" \/>\n<meta property=\"og:site_name\" content=\"Voll ausgebucht\" \/>\n<meta property=\"article:published_time\" content=\"2022-12-23T21:00:12+00:00\" \/>\n<meta property=\"article:modified_time\" content=\"2022-12-27T22:22:40+00:00\" \/>\n<meta property=\"og:image\" content=\"https:\/\/vollausgebucht.net\/wp-content\/uploads\/rezi-gc-16-n.png\" \/>\n\t<meta property=\"og:image:width\" content=\"700\" \/>\n\t<meta property=\"og:image:height\" content=\"330\" \/>\n\t<meta property=\"og:image:type\" content=\"image\/png\" \/>\n<meta name=\"author\" content=\"DesKing\" \/>\n<script type=\"application\/ld+json\" class=\"yoast-schema-graph\">{\"@context\":\"https:\\\/\\\/schema.org\",\"@graph\":[{\"@type\":\"Article\",\"@id\":\"https:\\\/\\\/vollausgebucht.net\\\/?p=11304#article\",\"isPartOf\":{\"@id\":\"https:\\\/\\\/vollausgebucht.net\\\/?p=11304\"},\"author\":{\"name\":\"DesKing\",\"@id\":\"https:\\\/\\\/vollausgebucht.net\\\/#\\\/schema\\\/person\\\/a4c2c6f703cf1bac8cf4974558e405c6\"},\"headline\":\"\u201eDie Grimm-Chroniken 16: Der Dornenprinz\u201c \u2013 Maya Shepherd\",\"datePublished\":\"2022-12-23T21:00:12+00:00\",\"dateModified\":\"2022-12-27T22:22:40+00:00\",\"mainEntityOfPage\":{\"@id\":\"https:\\\/\\\/vollausgebucht.net\\\/?p=11304\"},\"wordCount\":706,\"commentCount\":0,\"publisher\":{\"@id\":\"https:\\\/\\\/vollausgebucht.net\\\/#\\\/schema\\\/person\\\/a4c2c6f703cf1bac8cf4974558e405c6\"},\"image\":{\"@id\":\"https:\\\/\\\/vollausgebucht.net\\\/?p=11304#primaryimage\"},\"thumbnailUrl\":\"https:\\\/\\\/vollausgebucht.net\\\/wp-content\\\/uploads\\\/rezi-gc-16-n.png\",\"keywords\":[\"Blogger\",\"Bookish\",\"Bookjunkie\",\"Booklover\",\"Booknerd\",\"Books\",\"Books of Instagramm\",\"Bookstagram\",\"Bookstagram Germany\",\"Br\u00fcder Grimm\",\"Buchblog\",\"Buchblogger\",\"B\u00fccher\",\"B\u00fccherliebe\",\"B\u00fcchers\u00fcchtig\",\"B\u00fccherwurm\",\"Buchtipp\",\"Der Dornenprinz\",\"Die Grimm Chroniken\",\"Instabooks\",\"Leseliebe\",\"Lesen\",\"Leseratte\",\"M\u00e4rchen\",\"M\u00e4rchenadaption\",\"Maya Shepherd\",\"Reading\",\"Rezension\",\"Schneewittchen\",\"Sternensand\",\"Time to read\",\"Vampire\",\"Voll ausgebucht\"],\"articleSection\":[\"Rezension\"],\"inLanguage\":\"de\",\"potentialAction\":[{\"@type\":\"CommentAction\",\"name\":\"Comment\",\"target\":[\"https:\\\/\\\/vollausgebucht.net\\\/?p=11304#respond\"]}]},{\"@type\":\"WebPage\",\"@id\":\"https:\\\/\\\/vollausgebucht.net\\\/?p=11304\",\"url\":\"https:\\\/\\\/vollausgebucht.net\\\/?p=11304\",\"name\":\"\u201eDie Grimm-Chroniken 16: Der Dornenprinz\u201c \u2013 Maya Shepherd - Voll ausgebucht\",\"isPartOf\":{\"@id\":\"https:\\\/\\\/vollausgebucht.net\\\/#website\"},\"primaryImageOfPage\":{\"@id\":\"https:\\\/\\\/vollausgebucht.net\\\/?p=11304#primaryimage\"},\"image\":{\"@id\":\"https:\\\/\\\/vollausgebucht.net\\\/?p=11304#primaryimage\"},\"thumbnailUrl\":\"https:\\\/\\\/vollausgebucht.net\\\/wp-content\\\/uploads\\\/rezi-gc-16-n.png\",\"datePublished\":\"2022-12-23T21:00:12+00:00\",\"dateModified\":\"2022-12-27T22:22:40+00:00\",\"breadcrumb\":{\"@id\":\"https:\\\/\\\/vollausgebucht.net\\\/?p=11304#breadcrumb\"},\"inLanguage\":\"de\",\"potentialAction\":[{\"@type\":\"ReadAction\",\"target\":[\"https:\\\/\\\/vollausgebucht.net\\\/?p=11304\"]}]},{\"@type\":\"ImageObject\",\"inLanguage\":\"de\",\"@id\":\"https:\\\/\\\/vollausgebucht.net\\\/?p=11304#primaryimage\",\"url\":\"https:\\\/\\\/vollausgebucht.net\\\/wp-content\\\/uploads\\\/rezi-gc-16-n.png\",\"contentUrl\":\"https:\\\/\\\/vollausgebucht.net\\\/wp-content\\\/uploads\\\/rezi-gc-16-n.png\",\"width\":700,\"height\":330},{\"@type\":\"BreadcrumbList\",\"@id\":\"https:\\\/\\\/vollausgebucht.net\\\/?p=11304#breadcrumb\",\"itemListElement\":[{\"@type\":\"ListItem\",\"position\":1,\"name\":\"Startseite\",\"item\":\"https:\\\/\\\/vollausgebucht.net\\\/\"},{\"@type\":\"ListItem\",\"position\":2,\"name\":\"\u201eDie Grimm-Chroniken 16: Der Dornenprinz\u201c \u2013 Maya Shepherd\"}]},{\"@type\":\"WebSite\",\"@id\":\"https:\\\/\\\/vollausgebucht.net\\\/#website\",\"url\":\"https:\\\/\\\/vollausgebucht.net\\\/\",\"name\":\"Voll ausgebucht\",\"description\":\"\",\"publisher\":{\"@id\":\"https:\\\/\\\/vollausgebucht.net\\\/#\\\/schema\\\/person\\\/a4c2c6f703cf1bac8cf4974558e405c6\"},\"potentialAction\":[{\"@type\":\"SearchAction\",\"target\":{\"@type\":\"EntryPoint\",\"urlTemplate\":\"https:\\\/\\\/vollausgebucht.net\\\/?s={search_term_string}\"},\"query-input\":{\"@type\":\"PropertyValueSpecification\",\"valueRequired\":true,\"valueName\":\"search_term_string\"}}],\"inLanguage\":\"de\"},{\"@type\":[\"Person\",\"Organization\"],\"@id\":\"https:\\\/\\\/vollausgebucht.net\\\/#\\\/schema\\\/person\\\/a4c2c6f703cf1bac8cf4974558e405c6\",\"name\":\"DesKing\",\"logo\":{\"@id\":\"https:\\\/\\\/vollausgebucht.net\\\/#\\\/schema\\\/person\\\/image\\\/\"},\"sameAs\":[\"https:\\\/\\\/vollausgebucht.net\"],\"url\":\"https:\\\/\\\/vollausgebucht.net\\\/?author=1\"}]}<\/script>\n<!-- \/ Yoast SEO plugin. -->","yoast_head_json":{"title":"\u201eDie Grimm-Chroniken 16: Der Dornenprinz\u201c \u2013 Maya Shepherd - Voll ausgebucht","robots":{"index":"index","follow":"follow","max-snippet":"max-snippet:-1","max-image-preview":"max-image-preview:large","max-video-preview":"max-video-preview:-1"},"canonical":"https:\/\/vollausgebucht.net\/?p=11304","og_locale":"de_DE","og_type":"article","og_title":"\u201eDie Grimm-Chroniken 16: Der Dornenprinz\u201c \u2013 Maya Shepherd - Voll ausgebucht","og_description":"&#8220; &#8230; Vlad schob die Pfeife in seine Richtung. \u00bbNehmt sie und \u00fcbermittelt den Vergessenen Sieben mein Angebot. Wenn sie bereit sind, es anzunehmen, stehen ihnen meine Tore offen. Bis dahin wird das h\u00fcbsche Fr\u00e4ulein mein Ehrengast sein\u00ab Er zwinkerte Weiterlesen\u00a0\u2026","og_url":"https:\/\/vollausgebucht.net\/?p=11304","og_site_name":"Voll ausgebucht","article_published_time":"2022-12-23T21:00:12+00:00","article_modified_time":"2022-12-27T22:22:40+00:00","og_image":[{"width":700,"height":330,"url":"https:\/\/vollausgebucht.net\/wp-content\/uploads\/rezi-gc-16-n.png","type":"image\/png"}],"author":"DesKing","schema":{"@context":"https:\/\/schema.org","@graph":[{"@type":"Article","@id":"https:\/\/vollausgebucht.net\/?p=11304#article","isPartOf":{"@id":"https:\/\/vollausgebucht.net\/?p=11304"},"author":{"name":"DesKing","@id":"https:\/\/vollausgebucht.net\/#\/schema\/person\/a4c2c6f703cf1bac8cf4974558e405c6"},"headline":"\u201eDie Grimm-Chroniken 16: Der Dornenprinz\u201c \u2013 Maya Shepherd","datePublished":"2022-12-23T21:00:12+00:00","dateModified":"2022-12-27T22:22:40+00:00","mainEntityOfPage":{"@id":"https:\/\/vollausgebucht.net\/?p=11304"},"wordCount":706,"commentCount":0,"publisher":{"@id":"https:\/\/vollausgebucht.net\/#\/schema\/person\/a4c2c6f703cf1bac8cf4974558e405c6"},"image":{"@id":"https:\/\/vollausgebucht.net\/?p=11304#primaryimage"},"thumbnailUrl":"https:\/\/vollausgebucht.net\/wp-content\/uploads\/rezi-gc-16-n.png","keywords":["Blogger","Bookish","Bookjunkie","Booklover","Booknerd","Books","Books of Instagramm","Bookstagram","Bookstagram Germany","Br\u00fcder Grimm","Buchblog","Buchblogger","B\u00fccher","B\u00fccherliebe","B\u00fcchers\u00fcchtig","B\u00fccherwurm","Buchtipp","Der Dornenprinz","Die Grimm Chroniken","Instabooks","Leseliebe","Lesen","Leseratte","M\u00e4rchen","M\u00e4rchenadaption","Maya Shepherd","Reading","Rezension","Schneewittchen","Sternensand","Time to read","Vampire","Voll ausgebucht"],"articleSection":["Rezension"],"inLanguage":"de","potentialAction":[{"@type":"CommentAction","name":"Comment","target":["https:\/\/vollausgebucht.net\/?p=11304#respond"]}]},{"@type":"WebPage","@id":"https:\/\/vollausgebucht.net\/?p=11304","url":"https:\/\/vollausgebucht.net\/?p=11304","name":"\u201eDie Grimm-Chroniken 16: Der Dornenprinz\u201c \u2013 Maya Shepherd - Voll ausgebucht","isPartOf":{"@id":"https:\/\/vollausgebucht.net\/#website"},"primaryImageOfPage":{"@id":"https:\/\/vollausgebucht.net\/?p=11304#primaryimage"},"image":{"@id":"https:\/\/vollausgebucht.net\/?p=11304#primaryimage"},"thumbnailUrl":"https:\/\/vollausgebucht.net\/wp-content\/uploads\/rezi-gc-16-n.png","datePublished":"2022-12-23T21:00:12+00:00","dateModified":"2022-12-27T22:22:40+00:00","breadcrumb":{"@id":"https:\/\/vollausgebucht.net\/?p=11304#breadcrumb"},"inLanguage":"de","potentialAction":[{"@type":"ReadAction","target":["https:\/\/vollausgebucht.net\/?p=11304"]}]},{"@type":"ImageObject","inLanguage":"de","@id":"https:\/\/vollausgebucht.net\/?p=11304#primaryimage","url":"https:\/\/vollausgebucht.net\/wp-content\/uploads\/rezi-gc-16-n.png","contentUrl":"https:\/\/vollausgebucht.net\/wp-content\/uploads\/rezi-gc-16-n.png","width":700,"height":330},{"@type":"BreadcrumbList","@id":"https:\/\/vollausgebucht.net\/?p=11304#breadcrumb","itemListElement":[{"@type":"ListItem","position":1,"name":"Startseite","item":"https:\/\/vollausgebucht.net\/"},{"@type":"ListItem","position":2,"name":"\u201eDie Grimm-Chroniken 16: Der Dornenprinz\u201c \u2013 Maya Shepherd"}]},{"@type":"WebSite","@id":"https:\/\/vollausgebucht.net\/#website","url":"https:\/\/vollausgebucht.net\/","name":"Voll ausgebucht","description":"","publisher":{"@id":"https:\/\/vollausgebucht.net\/#\/schema\/person\/a4c2c6f703cf1bac8cf4974558e405c6"},"potentialAction":[{"@type":"SearchAction","target":{"@type":"EntryPoint","urlTemplate":"https:\/\/vollausgebucht.net\/?s={search_term_string}"},"query-input":{"@type":"PropertyValueSpecification","valueRequired":true,"valueName":"search_term_string"}}],"inLanguage":"de"},{"@type":["Person","Organization"],"@id":"https:\/\/vollausgebucht.net\/#\/schema\/person\/a4c2c6f703cf1bac8cf4974558e405c6","name":"DesKing","logo":{"@id":"https:\/\/vollausgebucht.net\/#\/schema\/person\/image\/"},"sameAs":["https:\/\/vollausgebucht.net"],"url":"https:\/\/vollausgebucht.net\/?author=1"}]}},"_links":{"self":[{"href":"https:\/\/vollausgebucht.net\/index.php?rest_route=\/wp\/v2\/posts\/11304","targetHints":{"allow":["GET"]}}],"collection":[{"href":"https:\/\/vollausgebucht.net\/index.php?rest_route=\/wp\/v2\/posts"}],"about":[{"href":"https:\/\/vollausgebucht.net\/index.php?rest_route=\/wp\/v2\/types\/post"}],"author":[{"embeddable":true,"href":"https:\/\/vollausgebucht.net\/index.php?rest_route=\/wp\/v2\/users\/1"}],"replies":[{"embeddable":true,"href":"https:\/\/vollausgebucht.net\/index.php?rest_route=%2Fwp%2Fv2%2Fcomments&post=11304"}],"version-history":[{"count":0,"href":"https:\/\/vollausgebucht.net\/index.php?rest_route=\/wp\/v2\/posts\/11304\/revisions"}],"wp:featuredmedia":[{"embeddable":true,"href":"https:\/\/vollausgebucht.net\/index.php?rest_route=\/wp\/v2\/media\/11312"}],"wp:attachment":[{"href":"https:\/\/vollausgebucht.net\/index.php?rest_route=%2Fwp%2Fv2%2Fmedia&parent=11304"}],"wp:term":[{"taxonomy":"category","embeddable":true,"href":"https:\/\/vollausgebucht.net\/index.php?rest_route=%2Fwp%2Fv2%2Fcategories&post=11304"},{"taxonomy":"post_tag","embeddable":true,"href":"https:\/\/vollausgebucht.net\/index.php?rest_route=%2Fwp%2Fv2%2Ftags&post=11304"}],"curies":[{"name":"wp","href":"https:\/\/api.w.org\/{rel}","templated":true}]}}