{"id":11426,"date":"2023-01-07T20:31:25","date_gmt":"2023-01-07T20:31:25","guid":{"rendered":"https:\/\/vollausgebucht.net\/?p=11426"},"modified":"2023-04-07T14:22:48","modified_gmt":"2023-04-07T14:22:48","slug":"the-dreaming-simon-spurrier-bilquis-evely","status":"publish","type":"post","link":"https:\/\/vollausgebucht.net\/?p=11426","title":{"rendered":"&#8222;The Dreaming: Band 1&#8220; &#8211; Simon Spurrier, Bilquis Evely, Abigail Larson"},"content":{"rendered":"<blockquote><p><span style=\"color: #ffffff;\"><em><span style=\"font-family: georgia, palatino, serif;\">&#8220; &#8230; \u00bbRaben sind bl\u00f6de Besserwisser und du redest mit der Luft, also verpiss dich. Ich bin nicht real.\u00ab<br \/>\n<\/span><\/em><em><span style=\"font-family: georgia, palatino, serif;\">\u00bbDora, he, dies ist das Traumland und hier kann niemand sagen wie real du bist, au\u00dfer dir selbst.\u00ab &#8230; &#8222;<\/span><\/em><\/span><\/p><\/blockquote>\n<p><img loading=\"lazy\" decoding=\"async\" class=\"size-full wp-image-291 aligncenter\" src=\"https:\/\/vollausgebucht.net\/wp-content\/uploads\/2020\/05\/klap.png\" alt=\"\" width=\"112\" height=\"31\" \/><\/p>\n<p style=\"text-align: center;\"><span style=\"font-family: georgia, palatino, serif; color: #000000;\">FINSTERNIS UND GEWALT IM TRAUMLAND<br \/>\nZerfall und Dunkelheit bedrohen das Reich der Tr\u00e4ume, dessen Herrscher Dream durch Abwesenheit gl\u00e4nzt. Daher m\u00fcssen sein Vertrauter Lucien und der vorlaute K\u00fcrbiskopf Merv daf\u00fcr sorgen, dass die Menschen weiterhin tr\u00e4umen. Doch welche Rolle spielt die monstr\u00f6se Dora, die alle Grenzen von Dreams Dom\u00e4ne \u00fcberwinden kann? Als ein wahrer Albtraum erscheint, um die Bewohner des Tr\u00e4umens zu richten und die Ordnung mit aller H\u00e4rte wiederherzustellen, eskalieren Finsternis und Gewalt \u2026 F\u00fcr das Traumland aus Neil Gaimans (American Gods) Comic-Klassiker und Fantasy-Meilenstein SANDMAN beginnt eine neue \u00c4ra, inszeniert von Simon Spurrier (SANDMAN UNIVERSE SPECIAL, Doctor Who) und Bilquis Evely (WONDER WOMAN).<\/span><\/p>\n<p><img loading=\"lazy\" decoding=\"async\" class=\"size-full wp-image-128 aligncenter\" src=\"https:\/\/vollausgebucht.net\/wp-content\/uploads\/daru.png\" alt=\"\" width=\"122\" height=\"35\" \/><\/p>\n<p><span style=\"font-family: georgia, palatino, serif; color: #000000;\">Unbekannte Kr\u00e4fte dringen ins Traumland ein und versuchen, die Herrschaft an sich zu rei\u00dfen.\u00a0<\/span><br \/>\n<span style=\"font-family: georgia, palatino, serif; color: #000000;\">Lucien versucht, seiner Aufgabe als Vertreter des Traumk\u00f6nigs gerecht zu werden, doch ihn plagen immer wieder Ged\u00e4chtnisverluste, w\u00e4hrend Merv sich nach F\u00fchrung sehnt und die Sache in die eigenen H\u00e4nde nimmt. Keine gute Idee &#8230;<\/span><br \/>\n<span style=\"font-family: georgia, palatino, serif; color: #000000;\">Um das Reich zu retten sind die Bewohner auf Dora angewiesen, von der niemand wei\u00df, wer sie ist und woher sie kommt, aber sie hat eine besondere F\u00e4higkeit, die sich als n\u00fctzlich erweisen k\u00f6nnte.\u00a0<\/span><\/p>\n<p><img loading=\"lazy\" decoding=\"async\" class=\"alignnone size-full wp-image-11428\" src=\"https:\/\/vollausgebucht.net\/wp-content\/uploads\/the-dreaming-1.png\" alt=\"\" width=\"700\" height=\"700\" srcset=\"https:\/\/vollausgebucht.net\/wp-content\/uploads\/the-dreaming-1.png 700w, https:\/\/vollausgebucht.net\/wp-content\/uploads\/the-dreaming-1-350x350.png 350w, https:\/\/vollausgebucht.net\/wp-content\/uploads\/the-dreaming-1-150x150.png 150w\" sizes=\"auto, (max-width: 700px) 100vw, 700px\" \/><\/p>\n<p><img loading=\"lazy\" decoding=\"async\" class=\"size-full wp-image-125 aligncenter\" src=\"https:\/\/vollausgebucht.net\/wp-content\/uploads\/meine-meinung.png\" alt=\"\" width=\"146\" height=\"32\" \/><\/p>\n<p><span style=\"font-family: georgia, palatino, serif; color: #000000;\">Kurz nachdem ich die &#8222;Sandman&#8220; Reihe beendet hatte, fehlten mir schon einige der Figuren, aber zum Gl\u00fcck gibt es ja noch ein paar andere Geschichten, die im selben Universum spielen. Eine davon ist <span style=\"text-decoration: underline;\"><a style=\"color: #000000; text-decoration: underline;\" href=\"https:\/\/paninishop.de\/sandman-comics\/the-dreaming-1-dvedre001\">&#8222;The Dreaming&#8220;<\/a><\/span>, die sich, wie der Titel schon sagt, dem Traumland widmet.<br \/>\nAllerdings fiel mir der Einstieg diesmal schwer und das, obwohl ich mich so auf ein Wiedersehen mit Lucien, Matthew und Merv gefreut habe, denn ich wurde gleich zu Beginn ohne Erkl\u00e4rung mitten ins Geschehen geworfen und dann taucht auch noch ein neuer Charakter auf, Dora, die ich \u00fcberhaupt nicht einordnen konnte. Wie ich im Nachhinein erfahren habe, w\u00e4re es wohl ratsam gewesen, vorher &#8222;Sandman Universe&#8220; zu lesen, leider steht das nirgendwo und beim ersten Band eine Reihe gehe ich davon aus, dass die Geschichte von Anfang an erz\u00e4hlt wird, leider ist das hier nicht so.<br \/>\nIch werde also ins kalte Wasser geworfen. Dream ist verschwunden und seinem Reich droht Gefahr, hm, ich wei\u00df gar nicht warum, aber irgendwie kommt mir das doch sehr bekannt vor &#8230; Aber egal, ich st\u00fcrze mich trotzdem ins Abenteuer und muss schon bald feststellen, dass aus Merv, der Vogelscheuche mit K\u00fcrbiskopf pl\u00f6tzlich ein ziemlicher Arsch geworden ist. Gut, viel gemeckert hat er schon immer und genau daf\u00fcr mochte ich ihn, jetzt allerdings regt er mich mit seinen merkw\u00fcrdigen Ansichten einfach nur noch auf. War er schon immer so ein Idiot oder ist das jetzt der neue Merv unter dem neuen Sandman? Wo ist Dream und was hat es mit Dora auf sich? Fragen \u00fcber Fragen und Antworten gibt es erstmal keine, trotzdem hat mich die Story gegen Ende dann doch gefesselt und ich werde dem zweiten Band eine Chance geben, schon allein, weil ich wissen will, was es mit dem Neuzugang auf sich hat. Und vor allem, weil Matthew, das schwarze Flatterviech, dass ich so ins Herz geschlossen habe, ebenfalls wieder mit an Bord ist. Vorher werde ich jedoch &#8222;Sandman Universe&#8220; lesen, bei gerade mal 76 Seiten sollte das schnell erledigt sein und mir hoffentlich ein paar Dinge erkl\u00e4ren.^^<br \/>\nNat\u00fcrlich unterscheidet sich &#8222;The Dreaming&#8220; auch sprachlich von der Sandman Reihe, schlie\u00dflich\u00a0 ist Simon Spurrier nicht Neil Gaiman, ihm das Wasser zu reichen ist auch schwierig, einige seiner Worte haben sich f\u00f6rmlich in mein Hirn gefressen. Aber das will ich hier gar nicht beurteilen, mich hat d<\/span><span style=\"font-family: georgia, palatino, serif; color: #000000;\">ie Geschichte an sich bisher noch nicht vom Hocker gehauen. Daf\u00fcr ist die bildhafte Umsetzung wirklich toll, Bilquis Evely und Abigail Larson haben gro\u00dfartige Arbeit geleistet.\u00a0<\/span><\/p>\n<p><img loading=\"lazy\" decoding=\"async\" class=\"size-full wp-image-298 aligncenter\" src=\"https:\/\/vollausgebucht.net\/wp-content\/uploads\/2020\/05\/fazit2.png\" alt=\"\" width=\"58\" height=\"28\" \/><\/p>\n<p><span style=\"font-family: georgia, palatino, serif; color: #000000;\">Ich muss zugeben, ich habe etwas mehr Story und weniger Verwirrung erwartet. &#8222;The Dreaming&#8220; beginnt recht ruhig, doch dann \u00fcberst\u00fcrzen sich die Ereignisse und mir fehlt irgendwie so ein bisschen der Durchblick. Doch so schnell werfe ich die Flinte nicht ins Korn, schon allein weil die zeichnerische Umsetzung eine Augenweide ist. Trotzdem hoffe ich nat\u00fcrlich, dass mich der Folgeband inhaltlich mehr \u00fcberzeugt, mehr als 3,5 von 5 Miezekatzen sind f\u00fcr den f\u00fcr mich etwas holprigen Start erstmal nicht drin.<\/span><\/p>\n<p><img loading=\"lazy\" decoding=\"async\" class=\"size-full wp-image-372 aligncenter\" src=\"https:\/\/vollausgebucht.net\/wp-content\/uploads\/miez35.png\" alt=\"\" width=\"275\" height=\"74\" \/><span style=\"font-family: georgia, palatino, serif; color: #3366ff;\">&#8222;The Dreaming: Bd. 1&#8220;<\/span><br \/>\n<span style=\"font-family: georgia, palatino, serif; color: #000000;\">&#8222;The Dreaming: Bd. 2&#8220;<\/span><\/p>\n<p>&nbsp;<\/p>\n<p><img loading=\"lazy\" decoding=\"async\" class=\"alignnone size-full wp-image-11430\" src=\"https:\/\/vollausgebucht.net\/wp-content\/uploads\/the-dreaming-1-2.png\" alt=\"\" width=\"700\" height=\"350\" srcset=\"https:\/\/vollausgebucht.net\/wp-content\/uploads\/the-dreaming-1-2.png 700w, https:\/\/vollausgebucht.net\/wp-content\/uploads\/the-dreaming-1-2-350x175.png 350w, https:\/\/vollausgebucht.net\/wp-content\/uploads\/the-dreaming-1-2-300x150.png 300w\" sizes=\"auto, (max-width: 700px) 100vw, 700px\" \/><\/p>\n","protected":false},"excerpt":{"rendered":"<p>&#8220; &#8230; \u00bbRaben sind bl\u00f6de Besserwisser und du redest mit der Luft, also verpiss dich. Ich bin nicht real.\u00ab \u00bbDora, he, dies ist das Traumland und hier kann niemand sagen wie real du bist, au\u00dfer dir selbst.\u00ab &#8230; &#8222; FINSTERNIS <a class=\"more-link\" href=\"https:\/\/vollausgebucht.net\/?p=11426\">Weiterlesen\u00a0\u2026<\/a><\/p>\n","protected":false},"author":1,"featured_media":11427,"comment_status":"open","ping_status":"closed","sticky":false,"template":"","format":"standard","meta":{"sfsi_plus_gutenberg_text_before_share":"","sfsi_plus_gutenberg_show_text_before_share":"","sfsi_plus_gutenberg_icon_type":"","sfsi_plus_gutenberg_icon_alignemt":"","sfsi_plus_gutenburg_max_per_row":"","_monsterinsights_skip_tracking":false,"_monsterinsights_sitenote_active":false,"_monsterinsights_sitenote_note":"","_monsterinsights_sitenote_category":0,"footnotes":""},"categories":[5],"tags":[1346,1345,550,485,482,22,450,499,481,491,494,489,492,483,11,493,486,306,487,490,59,495,16,514,307,484,6,515,1344,1343],"class_list":["post-11426","post","type-post","status-publish","format-standard","has-post-thumbnail","hentry","category-rezension","tag-abigail-larson","tag-bilquis-evely","tag-bookish","tag-bookjunkie","tag-booklover","tag-booknerd","tag-books","tag-books-of-instagramm","tag-bookstagram","tag-bookstagram-germany","tag-buchblog","tag-buchblogger","tag-buecher","tag-buecherliebe","tag-buechersuechtig","tag-buecherwurm","tag-buchtipp","tag-comic","tag-instabooks","tag-leseliebe","tag-leseliste","tag-lesen","tag-leseratte","tag-neil-gaiman","tag-panini","tag-reading","tag-rezension","tag-sandman","tag-simon-spurrier","tag-the-dreaming"],"yoast_head":"<!-- This site is optimized with the Yoast SEO plugin v27.4 - https:\/\/yoast.com\/product\/yoast-seo-wordpress\/ -->\n<title>&quot;The Dreaming: Band 1&quot; - Simon Spurrier, Bilquis Evely, Abigail Larson - Voll ausgebucht<\/title>\n<meta name=\"robots\" content=\"index, follow, max-snippet:-1, max-image-preview:large, max-video-preview:-1\" \/>\n<link rel=\"canonical\" href=\"https:\/\/vollausgebucht.net\/?p=11426\" \/>\n<meta property=\"og:locale\" content=\"de_DE\" \/>\n<meta property=\"og:type\" content=\"article\" \/>\n<meta property=\"og:title\" content=\"&quot;The Dreaming: Band 1&quot; - Simon Spurrier, Bilquis Evely, Abigail Larson - Voll ausgebucht\" \/>\n<meta property=\"og:description\" content=\"&#8220; &#8230; \u00bbRaben sind bl\u00f6de Besserwisser und du redest mit der Luft, also verpiss dich. Ich bin nicht real.\u00ab \u00bbDora, he, dies ist das Traumland und hier kann niemand sagen wie real du bist, au\u00dfer dir selbst.\u00ab &#8230; &#8222; FINSTERNIS Weiterlesen\u00a0\u2026\" \/>\n<meta property=\"og:url\" content=\"https:\/\/vollausgebucht.net\/?p=11426\" \/>\n<meta property=\"og:site_name\" content=\"Voll ausgebucht\" \/>\n<meta property=\"article:published_time\" content=\"2023-01-07T20:31:25+00:00\" \/>\n<meta property=\"article:modified_time\" content=\"2023-04-07T14:22:48+00:00\" \/>\n<meta property=\"og:image\" content=\"https:\/\/vollausgebucht.net\/wp-content\/uploads\/rezi-the-dreaming.png\" \/>\n\t<meta property=\"og:image:width\" content=\"700\" \/>\n\t<meta property=\"og:image:height\" content=\"330\" \/>\n\t<meta property=\"og:image:type\" content=\"image\/png\" \/>\n<meta name=\"author\" content=\"DesKing\" \/>\n<script type=\"application\/ld+json\" class=\"yoast-schema-graph\">{\"@context\":\"https:\\\/\\\/schema.org\",\"@graph\":[{\"@type\":\"Article\",\"@id\":\"https:\\\/\\\/vollausgebucht.net\\\/?p=11426#article\",\"isPartOf\":{\"@id\":\"https:\\\/\\\/vollausgebucht.net\\\/?p=11426\"},\"author\":{\"name\":\"DesKing\",\"@id\":\"https:\\\/\\\/vollausgebucht.net\\\/#\\\/schema\\\/person\\\/a4c2c6f703cf1bac8cf4974558e405c6\"},\"headline\":\"&#8222;The Dreaming: Band 1&#8220; &#8211; Simon Spurrier, Bilquis Evely, Abigail Larson\",\"datePublished\":\"2023-01-07T20:31:25+00:00\",\"dateModified\":\"2023-04-07T14:22:48+00:00\",\"mainEntityOfPage\":{\"@id\":\"https:\\\/\\\/vollausgebucht.net\\\/?p=11426\"},\"wordCount\":767,\"commentCount\":0,\"publisher\":{\"@id\":\"https:\\\/\\\/vollausgebucht.net\\\/#\\\/schema\\\/person\\\/a4c2c6f703cf1bac8cf4974558e405c6\"},\"image\":{\"@id\":\"https:\\\/\\\/vollausgebucht.net\\\/?p=11426#primaryimage\"},\"thumbnailUrl\":\"https:\\\/\\\/vollausgebucht.net\\\/wp-content\\\/uploads\\\/rezi-the-dreaming.png\",\"keywords\":[\"Abigail Larson\",\"Bilquis Evely\",\"Bookish\",\"Bookjunkie\",\"Booklover\",\"Booknerd\",\"Books\",\"Books of Instagramm\",\"Bookstagram\",\"Bookstagram Germany\",\"Buchblog\",\"Buchblogger\",\"B\u00fccher\",\"B\u00fccherliebe\",\"B\u00fcchers\u00fcchtig\",\"B\u00fccherwurm\",\"Buchtipp\",\"Comic\",\"Instabooks\",\"Leseliebe\",\"Leseliste\",\"Lesen\",\"Leseratte\",\"Neil Gaiman\",\"Panini\",\"Reading\",\"Rezension\",\"Sandman\",\"Simon Spurrier\",\"The Dreaming\"],\"articleSection\":[\"Rezension\"],\"inLanguage\":\"de\",\"potentialAction\":[{\"@type\":\"CommentAction\",\"name\":\"Comment\",\"target\":[\"https:\\\/\\\/vollausgebucht.net\\\/?p=11426#respond\"]}]},{\"@type\":\"WebPage\",\"@id\":\"https:\\\/\\\/vollausgebucht.net\\\/?p=11426\",\"url\":\"https:\\\/\\\/vollausgebucht.net\\\/?p=11426\",\"name\":\"\\\"The Dreaming: Band 1\\\" - Simon Spurrier, Bilquis Evely, Abigail Larson - Voll ausgebucht\",\"isPartOf\":{\"@id\":\"https:\\\/\\\/vollausgebucht.net\\\/#website\"},\"primaryImageOfPage\":{\"@id\":\"https:\\\/\\\/vollausgebucht.net\\\/?p=11426#primaryimage\"},\"image\":{\"@id\":\"https:\\\/\\\/vollausgebucht.net\\\/?p=11426#primaryimage\"},\"thumbnailUrl\":\"https:\\\/\\\/vollausgebucht.net\\\/wp-content\\\/uploads\\\/rezi-the-dreaming.png\",\"datePublished\":\"2023-01-07T20:31:25+00:00\",\"dateModified\":\"2023-04-07T14:22:48+00:00\",\"breadcrumb\":{\"@id\":\"https:\\\/\\\/vollausgebucht.net\\\/?p=11426#breadcrumb\"},\"inLanguage\":\"de\",\"potentialAction\":[{\"@type\":\"ReadAction\",\"target\":[\"https:\\\/\\\/vollausgebucht.net\\\/?p=11426\"]}]},{\"@type\":\"ImageObject\",\"inLanguage\":\"de\",\"@id\":\"https:\\\/\\\/vollausgebucht.net\\\/?p=11426#primaryimage\",\"url\":\"https:\\\/\\\/vollausgebucht.net\\\/wp-content\\\/uploads\\\/rezi-the-dreaming.png\",\"contentUrl\":\"https:\\\/\\\/vollausgebucht.net\\\/wp-content\\\/uploads\\\/rezi-the-dreaming.png\",\"width\":700,\"height\":330},{\"@type\":\"BreadcrumbList\",\"@id\":\"https:\\\/\\\/vollausgebucht.net\\\/?p=11426#breadcrumb\",\"itemListElement\":[{\"@type\":\"ListItem\",\"position\":1,\"name\":\"Startseite\",\"item\":\"https:\\\/\\\/vollausgebucht.net\\\/\"},{\"@type\":\"ListItem\",\"position\":2,\"name\":\"&#8222;The Dreaming: Band 1&#8220; &#8211; Simon Spurrier, Bilquis Evely, Abigail Larson\"}]},{\"@type\":\"WebSite\",\"@id\":\"https:\\\/\\\/vollausgebucht.net\\\/#website\",\"url\":\"https:\\\/\\\/vollausgebucht.net\\\/\",\"name\":\"Voll ausgebucht\",\"description\":\"\",\"publisher\":{\"@id\":\"https:\\\/\\\/vollausgebucht.net\\\/#\\\/schema\\\/person\\\/a4c2c6f703cf1bac8cf4974558e405c6\"},\"potentialAction\":[{\"@type\":\"SearchAction\",\"target\":{\"@type\":\"EntryPoint\",\"urlTemplate\":\"https:\\\/\\\/vollausgebucht.net\\\/?s={search_term_string}\"},\"query-input\":{\"@type\":\"PropertyValueSpecification\",\"valueRequired\":true,\"valueName\":\"search_term_string\"}}],\"inLanguage\":\"de\"},{\"@type\":[\"Person\",\"Organization\"],\"@id\":\"https:\\\/\\\/vollausgebucht.net\\\/#\\\/schema\\\/person\\\/a4c2c6f703cf1bac8cf4974558e405c6\",\"name\":\"DesKing\",\"logo\":{\"@id\":\"https:\\\/\\\/vollausgebucht.net\\\/#\\\/schema\\\/person\\\/image\\\/\"},\"sameAs\":[\"https:\\\/\\\/vollausgebucht.net\"],\"url\":\"https:\\\/\\\/vollausgebucht.net\\\/?author=1\"}]}<\/script>\n<!-- \/ Yoast SEO plugin. -->","yoast_head_json":{"title":"\"The Dreaming: Band 1\" - Simon Spurrier, Bilquis Evely, Abigail Larson - Voll ausgebucht","robots":{"index":"index","follow":"follow","max-snippet":"max-snippet:-1","max-image-preview":"max-image-preview:large","max-video-preview":"max-video-preview:-1"},"canonical":"https:\/\/vollausgebucht.net\/?p=11426","og_locale":"de_DE","og_type":"article","og_title":"\"The Dreaming: Band 1\" - Simon Spurrier, Bilquis Evely, Abigail Larson - Voll ausgebucht","og_description":"&#8220; &#8230; \u00bbRaben sind bl\u00f6de Besserwisser und du redest mit der Luft, also verpiss dich. Ich bin nicht real.\u00ab \u00bbDora, he, dies ist das Traumland und hier kann niemand sagen wie real du bist, au\u00dfer dir selbst.\u00ab &#8230; &#8222; FINSTERNIS Weiterlesen\u00a0\u2026","og_url":"https:\/\/vollausgebucht.net\/?p=11426","og_site_name":"Voll ausgebucht","article_published_time":"2023-01-07T20:31:25+00:00","article_modified_time":"2023-04-07T14:22:48+00:00","og_image":[{"width":700,"height":330,"url":"https:\/\/vollausgebucht.net\/wp-content\/uploads\/rezi-the-dreaming.png","type":"image\/png"}],"author":"DesKing","schema":{"@context":"https:\/\/schema.org","@graph":[{"@type":"Article","@id":"https:\/\/vollausgebucht.net\/?p=11426#article","isPartOf":{"@id":"https:\/\/vollausgebucht.net\/?p=11426"},"author":{"name":"DesKing","@id":"https:\/\/vollausgebucht.net\/#\/schema\/person\/a4c2c6f703cf1bac8cf4974558e405c6"},"headline":"&#8222;The Dreaming: Band 1&#8220; &#8211; Simon Spurrier, Bilquis Evely, Abigail Larson","datePublished":"2023-01-07T20:31:25+00:00","dateModified":"2023-04-07T14:22:48+00:00","mainEntityOfPage":{"@id":"https:\/\/vollausgebucht.net\/?p=11426"},"wordCount":767,"commentCount":0,"publisher":{"@id":"https:\/\/vollausgebucht.net\/#\/schema\/person\/a4c2c6f703cf1bac8cf4974558e405c6"},"image":{"@id":"https:\/\/vollausgebucht.net\/?p=11426#primaryimage"},"thumbnailUrl":"https:\/\/vollausgebucht.net\/wp-content\/uploads\/rezi-the-dreaming.png","keywords":["Abigail Larson","Bilquis Evely","Bookish","Bookjunkie","Booklover","Booknerd","Books","Books of Instagramm","Bookstagram","Bookstagram Germany","Buchblog","Buchblogger","B\u00fccher","B\u00fccherliebe","B\u00fcchers\u00fcchtig","B\u00fccherwurm","Buchtipp","Comic","Instabooks","Leseliebe","Leseliste","Lesen","Leseratte","Neil Gaiman","Panini","Reading","Rezension","Sandman","Simon Spurrier","The Dreaming"],"articleSection":["Rezension"],"inLanguage":"de","potentialAction":[{"@type":"CommentAction","name":"Comment","target":["https:\/\/vollausgebucht.net\/?p=11426#respond"]}]},{"@type":"WebPage","@id":"https:\/\/vollausgebucht.net\/?p=11426","url":"https:\/\/vollausgebucht.net\/?p=11426","name":"\"The Dreaming: Band 1\" - Simon Spurrier, Bilquis Evely, Abigail Larson - Voll ausgebucht","isPartOf":{"@id":"https:\/\/vollausgebucht.net\/#website"},"primaryImageOfPage":{"@id":"https:\/\/vollausgebucht.net\/?p=11426#primaryimage"},"image":{"@id":"https:\/\/vollausgebucht.net\/?p=11426#primaryimage"},"thumbnailUrl":"https:\/\/vollausgebucht.net\/wp-content\/uploads\/rezi-the-dreaming.png","datePublished":"2023-01-07T20:31:25+00:00","dateModified":"2023-04-07T14:22:48+00:00","breadcrumb":{"@id":"https:\/\/vollausgebucht.net\/?p=11426#breadcrumb"},"inLanguage":"de","potentialAction":[{"@type":"ReadAction","target":["https:\/\/vollausgebucht.net\/?p=11426"]}]},{"@type":"ImageObject","inLanguage":"de","@id":"https:\/\/vollausgebucht.net\/?p=11426#primaryimage","url":"https:\/\/vollausgebucht.net\/wp-content\/uploads\/rezi-the-dreaming.png","contentUrl":"https:\/\/vollausgebucht.net\/wp-content\/uploads\/rezi-the-dreaming.png","width":700,"height":330},{"@type":"BreadcrumbList","@id":"https:\/\/vollausgebucht.net\/?p=11426#breadcrumb","itemListElement":[{"@type":"ListItem","position":1,"name":"Startseite","item":"https:\/\/vollausgebucht.net\/"},{"@type":"ListItem","position":2,"name":"&#8222;The Dreaming: Band 1&#8220; &#8211; Simon Spurrier, Bilquis Evely, Abigail Larson"}]},{"@type":"WebSite","@id":"https:\/\/vollausgebucht.net\/#website","url":"https:\/\/vollausgebucht.net\/","name":"Voll ausgebucht","description":"","publisher":{"@id":"https:\/\/vollausgebucht.net\/#\/schema\/person\/a4c2c6f703cf1bac8cf4974558e405c6"},"potentialAction":[{"@type":"SearchAction","target":{"@type":"EntryPoint","urlTemplate":"https:\/\/vollausgebucht.net\/?s={search_term_string}"},"query-input":{"@type":"PropertyValueSpecification","valueRequired":true,"valueName":"search_term_string"}}],"inLanguage":"de"},{"@type":["Person","Organization"],"@id":"https:\/\/vollausgebucht.net\/#\/schema\/person\/a4c2c6f703cf1bac8cf4974558e405c6","name":"DesKing","logo":{"@id":"https:\/\/vollausgebucht.net\/#\/schema\/person\/image\/"},"sameAs":["https:\/\/vollausgebucht.net"],"url":"https:\/\/vollausgebucht.net\/?author=1"}]}},"_links":{"self":[{"href":"https:\/\/vollausgebucht.net\/index.php?rest_route=\/wp\/v2\/posts\/11426","targetHints":{"allow":["GET"]}}],"collection":[{"href":"https:\/\/vollausgebucht.net\/index.php?rest_route=\/wp\/v2\/posts"}],"about":[{"href":"https:\/\/vollausgebucht.net\/index.php?rest_route=\/wp\/v2\/types\/post"}],"author":[{"embeddable":true,"href":"https:\/\/vollausgebucht.net\/index.php?rest_route=\/wp\/v2\/users\/1"}],"replies":[{"embeddable":true,"href":"https:\/\/vollausgebucht.net\/index.php?rest_route=%2Fwp%2Fv2%2Fcomments&post=11426"}],"version-history":[{"count":0,"href":"https:\/\/vollausgebucht.net\/index.php?rest_route=\/wp\/v2\/posts\/11426\/revisions"}],"wp:featuredmedia":[{"embeddable":true,"href":"https:\/\/vollausgebucht.net\/index.php?rest_route=\/wp\/v2\/media\/11427"}],"wp:attachment":[{"href":"https:\/\/vollausgebucht.net\/index.php?rest_route=%2Fwp%2Fv2%2Fmedia&parent=11426"}],"wp:term":[{"taxonomy":"category","embeddable":true,"href":"https:\/\/vollausgebucht.net\/index.php?rest_route=%2Fwp%2Fv2%2Fcategories&post=11426"},{"taxonomy":"post_tag","embeddable":true,"href":"https:\/\/vollausgebucht.net\/index.php?rest_route=%2Fwp%2Fv2%2Ftags&post=11426"}],"curies":[{"name":"wp","href":"https:\/\/api.w.org\/{rel}","templated":true}]}}