{"id":11894,"date":"2023-03-04T19:38:22","date_gmt":"2023-03-04T19:38:22","guid":{"rendered":"https:\/\/vollausgebucht.net\/?p=11894"},"modified":"2023-03-12T02:16:19","modified_gmt":"2023-03-12T02:16:19","slug":"das-schmetterlingsmaedchen-rene-denfeld","status":"publish","type":"post","link":"https:\/\/vollausgebucht.net\/?p=11894","title":{"rendered":"&#8222;Das Schmetterlingsm\u00e4dchen&#8220; &#8211; Rene Denfeld"},"content":{"rendered":"<blockquote><p><em><span style=\"font-family: georgia, palatino, serif;\"><span style=\"color: #ffffff;\">&#8220; &#8230; Wenn Celia ihre Schwestern oder sonst jemanden zeichnete, den sie liebte, f\u00fcgte sie Schmetterlinge hinzu: \u00fcber die beiden Schultern verteilt, sich aus ihren Brauen erhebend. Selbst der winzige Punkt in jedem Auge wurde zu einem der kostbaren Tiere.\u00a0 Auf diese Weise waren die Schmetterlinge auch die Menschen, die sie liebte, und die Menschen, die sie liebte, waren frei. &#8230;&#8220; (Seite 130)<\/span><br \/>\n<\/span><\/em><\/p><\/blockquote>\n<p><img loading=\"lazy\" decoding=\"async\" class=\"size-full wp-image-291 aligncenter\" src=\"https:\/\/vollausgebucht.net\/wp-content\/uploads\/2020\/05\/klap.png\" alt=\"\" width=\"112\" height=\"31\" \/><\/p>\n<p style=\"text-align: center;\"><span style=\"font-family: georgia, palatino, serif; color: #000000;\">Vor 20 Jahren verschwand ihre Schwester. Naomi selbst hat kaum Erinnerungen an dieses Ereignis \u2013 und doch will die \u00bbKinderfinderin\u00ab die Spur aufnehmen.<\/span><br \/>\n<span style=\"font-family: georgia, palatino, serif; color: #000000;\">Die Suche f\u00fchrt sie direkt in die Dunkelheit von Portland in Oregon, wo mehr Kinder auf der Stra\u00dfe leben als im Rest des Landes. Und immer wieder findet man die Leichen junger M\u00e4dchen im Fluss &#8230;<\/span><br \/>\n<span style=\"font-family: georgia, palatino, serif; color: #000000;\">Dort trifft Naomi auf Celia, ein zw\u00f6lfj\u00e4hriges M\u00e4dchen, das vor ihren Eltern geflohen ist. Der Vater missbrauchte sie, die Mutter ist suchtkrank. Ceilas einzige Hoffnung sind die Schmetterlinge. Sie sieht sie \u00fcberall um sich herum \u2013 ihre schillernden Besch\u00fctzer und F\u00fchrer auf den trostlosen Stra\u00dfen.<\/span><\/p>\n<p><span style=\"font-family: georgia, palatino, serif; color: #000000;\">Poetisch, fesselnd und bitters\u00fc\u00df. Rene Denfeld schickt Naomi, die Ermittlerin mit der unheimlichen F\u00e4higkeit vermisste Kinder zu finden, ein weiteres Mal auf eine emotionale Suche.<\/span><\/p>\n<p><img loading=\"lazy\" decoding=\"async\" class=\"size-full wp-image-128 aligncenter\" src=\"https:\/\/vollausgebucht.net\/wp-content\/uploads\/daru.png\" alt=\"\" width=\"122\" height=\"35\" \/><\/p>\n<p><span style=\"font-family: georgia, palatino, serif; color: #000000;\">Vor \u00fcber 20 Jahren wurden zwei kleine M\u00e4dchen entf\u00fchrt. W\u00e4hrend Naomi die Flucht gelang und sie bei einer Pflegemutter gro\u00df wurde, fehlt von ihrer j\u00fcngeren Schwester bis heute jede Spur. Naomi f\u00fchlt sich schuldig und hat es sich zur Aufgabe gemacht, vermisste Kinder zu finden, keiner ist darin so gut wie sie. Doch die Suche nach ihrer Schwester gestaltet sich schwierig, auch, als sie eine Spur nach Portland f\u00fchrt. Dort h\u00f6rt sie sich auch bei den Obdachlosen auf der Stra\u00dfe\u00a0 um und trifft dabei auf Celia, mit der sie viel verbindet. Denn obwohl beide Frauen die Welt von ihrer dunkelsten Seite kennen, leben sie weiter, Tag f\u00fcr Tag.<\/span><\/p>\n<p><span style=\"font-family: georgia, palatino, serif; color: #000000;\"><img loading=\"lazy\" decoding=\"async\" class=\"alignnone size-full wp-image-11910\" src=\"https:\/\/vollausgebucht.net\/wp-content\/uploads\/das-schmetterlingsmaedchen-1.png\" alt=\"\" width=\"700\" height=\"700\" srcset=\"https:\/\/vollausgebucht.net\/wp-content\/uploads\/das-schmetterlingsmaedchen-1.png 700w, https:\/\/vollausgebucht.net\/wp-content\/uploads\/das-schmetterlingsmaedchen-1-350x350.png 350w, https:\/\/vollausgebucht.net\/wp-content\/uploads\/das-schmetterlingsmaedchen-1-150x150.png 150w\" sizes=\"auto, (max-width: 700px) 100vw, 700px\" \/><br \/>\n<\/span><br \/>\n<img loading=\"lazy\" decoding=\"async\" class=\"size-full wp-image-125 aligncenter\" src=\"https:\/\/vollausgebucht.net\/wp-content\/uploads\/meine-meinung.png\" alt=\"\" width=\"146\" height=\"32\" \/><\/p>\n<p><span style=\"font-family: georgia, palatino, serif; color: #000000;\">Manche B\u00fccher sind einfach harter Tobak, auch wenn sie wundersch\u00f6n poetisch geschrieben sind und um Gewaltbeschreibungen einen gro\u00dfen Bogen machen. Schon <span style=\"text-decoration: underline;\"><a style=\"color: #000000; text-decoration: underline;\" href=\"https:\/\/vollausgebucht.net\/?p=9141\">&#8222;Das Schneem\u00e4dchen&#8220;<\/a><\/span> fiel f\u00fcr mich in diese Kategorie. Diesmal musste ich jedoch noch ein bisschen mehr schlucken, denn <span style=\"text-decoration: underline;\"><a style=\"color: #000000; text-decoration: underline;\" href=\"https:\/\/renedenfeld.com\/author\/\">Rene Denfeld<\/a><\/span> setzt sich in <span style=\"text-decoration: underline;\"><a style=\"color: #000000; text-decoration: underline;\" href=\"https:\/\/www.festa-verlag.de\/das-schmetterlingsmaedchen.html\">&#8222;Das Schmetterlingsm\u00e4dchen&#8220;<\/a><\/span> mit dem harten Leben von Stra\u00dfenkindern auseinander und dass sie sich damit auskennt, merkt man sofort. Celia, das titelgebende Schmetterlingsm\u00e4dchen, hat es nicht leicht im Leben. Ihr Zuhause hat sie nicht ohne triftigen Grund verlassen und nun schl\u00e4gt sie sich auf der Stra\u00dfe durch. Das bedeutet Hunger, Angst vor \u00dcbergriffen und davor, dass der Hunger sie wieder zwingt, ihren K\u00f6rper zu verkaufen. Um all dem zu entkommen, hat sie ihre Schmetterlinge die sie besch\u00fctzen und tr\u00f6sten, denn damals, als die Welt noch in Ordnung war, hat Celias Mutter ihr viel \u00fcber die Tierchen erz\u00e4hlt. Jetzt liest sie alles \u00fcber die buntgefl\u00fcgelten Insekten, was sie in die Finger bekommt, die Bibliothek ist ihr einziger sicherer Hafen.<br \/>\nSicher, jeder von uns hat sein P\u00e4ckchen zu tragen, aber es gibt Dinge, die machen einfach nur betroffen, wenn man sie liest. Nat\u00fcrlich wei\u00df ich, dass es sich bei Celia um einen fiktiven Charakter handelt, trotzdem geht mir ihr Schicksal nahe, denn da drau\u00dfen gibt es viele andere wie sie und die Autorin gibt denen, die immer wieder \u00fcbersehen werden, eine Stimme. Kindern, denen daheim Gewalt angetan wurde und die nun lieber mit knurrendem Magen unter irgendeiner Br\u00fccke schlafen, die es riskieren, vergewaltigt oder ausgeraubt zu werden. Trotz allem l\u00e4sst die Autorin ihre Heldin &#8211; ja, hier ist tats\u00e4chlich Celia und nicht etwa Naomi f\u00fcr mich die Heldin &#8211; nie die Hoffnung verlieren, denn mit ihrer kindlichen Fantasie hat sie sich einen R\u00fcckzugspunkt erschaffen, an den sie fl\u00fcchten und Kraft tanken kann, wenn das Schicksal mal wieder hart zuschl\u00e4gt. Wir alle brauchen unseren kleinen geheimen Ort der uns Kraft gibt.<br \/>\nAuch Naomis innere Zerissenheit wird im Buch immer wieder angesprochen, das hilft, ihre Handlungen nachzuvollziehen. Die &#8222;Kinderfinderin&#8220; erlaubt sich nach den Erlebnissen in ihrer Kindheit einfach nicht gl\u00fccklich sein. \u00dcberhaupt ist sie eine sehr vielschichtige Figur und genau das macht sie so interessant und auch wenn ich nicht immer ihre Sicht der Dinge teile, verstehe ich doch, was sie antreibt.<br \/>\nZwei Frauen in denen die Dunkelheit tobt und die sich \u00e4hnlicher sind, als sie glauben, machen den ganz besonderen Reiz von &#8222;Das Schmetterlingsm\u00e4dchen&#8220; aus. Hinzu kommt die ruhige Erz\u00e4hlweise und der poetische Schreibstil von Rene Denfeld, der mich schon im Vorg\u00e4nger gefesselt hat. Das Buch ist in der <span style=\"text-decoration: underline;\"><a style=\"color: #000000; text-decoration: underline;\" href=\"https:\/\/www.festa-verlag.de\/festa-must-read.html\">&#8222;Must Read&#8220;<\/a><\/span> Reihe des Festa Verlages erschienen, meiner bescheidenen Meinung nach \u00fcbrigens v\u00f6llig zu recht. Und obwohl man es durchaus ohne Vorkenntnisse lesen kann, empfehle ich mit &#8222;Das Schneem\u00e4dchen&#8220; zu beginnen, denn dort erf\u00e4hrt man so einiges \u00fcber Naomis Geschichte.<br \/>\n<\/span><\/p>\n<p><img loading=\"lazy\" decoding=\"async\" class=\"size-full wp-image-298 aligncenter\" src=\"https:\/\/vollausgebucht.net\/wp-content\/uploads\/2020\/05\/fazit2.png\" alt=\"\" width=\"58\" height=\"28\" \/><\/p>\n<p><span style=\"font-family: georgia, palatino, serif; color: #000000;\">Wie ihr seht, ist der Text diesmal etwas l\u00e4nger geworden, aber f\u00fcr mich ist &#8222;Das Schmetterlingsm\u00e4dchen&#8220;, genauso wie &#8222;Das Schneem\u00e4dchen&#8220;, einfach ein wahnsinnig intensives und bedr\u00fcckendes Buch. Der Leser erh\u00e4lt einen tiefen Einblick in Celias und Naomis Gef\u00fchlswelt und obwohl die Ereignisse nur langsam in Gang kommen, wird es nie langweilig. Rene Denfield hat zwei wunderbare vielschichtige Charaktere erschaffen, die man ins Herz schlie\u00dft, mit denen man mitfiebert und ihnen einfach nur ein happy End w\u00fcnscht.<br \/>\nFreunde von Action und Blutvergie\u00dfen kommen hier definitiv nicht auf ihre Kosten, daf\u00fcr aber alle, die es lieben vollkommen in die Welt ihrer Lekt\u00fcre einzutauchen. Daf\u00fcr sorgt die Autrorin mit ihrem ruhigen, poetischen und atmosph\u00e4rischen Schreibstil. F\u00fcr mich ein echter Pageturner, der 4,5 von 5 Miezekatzen verdient.<\/span><\/p>\n<p><img loading=\"lazy\" decoding=\"async\" class=\"size-full wp-image-454 aligncenter\" src=\"https:\/\/vollausgebucht.net\/wp-content\/uploads\/miezk45.png\" alt=\"\" width=\"267\" height=\"45\" \/><\/p>\n<p><span style=\"text-decoration: underline;\"><span style=\"color: #000000; text-decoration: underline;\"><a style=\"color: #000000; text-decoration: underline;\" href=\"https:\/\/vollausgebucht.net\/?p=9141\"><span style=\"font-family: georgia, palatino, serif;\">01. \u201eDas Schneem\u00e4dchen\u201c<\/span><\/a><\/span><\/span><br \/>\n<span style=\"font-family: georgia, palatino, serif; color: #3366ff;\">02. \u201eDas Schmetterlingsm\u00e4dchen\u201c<\/span><\/p>\n<p><img loading=\"lazy\" decoding=\"async\" class=\"alignnone size-full wp-image-11895\" src=\"https:\/\/vollausgebucht.net\/wp-content\/uploads\/das-schmetterlingsmaedchen-2.png\" alt=\"\" width=\"700\" height=\"350\" srcset=\"https:\/\/vollausgebucht.net\/wp-content\/uploads\/das-schmetterlingsmaedchen-2.png 700w, https:\/\/vollausgebucht.net\/wp-content\/uploads\/das-schmetterlingsmaedchen-2-350x175.png 350w, https:\/\/vollausgebucht.net\/wp-content\/uploads\/das-schmetterlingsmaedchen-2-300x150.png 300w\" sizes=\"auto, (max-width: 700px) 100vw, 700px\" \/><\/p>\n","protected":false},"excerpt":{"rendered":"<p>&#8220; &#8230; Wenn Celia ihre Schwestern oder sonst jemanden zeichnete, den sie liebte, f\u00fcgte sie Schmetterlinge hinzu: \u00fcber die beiden Schultern verteilt, sich aus ihren Brauen erhebend. Selbst der winzige Punkt in jedem Auge wurde zu einem der kostbaren Tiere.\u00a0 <a class=\"more-link\" href=\"https:\/\/vollausgebucht.net\/?p=11894\">Weiterlesen\u00a0\u2026<\/a><\/p>\n","protected":false},"author":1,"featured_media":11896,"comment_status":"open","ping_status":"closed","sticky":false,"template":"","format":"standard","meta":{"sfsi_plus_gutenberg_text_before_share":"","sfsi_plus_gutenberg_show_text_before_share":"","sfsi_plus_gutenberg_icon_type":"","sfsi_plus_gutenberg_icon_alignemt":"","sfsi_plus_gutenburg_max_per_row":"","_monsterinsights_skip_tracking":false,"_monsterinsights_sitenote_active":false,"_monsterinsights_sitenote_note":"","_monsterinsights_sitenote_category":0,"footnotes":""},"categories":[5],"tags":[23,550,485,482,22,450,499,481,491,494,489,492,483,11,493,486,1379,742,487,495,16,786,484,1134,6,47,378,7],"class_list":["post-11894","post","type-post","status-publish","format-standard","has-post-thumbnail","hentry","category-rezension","tag-blogger","tag-bookish","tag-bookjunkie","tag-booklover","tag-booknerd","tag-books","tag-books-of-instagramm","tag-bookstagram","tag-bookstagram-germany","tag-buchblog","tag-buchblogger","tag-buecher","tag-buecherliebe","tag-buechersuechtig","tag-buecherwurm","tag-buchtipp","tag-das-schmetterlingsmaedchen","tag-festa","tag-instabooks","tag-lesen","tag-leseratte","tag-must-read","tag-reading","tag-rene-denfeld","tag-rezension","tag-thriller","tag-time-to-read","tag-voll-ausgebucht"],"yoast_head":"<!-- This site is optimized with the Yoast SEO plugin v27.5 - https:\/\/yoast.com\/product\/yoast-seo-wordpress\/ -->\n<title>&quot;Das Schmetterlingsm\u00e4dchen&quot; - Rene Denfeld - Voll ausgebucht<\/title>\n<meta name=\"robots\" content=\"index, follow, max-snippet:-1, max-image-preview:large, max-video-preview:-1\" \/>\n<link rel=\"canonical\" href=\"https:\/\/vollausgebucht.net\/?p=11894\" \/>\n<meta property=\"og:locale\" content=\"de_DE\" \/>\n<meta property=\"og:type\" content=\"article\" \/>\n<meta property=\"og:title\" content=\"&quot;Das Schmetterlingsm\u00e4dchen&quot; - Rene Denfeld - Voll ausgebucht\" \/>\n<meta property=\"og:description\" content=\"&#8220; &#8230; Wenn Celia ihre Schwestern oder sonst jemanden zeichnete, den sie liebte, f\u00fcgte sie Schmetterlinge hinzu: \u00fcber die beiden Schultern verteilt, sich aus ihren Brauen erhebend. Selbst der winzige Punkt in jedem Auge wurde zu einem der kostbaren Tiere.\u00a0 Weiterlesen\u00a0\u2026\" \/>\n<meta property=\"og:url\" content=\"https:\/\/vollausgebucht.net\/?p=11894\" \/>\n<meta property=\"og:site_name\" content=\"Voll ausgebucht\" \/>\n<meta property=\"article:published_time\" content=\"2023-03-04T19:38:22+00:00\" \/>\n<meta property=\"article:modified_time\" content=\"2023-03-12T02:16:19+00:00\" \/>\n<meta property=\"og:image\" content=\"https:\/\/vollausgebucht.net\/wp-content\/uploads\/rezi-das-schmetterlingsmaedchen.png\" \/>\n\t<meta property=\"og:image:width\" content=\"700\" \/>\n\t<meta property=\"og:image:height\" content=\"330\" \/>\n\t<meta property=\"og:image:type\" content=\"image\/png\" \/>\n<meta name=\"author\" content=\"DesKing\" \/>\n<script type=\"application\/ld+json\" class=\"yoast-schema-graph\">{\"@context\":\"https:\\\/\\\/schema.org\",\"@graph\":[{\"@type\":\"Article\",\"@id\":\"https:\\\/\\\/vollausgebucht.net\\\/?p=11894#article\",\"isPartOf\":{\"@id\":\"https:\\\/\\\/vollausgebucht.net\\\/?p=11894\"},\"author\":{\"name\":\"DesKing\",\"@id\":\"https:\\\/\\\/vollausgebucht.net\\\/#\\\/schema\\\/person\\\/a4c2c6f703cf1bac8cf4974558e405c6\"},\"headline\":\"&#8222;Das Schmetterlingsm\u00e4dchen&#8220; &#8211; Rene Denfeld\",\"datePublished\":\"2023-03-04T19:38:22+00:00\",\"dateModified\":\"2023-03-12T02:16:19+00:00\",\"mainEntityOfPage\":{\"@id\":\"https:\\\/\\\/vollausgebucht.net\\\/?p=11894\"},\"wordCount\":950,\"commentCount\":0,\"publisher\":{\"@id\":\"https:\\\/\\\/vollausgebucht.net\\\/#\\\/schema\\\/person\\\/a4c2c6f703cf1bac8cf4974558e405c6\"},\"image\":{\"@id\":\"https:\\\/\\\/vollausgebucht.net\\\/?p=11894#primaryimage\"},\"thumbnailUrl\":\"https:\\\/\\\/vollausgebucht.net\\\/wp-content\\\/uploads\\\/rezi-das-schmetterlingsmaedchen.png\",\"keywords\":[\"Blogger\",\"Bookish\",\"Bookjunkie\",\"Booklover\",\"Booknerd\",\"Books\",\"Books of Instagramm\",\"Bookstagram\",\"Bookstagram Germany\",\"Buchblog\",\"Buchblogger\",\"B\u00fccher\",\"B\u00fccherliebe\",\"B\u00fcchers\u00fcchtig\",\"B\u00fccherwurm\",\"Buchtipp\",\"Das Schmetterlingsm\u00e4dchen\",\"Festa\",\"Instabooks\",\"Lesen\",\"Leseratte\",\"Must Read\",\"Reading\",\"Rene Denfeld\",\"Rezension\",\"Thriller\",\"Time to read\",\"Voll ausgebucht\"],\"articleSection\":[\"Rezension\"],\"inLanguage\":\"de\",\"potentialAction\":[{\"@type\":\"CommentAction\",\"name\":\"Comment\",\"target\":[\"https:\\\/\\\/vollausgebucht.net\\\/?p=11894#respond\"]}]},{\"@type\":\"WebPage\",\"@id\":\"https:\\\/\\\/vollausgebucht.net\\\/?p=11894\",\"url\":\"https:\\\/\\\/vollausgebucht.net\\\/?p=11894\",\"name\":\"\\\"Das Schmetterlingsm\u00e4dchen\\\" - Rene Denfeld - Voll ausgebucht\",\"isPartOf\":{\"@id\":\"https:\\\/\\\/vollausgebucht.net\\\/#website\"},\"primaryImageOfPage\":{\"@id\":\"https:\\\/\\\/vollausgebucht.net\\\/?p=11894#primaryimage\"},\"image\":{\"@id\":\"https:\\\/\\\/vollausgebucht.net\\\/?p=11894#primaryimage\"},\"thumbnailUrl\":\"https:\\\/\\\/vollausgebucht.net\\\/wp-content\\\/uploads\\\/rezi-das-schmetterlingsmaedchen.png\",\"datePublished\":\"2023-03-04T19:38:22+00:00\",\"dateModified\":\"2023-03-12T02:16:19+00:00\",\"breadcrumb\":{\"@id\":\"https:\\\/\\\/vollausgebucht.net\\\/?p=11894#breadcrumb\"},\"inLanguage\":\"de\",\"potentialAction\":[{\"@type\":\"ReadAction\",\"target\":[\"https:\\\/\\\/vollausgebucht.net\\\/?p=11894\"]}]},{\"@type\":\"ImageObject\",\"inLanguage\":\"de\",\"@id\":\"https:\\\/\\\/vollausgebucht.net\\\/?p=11894#primaryimage\",\"url\":\"https:\\\/\\\/vollausgebucht.net\\\/wp-content\\\/uploads\\\/rezi-das-schmetterlingsmaedchen.png\",\"contentUrl\":\"https:\\\/\\\/vollausgebucht.net\\\/wp-content\\\/uploads\\\/rezi-das-schmetterlingsmaedchen.png\",\"width\":700,\"height\":330},{\"@type\":\"BreadcrumbList\",\"@id\":\"https:\\\/\\\/vollausgebucht.net\\\/?p=11894#breadcrumb\",\"itemListElement\":[{\"@type\":\"ListItem\",\"position\":1,\"name\":\"Startseite\",\"item\":\"https:\\\/\\\/vollausgebucht.net\\\/\"},{\"@type\":\"ListItem\",\"position\":2,\"name\":\"&#8222;Das Schmetterlingsm\u00e4dchen&#8220; &#8211; Rene Denfeld\"}]},{\"@type\":\"WebSite\",\"@id\":\"https:\\\/\\\/vollausgebucht.net\\\/#website\",\"url\":\"https:\\\/\\\/vollausgebucht.net\\\/\",\"name\":\"Voll ausgebucht\",\"description\":\"\",\"publisher\":{\"@id\":\"https:\\\/\\\/vollausgebucht.net\\\/#\\\/schema\\\/person\\\/a4c2c6f703cf1bac8cf4974558e405c6\"},\"potentialAction\":[{\"@type\":\"SearchAction\",\"target\":{\"@type\":\"EntryPoint\",\"urlTemplate\":\"https:\\\/\\\/vollausgebucht.net\\\/?s={search_term_string}\"},\"query-input\":{\"@type\":\"PropertyValueSpecification\",\"valueRequired\":true,\"valueName\":\"search_term_string\"}}],\"inLanguage\":\"de\"},{\"@type\":[\"Person\",\"Organization\"],\"@id\":\"https:\\\/\\\/vollausgebucht.net\\\/#\\\/schema\\\/person\\\/a4c2c6f703cf1bac8cf4974558e405c6\",\"name\":\"DesKing\",\"logo\":{\"@id\":\"https:\\\/\\\/vollausgebucht.net\\\/#\\\/schema\\\/person\\\/image\\\/\"},\"sameAs\":[\"https:\\\/\\\/vollausgebucht.net\"],\"url\":\"https:\\\/\\\/vollausgebucht.net\\\/?author=1\"}]}<\/script>\n<!-- \/ Yoast SEO plugin. -->","yoast_head_json":{"title":"\"Das Schmetterlingsm\u00e4dchen\" - Rene Denfeld - Voll ausgebucht","robots":{"index":"index","follow":"follow","max-snippet":"max-snippet:-1","max-image-preview":"max-image-preview:large","max-video-preview":"max-video-preview:-1"},"canonical":"https:\/\/vollausgebucht.net\/?p=11894","og_locale":"de_DE","og_type":"article","og_title":"\"Das Schmetterlingsm\u00e4dchen\" - Rene Denfeld - Voll ausgebucht","og_description":"&#8220; &#8230; Wenn Celia ihre Schwestern oder sonst jemanden zeichnete, den sie liebte, f\u00fcgte sie Schmetterlinge hinzu: \u00fcber die beiden Schultern verteilt, sich aus ihren Brauen erhebend. Selbst der winzige Punkt in jedem Auge wurde zu einem der kostbaren Tiere.\u00a0 Weiterlesen\u00a0\u2026","og_url":"https:\/\/vollausgebucht.net\/?p=11894","og_site_name":"Voll ausgebucht","article_published_time":"2023-03-04T19:38:22+00:00","article_modified_time":"2023-03-12T02:16:19+00:00","og_image":[{"width":700,"height":330,"url":"https:\/\/vollausgebucht.net\/wp-content\/uploads\/rezi-das-schmetterlingsmaedchen.png","type":"image\/png"}],"author":"DesKing","schema":{"@context":"https:\/\/schema.org","@graph":[{"@type":"Article","@id":"https:\/\/vollausgebucht.net\/?p=11894#article","isPartOf":{"@id":"https:\/\/vollausgebucht.net\/?p=11894"},"author":{"name":"DesKing","@id":"https:\/\/vollausgebucht.net\/#\/schema\/person\/a4c2c6f703cf1bac8cf4974558e405c6"},"headline":"&#8222;Das Schmetterlingsm\u00e4dchen&#8220; &#8211; Rene Denfeld","datePublished":"2023-03-04T19:38:22+00:00","dateModified":"2023-03-12T02:16:19+00:00","mainEntityOfPage":{"@id":"https:\/\/vollausgebucht.net\/?p=11894"},"wordCount":950,"commentCount":0,"publisher":{"@id":"https:\/\/vollausgebucht.net\/#\/schema\/person\/a4c2c6f703cf1bac8cf4974558e405c6"},"image":{"@id":"https:\/\/vollausgebucht.net\/?p=11894#primaryimage"},"thumbnailUrl":"https:\/\/vollausgebucht.net\/wp-content\/uploads\/rezi-das-schmetterlingsmaedchen.png","keywords":["Blogger","Bookish","Bookjunkie","Booklover","Booknerd","Books","Books of Instagramm","Bookstagram","Bookstagram Germany","Buchblog","Buchblogger","B\u00fccher","B\u00fccherliebe","B\u00fcchers\u00fcchtig","B\u00fccherwurm","Buchtipp","Das Schmetterlingsm\u00e4dchen","Festa","Instabooks","Lesen","Leseratte","Must Read","Reading","Rene Denfeld","Rezension","Thriller","Time to read","Voll ausgebucht"],"articleSection":["Rezension"],"inLanguage":"de","potentialAction":[{"@type":"CommentAction","name":"Comment","target":["https:\/\/vollausgebucht.net\/?p=11894#respond"]}]},{"@type":"WebPage","@id":"https:\/\/vollausgebucht.net\/?p=11894","url":"https:\/\/vollausgebucht.net\/?p=11894","name":"\"Das Schmetterlingsm\u00e4dchen\" - Rene Denfeld - Voll ausgebucht","isPartOf":{"@id":"https:\/\/vollausgebucht.net\/#website"},"primaryImageOfPage":{"@id":"https:\/\/vollausgebucht.net\/?p=11894#primaryimage"},"image":{"@id":"https:\/\/vollausgebucht.net\/?p=11894#primaryimage"},"thumbnailUrl":"https:\/\/vollausgebucht.net\/wp-content\/uploads\/rezi-das-schmetterlingsmaedchen.png","datePublished":"2023-03-04T19:38:22+00:00","dateModified":"2023-03-12T02:16:19+00:00","breadcrumb":{"@id":"https:\/\/vollausgebucht.net\/?p=11894#breadcrumb"},"inLanguage":"de","potentialAction":[{"@type":"ReadAction","target":["https:\/\/vollausgebucht.net\/?p=11894"]}]},{"@type":"ImageObject","inLanguage":"de","@id":"https:\/\/vollausgebucht.net\/?p=11894#primaryimage","url":"https:\/\/vollausgebucht.net\/wp-content\/uploads\/rezi-das-schmetterlingsmaedchen.png","contentUrl":"https:\/\/vollausgebucht.net\/wp-content\/uploads\/rezi-das-schmetterlingsmaedchen.png","width":700,"height":330},{"@type":"BreadcrumbList","@id":"https:\/\/vollausgebucht.net\/?p=11894#breadcrumb","itemListElement":[{"@type":"ListItem","position":1,"name":"Startseite","item":"https:\/\/vollausgebucht.net\/"},{"@type":"ListItem","position":2,"name":"&#8222;Das Schmetterlingsm\u00e4dchen&#8220; &#8211; Rene Denfeld"}]},{"@type":"WebSite","@id":"https:\/\/vollausgebucht.net\/#website","url":"https:\/\/vollausgebucht.net\/","name":"Voll ausgebucht","description":"","publisher":{"@id":"https:\/\/vollausgebucht.net\/#\/schema\/person\/a4c2c6f703cf1bac8cf4974558e405c6"},"potentialAction":[{"@type":"SearchAction","target":{"@type":"EntryPoint","urlTemplate":"https:\/\/vollausgebucht.net\/?s={search_term_string}"},"query-input":{"@type":"PropertyValueSpecification","valueRequired":true,"valueName":"search_term_string"}}],"inLanguage":"de"},{"@type":["Person","Organization"],"@id":"https:\/\/vollausgebucht.net\/#\/schema\/person\/a4c2c6f703cf1bac8cf4974558e405c6","name":"DesKing","logo":{"@id":"https:\/\/vollausgebucht.net\/#\/schema\/person\/image\/"},"sameAs":["https:\/\/vollausgebucht.net"],"url":"https:\/\/vollausgebucht.net\/?author=1"}]}},"_links":{"self":[{"href":"https:\/\/vollausgebucht.net\/index.php?rest_route=\/wp\/v2\/posts\/11894","targetHints":{"allow":["GET"]}}],"collection":[{"href":"https:\/\/vollausgebucht.net\/index.php?rest_route=\/wp\/v2\/posts"}],"about":[{"href":"https:\/\/vollausgebucht.net\/index.php?rest_route=\/wp\/v2\/types\/post"}],"author":[{"embeddable":true,"href":"https:\/\/vollausgebucht.net\/index.php?rest_route=\/wp\/v2\/users\/1"}],"replies":[{"embeddable":true,"href":"https:\/\/vollausgebucht.net\/index.php?rest_route=%2Fwp%2Fv2%2Fcomments&post=11894"}],"version-history":[{"count":0,"href":"https:\/\/vollausgebucht.net\/index.php?rest_route=\/wp\/v2\/posts\/11894\/revisions"}],"wp:featuredmedia":[{"embeddable":true,"href":"https:\/\/vollausgebucht.net\/index.php?rest_route=\/wp\/v2\/media\/11896"}],"wp:attachment":[{"href":"https:\/\/vollausgebucht.net\/index.php?rest_route=%2Fwp%2Fv2%2Fmedia&parent=11894"}],"wp:term":[{"taxonomy":"category","embeddable":true,"href":"https:\/\/vollausgebucht.net\/index.php?rest_route=%2Fwp%2Fv2%2Fcategories&post=11894"},{"taxonomy":"post_tag","embeddable":true,"href":"https:\/\/vollausgebucht.net\/index.php?rest_route=%2Fwp%2Fv2%2Ftags&post=11894"}],"curies":[{"name":"wp","href":"https:\/\/api.w.org\/{rel}","templated":true}]}}