{"id":12410,"date":"2023-04-07T13:41:48","date_gmt":"2023-04-07T13:41:48","guid":{"rendered":"https:\/\/vollausgebucht.net\/?p=12410"},"modified":"2023-04-30T20:01:06","modified_gmt":"2023-04-30T20:01:06","slug":"the-dreaming-band-2-simon-spurrier-bilquis-evely","status":"publish","type":"post","link":"https:\/\/vollausgebucht.net\/?p=12410","title":{"rendered":"\u201eThe Dreaming: Band 2\u201c \u2013 Simon Spurrier, Bilquis Evely"},"content":{"rendered":"<blockquote><p><span style=\"font-family: georgia, palatino, serif; color: #ffffff;\"><em>&#8220; &#8230; Mein Name ist Ole Luk\u00f8je. Mein Name ist Daniel. Mein Name ist Dream. Ich bin so alt wie die Atome deines K\u00f6rpers &#8212; also sehr jung. Ich wollte wissen, wie die Liebe ist. Ich wollte eine Geschichte. Ich wollte verstehen, worum sich so viele Tr\u00e4ume drehen. &#8230;&#8220;<\/em><\/span><\/p><\/blockquote>\n<p><img loading=\"lazy\" decoding=\"async\" class=\"size-full wp-image-291 aligncenter\" src=\"https:\/\/vollausgebucht.net\/wp-content\/uploads\/2020\/05\/klap.png\" alt=\"\" width=\"112\" height=\"31\" \/><\/p>\n<p style=\"text-align: center;\"><span style=\"font-family: georgia, palatino, serif; color: #000000;\">DIE JAGD NACH DEM K\u00d6NIG DES TR\u00c4UMENS <\/span><br \/>\n<span style=\"font-family: georgia, palatino, serif; color: #000000;\">Der aus seinem Reich verschwundene Traumk\u00f6nig Dream wandelt auf Erden und verliebt sich in eine Sterbliche, deren Familie seit Langem in die Geschicke der gottgleichen Ewigen verwickelt ist \u2013 mit schrecklichen Konsequenzen f\u00fcr Morpheus und das M\u00e4dchen. Dreams Dom\u00e4ne des Tr\u00e4umens wird in seiner Abwesenheit von einer k\u00fcnstlichen Intelligenz gelenkt. Die monstr\u00f6se Dora und der Rabe Matthew, die Dream finden wollen, folgen seiner Spur durch das Traumland, Faerie und andere fantastische Welten \u2026 Neue Geschichten aus dem SANDMAN-Kosmos von Neil Gaiman (American Gods, Good Omens), inszeniert von Simon Spurrier (Star Wars: Doktor Aphra), Bilquis Evely (WONDER WOMAN) und Abigail Larson (The Huntsman: Winter\u2019s Curse).<\/span><\/p>\n<p><img loading=\"lazy\" decoding=\"async\" class=\"size-full wp-image-128 aligncenter\" src=\"https:\/\/vollausgebucht.net\/wp-content\/uploads\/daru.png\" alt=\"\" width=\"122\" height=\"35\" \/><\/p>\n<p><span style=\"font-family: georgia, palatino, serif; color: #000000;\">Dream ist noch immer verschwunden und Dora auf der Suche nach ihm. Damit im Traumland nicht alles den Bach runtergeht, k\u00fcmmert sich eine Art k\u00fcnstliche Inteligenz um die Belange der Bewohner und versucht zu begreifen, was dort vor sich geht.<\/span><\/p>\n<p><img loading=\"lazy\" decoding=\"async\" class=\"alignnone size-full wp-image-12411\" src=\"https:\/\/vollausgebucht.net\/wp-content\/uploads\/the-dreaming-2-1.png\" alt=\"\" width=\"700\" height=\"700\" srcset=\"https:\/\/vollausgebucht.net\/wp-content\/uploads\/the-dreaming-2-1.png 700w, https:\/\/vollausgebucht.net\/wp-content\/uploads\/the-dreaming-2-1-350x350.png 350w, https:\/\/vollausgebucht.net\/wp-content\/uploads\/the-dreaming-2-1-150x150.png 150w\" sizes=\"auto, (max-width: 700px) 100vw, 700px\" \/><\/p>\n<p><span style=\"font-family: georgia, palatino, serif; color: #000000;\"><img loading=\"lazy\" decoding=\"async\" class=\"size-full wp-image-125 aligncenter\" src=\"https:\/\/vollausgebucht.net\/wp-content\/uploads\/meine-meinung.png\" alt=\"\" width=\"146\" height=\"32\" \/><\/span><\/p>\n<p><span style=\"font-family: georgia, palatino, serif; color: #000000;\">Nachdem der Einstieg in die Reihe mir ein wenig schwer fiel, habe ich gehofft, die Fortsetzung schafft es, mich zu \u00fcberzeugen.<br \/>\nDer zweite Band von &#8222;The Dreaming&#8220; ist in zwei Teile untergliedert. Im ersten trifft der Leser Rose Walker wieder, den Wirbel aus der Sandman Reihe. Sie hat inzwischen eine Tochter und die steckt in Schwierigkeiten. Diese Schwierigkeiten f\u00fchren dazu, dass Dream verschwunden ist und im Traumland Chaos herrscht. Davon handelt der zweite Teil, in dem es abwechselnd um Doras Suche nach Dream und die Ereignisse w\u00e4hrend seiner Abwesenheit geht.<\/span><br \/>\n<span style=\"font-family: georgia, palatino, serif; color: #000000;\">Neben Rose tauchen noch andere bekannte Figuren wie Nuala oder Titania auf, au\u00dferdem verschl\u00e4gt es Dora nach Worlds End, in das Gasthaus ans Ende der Welt, in dem immer neue Geschichten erz\u00e4hlt werden. Doch auch da ist nichts mehr wie vorher.<br \/>\nInsgeheim hatte ich gehofft, dass der zweite Band von &#8222;The Dreaming&#8220; mich mehr packen w\u00fcrde als der erste, aber ich finde immer noch alles chaotisch und irgendwie zusammengew\u00fcrfelt. Ich habe mich zwar gefreut, auf bekannte Charaktere und Orte zu treffen, leider machen sie die Story aber nicht besser und auch die Sache mit der Geschichte in der Geschichte klappt hier l\u00e4ngst nicht so gut wie bei Neil Gaiman. Au\u00dferdem bekommt man immer wieder neue Personen vorgesetzt, mir pers\u00f6nlich ist das einfach zu viel des Guten. Wenigstens erf\u00e4hrt man, was mit Dream passiert ist und wei\u00df inzwischen, dass jemand das Traumland \u00fcbernehmen will. Im Original ist noch ein dritter Band erschienen, zu\u00a0 uns hat der es aber nie geschafft und ein bisschen verstehe ich das auch. Mein Bedarf ist mit Band 2 gedeckt, auch wenn ich so wohl nie erfahren werde, was in Doras Vergangenheit passiert ist und wer sich Dreams Reich unter den Nagel rei\u00dfen will, aber ich denke, ich werde es \u00fcberleben. Mir ist die Geschichte einfach zu wirr, zu verschachtelt, da helfen auch die teilweise wirklich tollen Illustrationen nicht mehr. Schade, aber ich bin raus.<\/span><\/p>\n<p><img loading=\"lazy\" decoding=\"async\" class=\"size-full wp-image-298 aligncenter\" src=\"https:\/\/vollausgebucht.net\/wp-content\/uploads\/2020\/05\/fazit2.png\" alt=\"\" width=\"58\" height=\"28\" \/><\/p>\n<p><span style=\"font-family: georgia, palatino, serif; color: #000000;\">Sch\u00f6ne Zeichungen, aber eine Geschichte, die mich irgendwie immer mehr nervt. Selbst wenn der letzte Teil hier erschienen w\u00e4r, h\u00e4tte ich wohl gepasst. Das \u00e4rgert mich, gerade weil ich die Sandman Reihe so geliebt habe, aber mit Daniel werde ich einfach nicht warm, er ist f\u00fcr mich genau so, wie sein Erscheinungsbild &#8211; blass. Mehr als 3 von 5 Miezekatzen sind hier f\u00fcr mich nicht drin, mir hat &#8222;The Dreaming&#8220; nichts gegeben, aber es gibt bestimmt Leute, die mit dem neuen Traumland besser zurechtkommen als ich. Dora finde ich nach wie vor interessant, aber nur wegen ihr lege ich mir den Abschlussband nicht zu.<\/span><img loading=\"lazy\" decoding=\"async\" class=\"size-full wp-image-686 aligncenter\" src=\"https:\/\/vollausgebucht.net\/wp-content\/uploads\/miezekatze3.png\" alt=\"\" width=\"275\" height=\"74\" \/><\/p>\n<p><span style=\"font-family: georgia, palatino, serif; color: #000000;\"><a style=\"color: #000000; text-decoration: underline;\" href=\"https:\/\/vollausgebucht.net\/?p=11426\">&#8222;The Dreaming: Bd. 1&#8220;<\/a><\/span><br \/>\n<span style=\"font-family: georgia, palatino, serif; color: #3366ff;\">&#8222;The Dreaming: Bd. 2&#8220;<\/span><\/p>\n<p><img loading=\"lazy\" decoding=\"async\" class=\"alignnone size-full wp-image-12415\" src=\"https:\/\/vollausgebucht.net\/wp-content\/uploads\/the-dreaming-2-2.png\" alt=\"\" width=\"700\" height=\"350\" srcset=\"https:\/\/vollausgebucht.net\/wp-content\/uploads\/the-dreaming-2-2.png 700w, https:\/\/vollausgebucht.net\/wp-content\/uploads\/the-dreaming-2-2-350x175.png 350w, https:\/\/vollausgebucht.net\/wp-content\/uploads\/the-dreaming-2-2-300x150.png 300w\" sizes=\"auto, (max-width: 700px) 100vw, 700px\" \/><\/p>\n","protected":false},"excerpt":{"rendered":"<p>&#8220; &#8230; Mein Name ist Ole Luk\u00f8je. Mein Name ist Daniel. Mein Name ist Dream. Ich bin so alt wie die Atome deines K\u00f6rpers &#8212; also sehr jung. Ich wollte wissen, wie die Liebe ist. Ich wollte eine Geschichte. Ich <a class=\"more-link\" href=\"https:\/\/vollausgebucht.net\/?p=12410\">Weiterlesen\u00a0\u2026<\/a><\/p>\n","protected":false},"author":1,"featured_media":12412,"comment_status":"open","ping_status":"closed","sticky":false,"template":"","format":"standard","meta":{"sfsi_plus_gutenberg_text_before_share":"","sfsi_plus_gutenberg_show_text_before_share":"","sfsi_plus_gutenberg_icon_type":"","sfsi_plus_gutenberg_icon_alignemt":"","sfsi_plus_gutenburg_max_per_row":"","_monsterinsights_skip_tracking":false,"_monsterinsights_sitenote_active":false,"_monsterinsights_sitenote_note":"","_monsterinsights_sitenote_category":0,"footnotes":""},"categories":[5],"tags":[1345,550,485,482,22,450,499,481,491,494,489,492,483,11,493,486,306,487,490,59,495,16,514,307,484,6,515,1344,1343],"class_list":["post-12410","post","type-post","status-publish","format-standard","has-post-thumbnail","hentry","category-rezension","tag-bilquis-evely","tag-bookish","tag-bookjunkie","tag-booklover","tag-booknerd","tag-books","tag-books-of-instagramm","tag-bookstagram","tag-bookstagram-germany","tag-buchblog","tag-buchblogger","tag-buecher","tag-buecherliebe","tag-buechersuechtig","tag-buecherwurm","tag-buchtipp","tag-comic","tag-instabooks","tag-leseliebe","tag-leseliste","tag-lesen","tag-leseratte","tag-neil-gaiman","tag-panini","tag-reading","tag-rezension","tag-sandman","tag-simon-spurrier","tag-the-dreaming"],"yoast_head":"<!-- This site is optimized with the Yoast SEO plugin v27.5 - https:\/\/yoast.com\/product\/yoast-seo-wordpress\/ -->\n<title>\u201eThe Dreaming: Band 2\u201c \u2013 Simon Spurrier, Bilquis Evely - Voll ausgebucht<\/title>\n<meta name=\"robots\" content=\"index, follow, max-snippet:-1, max-image-preview:large, max-video-preview:-1\" \/>\n<link rel=\"canonical\" href=\"https:\/\/vollausgebucht.net\/?p=12410\" \/>\n<meta property=\"og:locale\" content=\"de_DE\" \/>\n<meta property=\"og:type\" content=\"article\" \/>\n<meta property=\"og:title\" content=\"\u201eThe Dreaming: Band 2\u201c \u2013 Simon Spurrier, Bilquis Evely - Voll ausgebucht\" \/>\n<meta property=\"og:description\" content=\"&#8220; &#8230; Mein Name ist Ole Luk\u00f8je. Mein Name ist Daniel. Mein Name ist Dream. Ich bin so alt wie die Atome deines K\u00f6rpers &#8212; also sehr jung. Ich wollte wissen, wie die Liebe ist. Ich wollte eine Geschichte. Ich Weiterlesen\u00a0\u2026\" \/>\n<meta property=\"og:url\" content=\"https:\/\/vollausgebucht.net\/?p=12410\" \/>\n<meta property=\"og:site_name\" content=\"Voll ausgebucht\" \/>\n<meta property=\"article:published_time\" content=\"2023-04-07T13:41:48+00:00\" \/>\n<meta property=\"article:modified_time\" content=\"2023-04-30T20:01:06+00:00\" \/>\n<meta property=\"og:image\" content=\"https:\/\/vollausgebucht.net\/wp-content\/uploads\/rezi-the-dreaming-2.png\" \/>\n\t<meta property=\"og:image:width\" content=\"700\" \/>\n\t<meta property=\"og:image:height\" content=\"330\" \/>\n\t<meta property=\"og:image:type\" content=\"image\/png\" \/>\n<meta name=\"author\" content=\"DesKing\" \/>\n<script type=\"application\/ld+json\" class=\"yoast-schema-graph\">{\"@context\":\"https:\\\/\\\/schema.org\",\"@graph\":[{\"@type\":\"Article\",\"@id\":\"https:\\\/\\\/vollausgebucht.net\\\/?p=12410#article\",\"isPartOf\":{\"@id\":\"https:\\\/\\\/vollausgebucht.net\\\/?p=12410\"},\"author\":{\"name\":\"DesKing\",\"@id\":\"https:\\\/\\\/vollausgebucht.net\\\/#\\\/schema\\\/person\\\/a4c2c6f703cf1bac8cf4974558e405c6\"},\"headline\":\"\u201eThe Dreaming: Band 2\u201c \u2013 Simon Spurrier, Bilquis Evely\",\"datePublished\":\"2023-04-07T13:41:48+00:00\",\"dateModified\":\"2023-04-30T20:01:06+00:00\",\"mainEntityOfPage\":{\"@id\":\"https:\\\/\\\/vollausgebucht.net\\\/?p=12410\"},\"wordCount\":659,\"commentCount\":0,\"publisher\":{\"@id\":\"https:\\\/\\\/vollausgebucht.net\\\/#\\\/schema\\\/person\\\/a4c2c6f703cf1bac8cf4974558e405c6\"},\"image\":{\"@id\":\"https:\\\/\\\/vollausgebucht.net\\\/?p=12410#primaryimage\"},\"thumbnailUrl\":\"https:\\\/\\\/vollausgebucht.net\\\/wp-content\\\/uploads\\\/rezi-the-dreaming-2.png\",\"keywords\":[\"Bilquis Evely\",\"Bookish\",\"Bookjunkie\",\"Booklover\",\"Booknerd\",\"Books\",\"Books of Instagramm\",\"Bookstagram\",\"Bookstagram Germany\",\"Buchblog\",\"Buchblogger\",\"B\u00fccher\",\"B\u00fccherliebe\",\"B\u00fcchers\u00fcchtig\",\"B\u00fccherwurm\",\"Buchtipp\",\"Comic\",\"Instabooks\",\"Leseliebe\",\"Leseliste\",\"Lesen\",\"Leseratte\",\"Neil Gaiman\",\"Panini\",\"Reading\",\"Rezension\",\"Sandman\",\"Simon Spurrier\",\"The Dreaming\"],\"articleSection\":[\"Rezension\"],\"inLanguage\":\"de\",\"potentialAction\":[{\"@type\":\"CommentAction\",\"name\":\"Comment\",\"target\":[\"https:\\\/\\\/vollausgebucht.net\\\/?p=12410#respond\"]}]},{\"@type\":\"WebPage\",\"@id\":\"https:\\\/\\\/vollausgebucht.net\\\/?p=12410\",\"url\":\"https:\\\/\\\/vollausgebucht.net\\\/?p=12410\",\"name\":\"\u201eThe Dreaming: Band 2\u201c \u2013 Simon Spurrier, Bilquis Evely - Voll ausgebucht\",\"isPartOf\":{\"@id\":\"https:\\\/\\\/vollausgebucht.net\\\/#website\"},\"primaryImageOfPage\":{\"@id\":\"https:\\\/\\\/vollausgebucht.net\\\/?p=12410#primaryimage\"},\"image\":{\"@id\":\"https:\\\/\\\/vollausgebucht.net\\\/?p=12410#primaryimage\"},\"thumbnailUrl\":\"https:\\\/\\\/vollausgebucht.net\\\/wp-content\\\/uploads\\\/rezi-the-dreaming-2.png\",\"datePublished\":\"2023-04-07T13:41:48+00:00\",\"dateModified\":\"2023-04-30T20:01:06+00:00\",\"breadcrumb\":{\"@id\":\"https:\\\/\\\/vollausgebucht.net\\\/?p=12410#breadcrumb\"},\"inLanguage\":\"de\",\"potentialAction\":[{\"@type\":\"ReadAction\",\"target\":[\"https:\\\/\\\/vollausgebucht.net\\\/?p=12410\"]}]},{\"@type\":\"ImageObject\",\"inLanguage\":\"de\",\"@id\":\"https:\\\/\\\/vollausgebucht.net\\\/?p=12410#primaryimage\",\"url\":\"https:\\\/\\\/vollausgebucht.net\\\/wp-content\\\/uploads\\\/rezi-the-dreaming-2.png\",\"contentUrl\":\"https:\\\/\\\/vollausgebucht.net\\\/wp-content\\\/uploads\\\/rezi-the-dreaming-2.png\",\"width\":700,\"height\":330},{\"@type\":\"BreadcrumbList\",\"@id\":\"https:\\\/\\\/vollausgebucht.net\\\/?p=12410#breadcrumb\",\"itemListElement\":[{\"@type\":\"ListItem\",\"position\":1,\"name\":\"Startseite\",\"item\":\"https:\\\/\\\/vollausgebucht.net\\\/\"},{\"@type\":\"ListItem\",\"position\":2,\"name\":\"\u201eThe Dreaming: Band 2\u201c \u2013 Simon Spurrier, Bilquis Evely\"}]},{\"@type\":\"WebSite\",\"@id\":\"https:\\\/\\\/vollausgebucht.net\\\/#website\",\"url\":\"https:\\\/\\\/vollausgebucht.net\\\/\",\"name\":\"Voll ausgebucht\",\"description\":\"\",\"publisher\":{\"@id\":\"https:\\\/\\\/vollausgebucht.net\\\/#\\\/schema\\\/person\\\/a4c2c6f703cf1bac8cf4974558e405c6\"},\"potentialAction\":[{\"@type\":\"SearchAction\",\"target\":{\"@type\":\"EntryPoint\",\"urlTemplate\":\"https:\\\/\\\/vollausgebucht.net\\\/?s={search_term_string}\"},\"query-input\":{\"@type\":\"PropertyValueSpecification\",\"valueRequired\":true,\"valueName\":\"search_term_string\"}}],\"inLanguage\":\"de\"},{\"@type\":[\"Person\",\"Organization\"],\"@id\":\"https:\\\/\\\/vollausgebucht.net\\\/#\\\/schema\\\/person\\\/a4c2c6f703cf1bac8cf4974558e405c6\",\"name\":\"DesKing\",\"logo\":{\"@id\":\"https:\\\/\\\/vollausgebucht.net\\\/#\\\/schema\\\/person\\\/image\\\/\"},\"sameAs\":[\"https:\\\/\\\/vollausgebucht.net\"],\"url\":\"https:\\\/\\\/vollausgebucht.net\\\/?author=1\"}]}<\/script>\n<!-- \/ Yoast SEO plugin. -->","yoast_head_json":{"title":"\u201eThe Dreaming: Band 2\u201c \u2013 Simon Spurrier, Bilquis Evely - Voll ausgebucht","robots":{"index":"index","follow":"follow","max-snippet":"max-snippet:-1","max-image-preview":"max-image-preview:large","max-video-preview":"max-video-preview:-1"},"canonical":"https:\/\/vollausgebucht.net\/?p=12410","og_locale":"de_DE","og_type":"article","og_title":"\u201eThe Dreaming: Band 2\u201c \u2013 Simon Spurrier, Bilquis Evely - Voll ausgebucht","og_description":"&#8220; &#8230; Mein Name ist Ole Luk\u00f8je. Mein Name ist Daniel. Mein Name ist Dream. Ich bin so alt wie die Atome deines K\u00f6rpers &#8212; also sehr jung. Ich wollte wissen, wie die Liebe ist. Ich wollte eine Geschichte. Ich Weiterlesen\u00a0\u2026","og_url":"https:\/\/vollausgebucht.net\/?p=12410","og_site_name":"Voll ausgebucht","article_published_time":"2023-04-07T13:41:48+00:00","article_modified_time":"2023-04-30T20:01:06+00:00","og_image":[{"width":700,"height":330,"url":"https:\/\/vollausgebucht.net\/wp-content\/uploads\/rezi-the-dreaming-2.png","type":"image\/png"}],"author":"DesKing","schema":{"@context":"https:\/\/schema.org","@graph":[{"@type":"Article","@id":"https:\/\/vollausgebucht.net\/?p=12410#article","isPartOf":{"@id":"https:\/\/vollausgebucht.net\/?p=12410"},"author":{"name":"DesKing","@id":"https:\/\/vollausgebucht.net\/#\/schema\/person\/a4c2c6f703cf1bac8cf4974558e405c6"},"headline":"\u201eThe Dreaming: Band 2\u201c \u2013 Simon Spurrier, Bilquis Evely","datePublished":"2023-04-07T13:41:48+00:00","dateModified":"2023-04-30T20:01:06+00:00","mainEntityOfPage":{"@id":"https:\/\/vollausgebucht.net\/?p=12410"},"wordCount":659,"commentCount":0,"publisher":{"@id":"https:\/\/vollausgebucht.net\/#\/schema\/person\/a4c2c6f703cf1bac8cf4974558e405c6"},"image":{"@id":"https:\/\/vollausgebucht.net\/?p=12410#primaryimage"},"thumbnailUrl":"https:\/\/vollausgebucht.net\/wp-content\/uploads\/rezi-the-dreaming-2.png","keywords":["Bilquis Evely","Bookish","Bookjunkie","Booklover","Booknerd","Books","Books of Instagramm","Bookstagram","Bookstagram Germany","Buchblog","Buchblogger","B\u00fccher","B\u00fccherliebe","B\u00fcchers\u00fcchtig","B\u00fccherwurm","Buchtipp","Comic","Instabooks","Leseliebe","Leseliste","Lesen","Leseratte","Neil Gaiman","Panini","Reading","Rezension","Sandman","Simon Spurrier","The Dreaming"],"articleSection":["Rezension"],"inLanguage":"de","potentialAction":[{"@type":"CommentAction","name":"Comment","target":["https:\/\/vollausgebucht.net\/?p=12410#respond"]}]},{"@type":"WebPage","@id":"https:\/\/vollausgebucht.net\/?p=12410","url":"https:\/\/vollausgebucht.net\/?p=12410","name":"\u201eThe Dreaming: Band 2\u201c \u2013 Simon Spurrier, Bilquis Evely - Voll ausgebucht","isPartOf":{"@id":"https:\/\/vollausgebucht.net\/#website"},"primaryImageOfPage":{"@id":"https:\/\/vollausgebucht.net\/?p=12410#primaryimage"},"image":{"@id":"https:\/\/vollausgebucht.net\/?p=12410#primaryimage"},"thumbnailUrl":"https:\/\/vollausgebucht.net\/wp-content\/uploads\/rezi-the-dreaming-2.png","datePublished":"2023-04-07T13:41:48+00:00","dateModified":"2023-04-30T20:01:06+00:00","breadcrumb":{"@id":"https:\/\/vollausgebucht.net\/?p=12410#breadcrumb"},"inLanguage":"de","potentialAction":[{"@type":"ReadAction","target":["https:\/\/vollausgebucht.net\/?p=12410"]}]},{"@type":"ImageObject","inLanguage":"de","@id":"https:\/\/vollausgebucht.net\/?p=12410#primaryimage","url":"https:\/\/vollausgebucht.net\/wp-content\/uploads\/rezi-the-dreaming-2.png","contentUrl":"https:\/\/vollausgebucht.net\/wp-content\/uploads\/rezi-the-dreaming-2.png","width":700,"height":330},{"@type":"BreadcrumbList","@id":"https:\/\/vollausgebucht.net\/?p=12410#breadcrumb","itemListElement":[{"@type":"ListItem","position":1,"name":"Startseite","item":"https:\/\/vollausgebucht.net\/"},{"@type":"ListItem","position":2,"name":"\u201eThe Dreaming: Band 2\u201c \u2013 Simon Spurrier, Bilquis Evely"}]},{"@type":"WebSite","@id":"https:\/\/vollausgebucht.net\/#website","url":"https:\/\/vollausgebucht.net\/","name":"Voll ausgebucht","description":"","publisher":{"@id":"https:\/\/vollausgebucht.net\/#\/schema\/person\/a4c2c6f703cf1bac8cf4974558e405c6"},"potentialAction":[{"@type":"SearchAction","target":{"@type":"EntryPoint","urlTemplate":"https:\/\/vollausgebucht.net\/?s={search_term_string}"},"query-input":{"@type":"PropertyValueSpecification","valueRequired":true,"valueName":"search_term_string"}}],"inLanguage":"de"},{"@type":["Person","Organization"],"@id":"https:\/\/vollausgebucht.net\/#\/schema\/person\/a4c2c6f703cf1bac8cf4974558e405c6","name":"DesKing","logo":{"@id":"https:\/\/vollausgebucht.net\/#\/schema\/person\/image\/"},"sameAs":["https:\/\/vollausgebucht.net"],"url":"https:\/\/vollausgebucht.net\/?author=1"}]}},"_links":{"self":[{"href":"https:\/\/vollausgebucht.net\/index.php?rest_route=\/wp\/v2\/posts\/12410","targetHints":{"allow":["GET"]}}],"collection":[{"href":"https:\/\/vollausgebucht.net\/index.php?rest_route=\/wp\/v2\/posts"}],"about":[{"href":"https:\/\/vollausgebucht.net\/index.php?rest_route=\/wp\/v2\/types\/post"}],"author":[{"embeddable":true,"href":"https:\/\/vollausgebucht.net\/index.php?rest_route=\/wp\/v2\/users\/1"}],"replies":[{"embeddable":true,"href":"https:\/\/vollausgebucht.net\/index.php?rest_route=%2Fwp%2Fv2%2Fcomments&post=12410"}],"version-history":[{"count":0,"href":"https:\/\/vollausgebucht.net\/index.php?rest_route=\/wp\/v2\/posts\/12410\/revisions"}],"wp:featuredmedia":[{"embeddable":true,"href":"https:\/\/vollausgebucht.net\/index.php?rest_route=\/wp\/v2\/media\/12412"}],"wp:attachment":[{"href":"https:\/\/vollausgebucht.net\/index.php?rest_route=%2Fwp%2Fv2%2Fmedia&parent=12410"}],"wp:term":[{"taxonomy":"category","embeddable":true,"href":"https:\/\/vollausgebucht.net\/index.php?rest_route=%2Fwp%2Fv2%2Fcategories&post=12410"},{"taxonomy":"post_tag","embeddable":true,"href":"https:\/\/vollausgebucht.net\/index.php?rest_route=%2Fwp%2Fv2%2Ftags&post=12410"}],"curies":[{"name":"wp","href":"https:\/\/api.w.org\/{rel}","templated":true}]}}