{"id":12910,"date":"2023-05-17T10:37:02","date_gmt":"2023-05-17T10:37:02","guid":{"rendered":"https:\/\/vollausgebucht.net\/?p=12910"},"modified":"2023-05-17T13:19:02","modified_gmt":"2023-05-17T13:19:02","slug":"der-geist-von-maddy-clare-simone-st-james","status":"publish","type":"post","link":"https:\/\/vollausgebucht.net\/?p=12910","title":{"rendered":"&#8222;Der Geist von Maddy Clare&#8220; &#8211; Simone St. James"},"content":{"rendered":"<blockquote><p><span style=\"font-family: georgia, palatino, serif; color: #ffffff;\"><em>&#8220; &#8230;<\/em> \u00bbFalls das kein Scherz ist, falls es wahr ist, dann verlangen sie von mir, dass ich &#8230; dass ich ein totes Ding aufsuche.\u00ab &#8230;&#8220; (Seite 22)<\/span><\/p><\/blockquote>\n<p><img loading=\"lazy\" decoding=\"async\" class=\"size-full wp-image-291 aligncenter\" src=\"https:\/\/vollausgebucht.net\/wp-content\/uploads\/2020\/05\/klap.png\" alt=\"\" width=\"112\" height=\"31\" \/><\/p>\n<p style=\"text-align: center;\"><span style=\"font-family: georgia, palatino, serif; color: #000000;\">London, 1922: \u00dcberraschend wird die junge Sarah Piper beauftragt, den Geisterj\u00e4ger Alistair Gellis bei seiner Arbeit zu unterst\u00fctzen.<\/span><br \/>\n<span style=\"font-family: georgia, palatino, serif; color: #000000;\">Gellis untersucht derzeit einen h\u00f6chst mysteri\u00f6sen Fall: Maddy Clare, ein 19-j\u00e4hriges Dienstm\u00e4dchen, erh\u00e4ngte sich in einer Scheune. Angeblich sucht die Tote jetzt die Lebenden heim \u2026<\/span><br \/>\n<span style=\"font-family: georgia, palatino, serif; color: #000000;\">Anfangs glaubt Sarah nicht an den Spuk. Doch schon bald muss sie feststellen, dass Geister tats\u00e4chlich existieren \u2013 und t\u00f6dlicher sind als in ihren schlimmsten Albtr\u00e4umen!<\/span><\/p>\n<p style=\"text-align: center;\"><span style=\"font-family: georgia, palatino, serif; color: #000000;\">Simone St. James verbindet meisterhaft den Nervenkitzel des Gothic-Horrors mit einer Liebesgeschichte. Ein Roman, den man nicht aus der Hand legen will.<\/span><\/p>\n<p><img loading=\"lazy\" decoding=\"async\" class=\"size-full wp-image-128 aligncenter\" src=\"https:\/\/vollausgebucht.net\/wp-content\/uploads\/daru.png\" alt=\"\" width=\"122\" height=\"35\" \/><\/p>\n<p><span style=\"font-family: georgia, palatino, serif; color: #000000;\">Sarah arbeitet f\u00fcr eine Agentur, die Arbeitskr\u00e4fte auf Zeit vermittelt, die schickt sie zu einem Treffen mit Alistair Gellis. Der hat ein ungew\u00f6hnliches Jobangebot, Sarah soll f\u00fcr seinen Assistenten Matthew einspringen und Kontakt zum Geist eines Dienstm\u00e4dchens suchen, dass keine M\u00e4nner in ihrer N\u00e4her duldet. Obwohl sie nicht so recht wei\u00df, was sie von diesem Angebot halten soll, nimmt sie an, denn sie f\u00fchlt sich zu Alistair hingezogen. Doch dann taucht sein Matthew auf.<\/span><\/p>\n<p><img loading=\"lazy\" decoding=\"async\" class=\"alignnone size-full wp-image-12921\" src=\"https:\/\/vollausgebucht.net\/wp-content\/uploads\/der-geist-von-maddy-1.png\" alt=\"\" width=\"700\" height=\"700\" srcset=\"https:\/\/vollausgebucht.net\/wp-content\/uploads\/der-geist-von-maddy-1.png 700w, https:\/\/vollausgebucht.net\/wp-content\/uploads\/der-geist-von-maddy-1-350x350.png 350w, https:\/\/vollausgebucht.net\/wp-content\/uploads\/der-geist-von-maddy-1-150x150.png 150w\" sizes=\"auto, (max-width: 700px) 100vw, 700px\" \/><\/p>\n<p><img loading=\"lazy\" decoding=\"async\" class=\"size-full wp-image-125 aligncenter\" src=\"https:\/\/vollausgebucht.net\/wp-content\/uploads\/meine-meinung.png\" alt=\"\" width=\"146\" height=\"32\" \/><\/p>\n<p><span style=\"font-family: georgia, palatino, serif; color: #000000;\">Mit Geister- und Spukhaus-Geschichten kriegt man mich ja immer und so ist auch <span style=\"text-decoration: underline;\"><a style=\"color: #000000; text-decoration: underline;\" href=\"https:\/\/www.festa-verlag.de\/der-geist-von-maddy-clare.html\">&#8222;Der Geist von Maddy Clare&#8220;<\/a><\/span> gleich nach Erscheinen bei mir eingezogen, allerdings dauerte es auch hier wieder eine ganze Weile, bis ich zum Lesen kam.<br \/>\n<span style=\"text-decoration: underline;\"><a style=\"color: #000000; text-decoration: underline;\" href=\"http:\/\/www.simonestjames.com\/\">Simone St. James<\/a><\/span> verf\u00fcgt \u00fcber einen unheimlich fesselnden Schreibstil, denn auch wenn ich von Anfang an ahnte, in welche Richtung sich das Buch entwickelt, so musste ich mich dennoch zwingen, es zumindest ab und an mal zur Seite zu legen und mich meinem Alltag zu widmen. Nat\u00fcrlich lag das vor allem an den Figuren, die alle ihr P\u00e4ckchen zu tragen haben. Da ist Sarah, immer pleite und auf der Suche nach dem n\u00e4chsten Job, die auf den reichen und geheimnisvollen Alistair trifft, der sich ihr gegen\u00fcber so v\u00f6llig anders als der Rest der Welt verh\u00e4lt, denn er begegnet ihr auf Augenh\u00f6he. Er ist vom Leben gezeichnet, als Mann war er im Krieg und das fordert seinen Tribut. Noch weitaus r\u00e4tselhafter als er ist jedoch Matthew, sein Assistent, der pl\u00f6tzlich aus dem Nichts auftaucht und alles tut, damit Sarah ihren Platz r\u00e4umt. Auch er\u00a0 hat einiges durchgemacht und legt teilweise sonderbares Verhalten an den Tag.<br \/>\nDieses Trio stellt sich Maddy entgegen, einem 19-j\u00e4hrigen Dienstm\u00e4dchen, dass sich in der Scheune der Familie Clare erh\u00e4ngt hat und nun von Hass zerfressen auf Rache sinnt. Alle 3 geraten in ihren Bann, allerdings wirkt sich das bei jedem von ihnen anders aus. Eines ist ihnen jedoch klar, Maddys Geist existiert und er ist verdammt w\u00fctend.<br \/>\nIch f\u00fcr meinen Teil bin ja kein Freund von Lovestorys, trotzdem hat mich Sarahs kleine Romanze, na ja, eigentlich ist das nicht das richtige Wort daf\u00fcr^^, hier gar nicht gest\u00f6rt, denn sie f\u00fcgt sich wunderbar ins Geschehen ein. Zwei verletzte Seelen finden in all dem Grauen um sie herum zueinander und man g\u00f6nnt ihnen diese kurzen Momente der Ablenkung, bevor die n\u00e4chste b\u00f6se \u00dcberraschung von Maddy auf sie wartet und die hat es faustdick hinter ihren toten Ohren.<br \/>\nDie Autorin l\u00e4sst Sarah ihre Geschichte aus der Ich-Perspektive erz\u00e4hlen, so ist man bei allen Geschehnissen sozusagen live vor Ort. Au\u00dferdem tr\u00e4gt das l\u00e4ndliche Setting, in dem Sarah, Alistair und Matthew als unwillkommene Eindringlinge gelten und so auch von der Bev\u00f6lkerung behandelt werden, seinen Teil zur d\u00fcsteren Stimmung bei, die das gesamte Buch durchzieht. Dass die beiden M\u00e4nner Sarah in einer Zeit, in der Frauen nicht viel zu melden haben als gleichberechtigtes Mitglied ihres Teams sehen, sorgt da noch zus\u00e4tzlich f\u00fcr Misstrauen und Kopfsch\u00fctteln.<br \/>\n<\/span><\/p>\n<p><img loading=\"lazy\" decoding=\"async\" class=\"size-full wp-image-298 aligncenter\" src=\"https:\/\/vollausgebucht.net\/wp-content\/uploads\/2020\/05\/fazit2.png\" alt=\"\" width=\"58\" height=\"28\" \/><\/p>\n<p><span style=\"font-family: georgia, palatino, serif; color: #000000;\">Simone St. James hat mit &#8222;Der Geist von Maddy Clare&#8220; das Rad nicht neu erfunden und mir war recht schnell klar, worauf am Ende alles hinausl\u00e4uft, nat\u00fcrlich nicht bis ins kleinste Detail, aber immerhin. Trotzdem habe ich das Buch genossen, mit Alistair gelitten, Sarah ein Happy End gew\u00fcnscht. Doch das Leben ist halt nicht immer fair, schon allein deshalb bin ich auch Team Maddy und kann sie verstehen. Irgendwann hat man einfach zu viele Zitronen gesammelt, um noch Limonade daraus zu machen.<br \/>\nWer wie ich auf Geistergeschichten steht, dem kann ich einen Besuch bei Maddy Clare nur w\u00e4rmstens ans Herz legen, aber passt auf, als M\u00e4nner habt ihr ganz schlechte Karten.<br \/>\nVon mir gib es 4 von 5 Miezekatzen f\u00fcr die Frauen, die hier definitiv nicht das schwache Geschlecht sind.<br \/>\n<\/span><\/p>\n<p><img loading=\"lazy\" decoding=\"async\" class=\"size-full wp-image-132 aligncenter\" src=\"https:\/\/vollausgebucht.net\/wp-content\/uploads\/miezk.png\" alt=\"\" width=\"267\" height=\"45\" \/><\/p>\n<p><img loading=\"lazy\" decoding=\"async\" class=\"alignnone size-full wp-image-12913\" src=\"https:\/\/vollausgebucht.net\/wp-content\/uploads\/der-geist-von-maddy-clare-2.png\" alt=\"\" width=\"700\" height=\"350\" srcset=\"https:\/\/vollausgebucht.net\/wp-content\/uploads\/der-geist-von-maddy-clare-2.png 700w, https:\/\/vollausgebucht.net\/wp-content\/uploads\/der-geist-von-maddy-clare-2-350x175.png 350w, https:\/\/vollausgebucht.net\/wp-content\/uploads\/der-geist-von-maddy-clare-2-300x150.png 300w\" sizes=\"auto, (max-width: 700px) 100vw, 700px\" \/><\/p>\n","protected":false},"excerpt":{"rendered":"<p>&#8220; &#8230; \u00bbFalls das kein Scherz ist, falls es wahr ist, dann verlangen sie von mir, dass ich &#8230; dass ich ein totes Ding aufsuche.\u00ab &#8230;&#8220; (Seite 22) London, 1922: \u00dcberraschend wird die junge Sarah Piper beauftragt, den Geisterj\u00e4ger Alistair <a class=\"more-link\" href=\"https:\/\/vollausgebucht.net\/?p=12910\">Weiterlesen\u00a0\u2026<\/a><\/p>\n","protected":false},"author":1,"featured_media":12911,"comment_status":"open","ping_status":"closed","sticky":false,"template":"","format":"standard","meta":{"sfsi_plus_gutenberg_text_before_share":"","sfsi_plus_gutenberg_show_text_before_share":"","sfsi_plus_gutenberg_icon_type":"","sfsi_plus_gutenberg_icon_alignemt":"","sfsi_plus_gutenburg_max_per_row":"","_monsterinsights_skip_tracking":false,"_monsterinsights_sitenote_active":false,"_monsterinsights_sitenote_note":"","_monsterinsights_sitenote_category":0,"footnotes":""},"categories":[5],"tags":[550,485,482,22,450,499,481,491,494,489,492,483,11,493,486,1158,742,1021,27,487,490,59,495,16,484,6,1159],"class_list":["post-12910","post","type-post","status-publish","format-standard","has-post-thumbnail","hentry","category-rezension","tag-bookish","tag-bookjunkie","tag-booklover","tag-booknerd","tag-books","tag-books-of-instagramm","tag-bookstagram","tag-bookstagram-germany","tag-buchblog","tag-buchblogger","tag-buecher","tag-buecherliebe","tag-buechersuechtig","tag-buecherwurm","tag-buchtipp","tag-der-geist-von-maddy-clare","tag-festa","tag-geister","tag-horror","tag-instabooks","tag-leseliebe","tag-leseliste","tag-lesen","tag-leseratte","tag-reading","tag-rezension","tag-simone-st-james"],"yoast_head":"<!-- This site is optimized with the Yoast SEO plugin v27.5 - https:\/\/yoast.com\/product\/yoast-seo-wordpress\/ -->\n<title>&quot;Der Geist von Maddy Clare&quot; - Simone St. James - Voll ausgebucht<\/title>\n<meta name=\"robots\" content=\"index, follow, max-snippet:-1, max-image-preview:large, max-video-preview:-1\" \/>\n<link rel=\"canonical\" href=\"https:\/\/vollausgebucht.net\/?p=12910\" \/>\n<meta property=\"og:locale\" content=\"de_DE\" \/>\n<meta property=\"og:type\" content=\"article\" \/>\n<meta property=\"og:title\" content=\"&quot;Der Geist von Maddy Clare&quot; - Simone St. James - Voll ausgebucht\" \/>\n<meta property=\"og:description\" content=\"&#8220; &#8230; \u00bbFalls das kein Scherz ist, falls es wahr ist, dann verlangen sie von mir, dass ich &#8230; dass ich ein totes Ding aufsuche.\u00ab &#8230;&#8220; (Seite 22) London, 1922: \u00dcberraschend wird die junge Sarah Piper beauftragt, den Geisterj\u00e4ger Alistair Weiterlesen\u00a0\u2026\" \/>\n<meta property=\"og:url\" content=\"https:\/\/vollausgebucht.net\/?p=12910\" \/>\n<meta property=\"og:site_name\" content=\"Voll ausgebucht\" \/>\n<meta property=\"article:published_time\" content=\"2023-05-17T10:37:02+00:00\" \/>\n<meta property=\"article:modified_time\" content=\"2023-05-17T13:19:02+00:00\" \/>\n<meta property=\"og:image\" content=\"https:\/\/vollausgebucht.net\/wp-content\/uploads\/rezi-der-geist-von-maddy.png\" \/>\n\t<meta property=\"og:image:width\" content=\"700\" \/>\n\t<meta property=\"og:image:height\" content=\"330\" \/>\n\t<meta property=\"og:image:type\" content=\"image\/png\" \/>\n<meta name=\"author\" content=\"DesKing\" \/>\n<script type=\"application\/ld+json\" class=\"yoast-schema-graph\">{\"@context\":\"https:\\\/\\\/schema.org\",\"@graph\":[{\"@type\":\"Article\",\"@id\":\"https:\\\/\\\/vollausgebucht.net\\\/?p=12910#article\",\"isPartOf\":{\"@id\":\"https:\\\/\\\/vollausgebucht.net\\\/?p=12910\"},\"author\":{\"name\":\"DesKing\",\"@id\":\"https:\\\/\\\/vollausgebucht.net\\\/#\\\/schema\\\/person\\\/a4c2c6f703cf1bac8cf4974558e405c6\"},\"headline\":\"&#8222;Der Geist von Maddy Clare&#8220; &#8211; Simone St. James\",\"datePublished\":\"2023-05-17T10:37:02+00:00\",\"dateModified\":\"2023-05-17T13:19:02+00:00\",\"mainEntityOfPage\":{\"@id\":\"https:\\\/\\\/vollausgebucht.net\\\/?p=12910\"},\"wordCount\":789,\"commentCount\":0,\"publisher\":{\"@id\":\"https:\\\/\\\/vollausgebucht.net\\\/#\\\/schema\\\/person\\\/a4c2c6f703cf1bac8cf4974558e405c6\"},\"image\":{\"@id\":\"https:\\\/\\\/vollausgebucht.net\\\/?p=12910#primaryimage\"},\"thumbnailUrl\":\"https:\\\/\\\/vollausgebucht.net\\\/wp-content\\\/uploads\\\/rezi-der-geist-von-maddy.png\",\"keywords\":[\"Bookish\",\"Bookjunkie\",\"Booklover\",\"Booknerd\",\"Books\",\"Books of Instagramm\",\"Bookstagram\",\"Bookstagram Germany\",\"Buchblog\",\"Buchblogger\",\"B\u00fccher\",\"B\u00fccherliebe\",\"B\u00fcchers\u00fcchtig\",\"B\u00fccherwurm\",\"Buchtipp\",\"Der Geist von Maddy Clare\",\"Festa\",\"Geister\",\"Horror\",\"Instabooks\",\"Leseliebe\",\"Leseliste\",\"Lesen\",\"Leseratte\",\"Reading\",\"Rezension\",\"Simone St. James\"],\"articleSection\":[\"Rezension\"],\"inLanguage\":\"de\",\"potentialAction\":[{\"@type\":\"CommentAction\",\"name\":\"Comment\",\"target\":[\"https:\\\/\\\/vollausgebucht.net\\\/?p=12910#respond\"]}]},{\"@type\":\"WebPage\",\"@id\":\"https:\\\/\\\/vollausgebucht.net\\\/?p=12910\",\"url\":\"https:\\\/\\\/vollausgebucht.net\\\/?p=12910\",\"name\":\"\\\"Der Geist von Maddy Clare\\\" - Simone St. James - Voll ausgebucht\",\"isPartOf\":{\"@id\":\"https:\\\/\\\/vollausgebucht.net\\\/#website\"},\"primaryImageOfPage\":{\"@id\":\"https:\\\/\\\/vollausgebucht.net\\\/?p=12910#primaryimage\"},\"image\":{\"@id\":\"https:\\\/\\\/vollausgebucht.net\\\/?p=12910#primaryimage\"},\"thumbnailUrl\":\"https:\\\/\\\/vollausgebucht.net\\\/wp-content\\\/uploads\\\/rezi-der-geist-von-maddy.png\",\"datePublished\":\"2023-05-17T10:37:02+00:00\",\"dateModified\":\"2023-05-17T13:19:02+00:00\",\"breadcrumb\":{\"@id\":\"https:\\\/\\\/vollausgebucht.net\\\/?p=12910#breadcrumb\"},\"inLanguage\":\"de\",\"potentialAction\":[{\"@type\":\"ReadAction\",\"target\":[\"https:\\\/\\\/vollausgebucht.net\\\/?p=12910\"]}]},{\"@type\":\"ImageObject\",\"inLanguage\":\"de\",\"@id\":\"https:\\\/\\\/vollausgebucht.net\\\/?p=12910#primaryimage\",\"url\":\"https:\\\/\\\/vollausgebucht.net\\\/wp-content\\\/uploads\\\/rezi-der-geist-von-maddy.png\",\"contentUrl\":\"https:\\\/\\\/vollausgebucht.net\\\/wp-content\\\/uploads\\\/rezi-der-geist-von-maddy.png\",\"width\":700,\"height\":330},{\"@type\":\"BreadcrumbList\",\"@id\":\"https:\\\/\\\/vollausgebucht.net\\\/?p=12910#breadcrumb\",\"itemListElement\":[{\"@type\":\"ListItem\",\"position\":1,\"name\":\"Startseite\",\"item\":\"https:\\\/\\\/vollausgebucht.net\\\/\"},{\"@type\":\"ListItem\",\"position\":2,\"name\":\"&#8222;Der Geist von Maddy Clare&#8220; &#8211; Simone St. James\"}]},{\"@type\":\"WebSite\",\"@id\":\"https:\\\/\\\/vollausgebucht.net\\\/#website\",\"url\":\"https:\\\/\\\/vollausgebucht.net\\\/\",\"name\":\"Voll ausgebucht\",\"description\":\"\",\"publisher\":{\"@id\":\"https:\\\/\\\/vollausgebucht.net\\\/#\\\/schema\\\/person\\\/a4c2c6f703cf1bac8cf4974558e405c6\"},\"potentialAction\":[{\"@type\":\"SearchAction\",\"target\":{\"@type\":\"EntryPoint\",\"urlTemplate\":\"https:\\\/\\\/vollausgebucht.net\\\/?s={search_term_string}\"},\"query-input\":{\"@type\":\"PropertyValueSpecification\",\"valueRequired\":true,\"valueName\":\"search_term_string\"}}],\"inLanguage\":\"de\"},{\"@type\":[\"Person\",\"Organization\"],\"@id\":\"https:\\\/\\\/vollausgebucht.net\\\/#\\\/schema\\\/person\\\/a4c2c6f703cf1bac8cf4974558e405c6\",\"name\":\"DesKing\",\"logo\":{\"@id\":\"https:\\\/\\\/vollausgebucht.net\\\/#\\\/schema\\\/person\\\/image\\\/\"},\"sameAs\":[\"https:\\\/\\\/vollausgebucht.net\"],\"url\":\"https:\\\/\\\/vollausgebucht.net\\\/?author=1\"}]}<\/script>\n<!-- \/ Yoast SEO plugin. -->","yoast_head_json":{"title":"\"Der Geist von Maddy Clare\" - Simone St. James - Voll ausgebucht","robots":{"index":"index","follow":"follow","max-snippet":"max-snippet:-1","max-image-preview":"max-image-preview:large","max-video-preview":"max-video-preview:-1"},"canonical":"https:\/\/vollausgebucht.net\/?p=12910","og_locale":"de_DE","og_type":"article","og_title":"\"Der Geist von Maddy Clare\" - Simone St. James - Voll ausgebucht","og_description":"&#8220; &#8230; \u00bbFalls das kein Scherz ist, falls es wahr ist, dann verlangen sie von mir, dass ich &#8230; dass ich ein totes Ding aufsuche.\u00ab &#8230;&#8220; (Seite 22) London, 1922: \u00dcberraschend wird die junge Sarah Piper beauftragt, den Geisterj\u00e4ger Alistair Weiterlesen\u00a0\u2026","og_url":"https:\/\/vollausgebucht.net\/?p=12910","og_site_name":"Voll ausgebucht","article_published_time":"2023-05-17T10:37:02+00:00","article_modified_time":"2023-05-17T13:19:02+00:00","og_image":[{"width":700,"height":330,"url":"https:\/\/vollausgebucht.net\/wp-content\/uploads\/rezi-der-geist-von-maddy.png","type":"image\/png"}],"author":"DesKing","schema":{"@context":"https:\/\/schema.org","@graph":[{"@type":"Article","@id":"https:\/\/vollausgebucht.net\/?p=12910#article","isPartOf":{"@id":"https:\/\/vollausgebucht.net\/?p=12910"},"author":{"name":"DesKing","@id":"https:\/\/vollausgebucht.net\/#\/schema\/person\/a4c2c6f703cf1bac8cf4974558e405c6"},"headline":"&#8222;Der Geist von Maddy Clare&#8220; &#8211; Simone St. James","datePublished":"2023-05-17T10:37:02+00:00","dateModified":"2023-05-17T13:19:02+00:00","mainEntityOfPage":{"@id":"https:\/\/vollausgebucht.net\/?p=12910"},"wordCount":789,"commentCount":0,"publisher":{"@id":"https:\/\/vollausgebucht.net\/#\/schema\/person\/a4c2c6f703cf1bac8cf4974558e405c6"},"image":{"@id":"https:\/\/vollausgebucht.net\/?p=12910#primaryimage"},"thumbnailUrl":"https:\/\/vollausgebucht.net\/wp-content\/uploads\/rezi-der-geist-von-maddy.png","keywords":["Bookish","Bookjunkie","Booklover","Booknerd","Books","Books of Instagramm","Bookstagram","Bookstagram Germany","Buchblog","Buchblogger","B\u00fccher","B\u00fccherliebe","B\u00fcchers\u00fcchtig","B\u00fccherwurm","Buchtipp","Der Geist von Maddy Clare","Festa","Geister","Horror","Instabooks","Leseliebe","Leseliste","Lesen","Leseratte","Reading","Rezension","Simone St. James"],"articleSection":["Rezension"],"inLanguage":"de","potentialAction":[{"@type":"CommentAction","name":"Comment","target":["https:\/\/vollausgebucht.net\/?p=12910#respond"]}]},{"@type":"WebPage","@id":"https:\/\/vollausgebucht.net\/?p=12910","url":"https:\/\/vollausgebucht.net\/?p=12910","name":"\"Der Geist von Maddy Clare\" - Simone St. James - Voll ausgebucht","isPartOf":{"@id":"https:\/\/vollausgebucht.net\/#website"},"primaryImageOfPage":{"@id":"https:\/\/vollausgebucht.net\/?p=12910#primaryimage"},"image":{"@id":"https:\/\/vollausgebucht.net\/?p=12910#primaryimage"},"thumbnailUrl":"https:\/\/vollausgebucht.net\/wp-content\/uploads\/rezi-der-geist-von-maddy.png","datePublished":"2023-05-17T10:37:02+00:00","dateModified":"2023-05-17T13:19:02+00:00","breadcrumb":{"@id":"https:\/\/vollausgebucht.net\/?p=12910#breadcrumb"},"inLanguage":"de","potentialAction":[{"@type":"ReadAction","target":["https:\/\/vollausgebucht.net\/?p=12910"]}]},{"@type":"ImageObject","inLanguage":"de","@id":"https:\/\/vollausgebucht.net\/?p=12910#primaryimage","url":"https:\/\/vollausgebucht.net\/wp-content\/uploads\/rezi-der-geist-von-maddy.png","contentUrl":"https:\/\/vollausgebucht.net\/wp-content\/uploads\/rezi-der-geist-von-maddy.png","width":700,"height":330},{"@type":"BreadcrumbList","@id":"https:\/\/vollausgebucht.net\/?p=12910#breadcrumb","itemListElement":[{"@type":"ListItem","position":1,"name":"Startseite","item":"https:\/\/vollausgebucht.net\/"},{"@type":"ListItem","position":2,"name":"&#8222;Der Geist von Maddy Clare&#8220; &#8211; Simone St. James"}]},{"@type":"WebSite","@id":"https:\/\/vollausgebucht.net\/#website","url":"https:\/\/vollausgebucht.net\/","name":"Voll ausgebucht","description":"","publisher":{"@id":"https:\/\/vollausgebucht.net\/#\/schema\/person\/a4c2c6f703cf1bac8cf4974558e405c6"},"potentialAction":[{"@type":"SearchAction","target":{"@type":"EntryPoint","urlTemplate":"https:\/\/vollausgebucht.net\/?s={search_term_string}"},"query-input":{"@type":"PropertyValueSpecification","valueRequired":true,"valueName":"search_term_string"}}],"inLanguage":"de"},{"@type":["Person","Organization"],"@id":"https:\/\/vollausgebucht.net\/#\/schema\/person\/a4c2c6f703cf1bac8cf4974558e405c6","name":"DesKing","logo":{"@id":"https:\/\/vollausgebucht.net\/#\/schema\/person\/image\/"},"sameAs":["https:\/\/vollausgebucht.net"],"url":"https:\/\/vollausgebucht.net\/?author=1"}]}},"_links":{"self":[{"href":"https:\/\/vollausgebucht.net\/index.php?rest_route=\/wp\/v2\/posts\/12910","targetHints":{"allow":["GET"]}}],"collection":[{"href":"https:\/\/vollausgebucht.net\/index.php?rest_route=\/wp\/v2\/posts"}],"about":[{"href":"https:\/\/vollausgebucht.net\/index.php?rest_route=\/wp\/v2\/types\/post"}],"author":[{"embeddable":true,"href":"https:\/\/vollausgebucht.net\/index.php?rest_route=\/wp\/v2\/users\/1"}],"replies":[{"embeddable":true,"href":"https:\/\/vollausgebucht.net\/index.php?rest_route=%2Fwp%2Fv2%2Fcomments&post=12910"}],"version-history":[{"count":0,"href":"https:\/\/vollausgebucht.net\/index.php?rest_route=\/wp\/v2\/posts\/12910\/revisions"}],"wp:featuredmedia":[{"embeddable":true,"href":"https:\/\/vollausgebucht.net\/index.php?rest_route=\/wp\/v2\/media\/12911"}],"wp:attachment":[{"href":"https:\/\/vollausgebucht.net\/index.php?rest_route=%2Fwp%2Fv2%2Fmedia&parent=12910"}],"wp:term":[{"taxonomy":"category","embeddable":true,"href":"https:\/\/vollausgebucht.net\/index.php?rest_route=%2Fwp%2Fv2%2Fcategories&post=12910"},{"taxonomy":"post_tag","embeddable":true,"href":"https:\/\/vollausgebucht.net\/index.php?rest_route=%2Fwp%2Fv2%2Ftags&post=12910"}],"curies":[{"name":"wp","href":"https:\/\/api.w.org\/{rel}","templated":true}]}}