{"id":13379,"date":"2023-06-22T16:08:53","date_gmt":"2023-06-22T16:08:53","guid":{"rendered":"https:\/\/vollausgebucht.net\/?p=13379"},"modified":"2023-06-23T00:09:52","modified_gmt":"2023-06-23T00:09:52","slug":"die-geister-von-alcatraz-ray-kathrin-wandres","status":"publish","type":"post","link":"https:\/\/vollausgebucht.net\/?p=13379","title":{"rendered":"&#8222;Die Geister von Alcatraz: Ray&#8220; &#8211; Kathrin Wandres"},"content":{"rendered":"<blockquote>\n<p style=\"text-align: center;\"><em><span style=\"font-family: georgia, palatino, serif; color: #ffffff;\">&#8220; &#8230; Erst kurz bevor sie anlegten, sah Jill es. Wie ein Ungeheuer, das aus der Tiefe emporstieg, tauchte Alcatraz urpl\u00f6tzlich aus dem Nebel hervor. Als h\u00e4tte der Schlund der H\u00f6lle sich soeben ge\u00f6ffnet und es an die Oberfl\u00e4che gesto\u00dfen. Eine G\u00e4nsehaut legte sich auf Jillians Arme, w\u00e4hrend sie ehrfurchtsvoll die \u00fcber 40 Meter hohen Klippen hinaufstarrte. Im Prinzip war die Insel nichts weiter als ein schroffer Felsen, \u00fcberzogen mit einer Wirrnis aus Beton und Eisen. &#8230;&#8220;<\/span><\/em><\/p>\n<\/blockquote>\n<p><img loading=\"lazy\" decoding=\"async\" class=\"size-full wp-image-291 aligncenter\" src=\"https:\/\/vollausgebucht.net\/wp-content\/uploads\/2020\/05\/klap.png\" alt=\"\" width=\"112\" height=\"31\" \/><\/p>\n<p style=\"text-align: center;\"><span style=\"font-family: georgia, palatino, serif; color: #000000;\">Nur die skrupellosesten Verbrecher kommen nach Alcatraz. Doch die wahre Gefahr der Insel sitzt nicht hinter Gittern. Alcatraz 1951: Der wegen Mordes verurteilte Ray wird auf die ber\u00fcchtigte Gef\u00e4ngnisinsel Alcatraz verlegt. Sie gilt als Endstation f\u00fcr jeden H\u00e4ftling &#8211; eine Sackgasse auf dem Weg ins Verderben. Bereits an seinem ersten Tag begeht Ray einen folgenschweren Fehler und bringt den von allen gef\u00fcrchteten Insassen \u00bbDeepcut\u00ab gegen sich auf, der ihm von nun an das Leben zur H\u00f6lle macht. Durch einen Zufall lernt Ray die eigensinnige W\u00e4rtertochter Jillian kennen, die den omin\u00f6sen Machenschaften ihres Onkels auf der Spur ist. Als die Lage f\u00fcr Ray immer bedrohlicher wird, ist es allein Jillian, die ihn noch retten kann. Doch es gibt einen Gegner, mit dem niemand gerechnet hat, und dieser lauert in den finsteren Tiefen von Alcatraz.<\/span><\/p>\n<p><img loading=\"lazy\" decoding=\"async\" class=\"size-full wp-image-128 aligncenter\" src=\"https:\/\/vollausgebucht.net\/wp-content\/uploads\/daru.png\" alt=\"\" width=\"122\" height=\"35\" \/><\/p>\n<p><span style=\"font-family: georgia, palatino, serif; color: #000000;\">F\u00fcr den Gef\u00e4ngnisw\u00e4rter George Williamson ist die Versetzung nach Arcatraz eine gro\u00dfe Sache, seine 16-j\u00e4hrige Tochter Jillian hingegen kann dem Umzug nichts abgewinnen. Als sie schlie\u00dflich auf der Insel ankommt, hat sie sofort ein ungutes Gef\u00fchl. Als sie eines Abends hinter dem Fenster ihres Zimmers die Ankunft der neuen Gefangenen beobachtet, scheint sie einer von ihnen direkt anzuschauen. Als sie ihm kurz zuwinkt, l\u00e4sst er etwas auf den dreckigen Weg fallen und Jill macht sich im Schutz der Dunkelheit auf die Suche nach diesem omin\u00f6sen Gegenstand. So lernt sie Ray kennen, der seine Strafe f\u00fcr Mord in Alcatraz absitzt.<br \/>\n<\/span><\/p>\n<p><img loading=\"lazy\" decoding=\"async\" class=\"alignnone size-full wp-image-13381\" src=\"https:\/\/vollausgebucht.net\/wp-content\/uploads\/die-geister-von-alcatraz-ray-1.png\" alt=\"\" width=\"700\" height=\"700\" srcset=\"https:\/\/vollausgebucht.net\/wp-content\/uploads\/die-geister-von-alcatraz-ray-1.png 700w, https:\/\/vollausgebucht.net\/wp-content\/uploads\/die-geister-von-alcatraz-ray-1-350x350.png 350w, https:\/\/vollausgebucht.net\/wp-content\/uploads\/die-geister-von-alcatraz-ray-1-150x150.png 150w\" sizes=\"auto, (max-width: 700px) 100vw, 700px\" \/><\/p>\n<p><img loading=\"lazy\" decoding=\"async\" class=\"size-full wp-image-125 aligncenter\" src=\"https:\/\/vollausgebucht.net\/wp-content\/uploads\/meine-meinung.png\" alt=\"\" width=\"146\" height=\"32\" \/><\/p>\n<p><span style=\"font-family: georgia, palatino, serif; color: #000000;\">Von 1934 bis 1963 war das Hochsicherheitsgef\u00e4ngnis auf der Insel Alcatraz das bekannteste und ber\u00fcchtigtste Gef\u00e4ngnis Amerikas. Es galt nicht nur als ausbruchssicher, um &#8222;The Rock&#8220;, wie die kleine Insel auch genannt wird, drehen sich auch viele Legenden. Als Schauplatz f\u00fcr einen Mystery-Thriller ist das Hochsicherheitsgef\u00e4ngnis schon allein wegen seiner Geschichte die perfekte Wahl.<br \/>\nKathrin Wandres schafft es bei mir schon mit ihrem Prolog zu punkten, in dem es um einen sehr bekannten Insassen von Alcatraz geht. Nach einem kleinen Zeitsprung wendet sie sich dann Ray James Austin zu, der auf die Gef\u00e4ngnisinsel verlegt wurde. Ihm ist klar, dass der Aufenthalt dort kein Zuckerschlecken wird, zu viel hat er von diesem Gef\u00e4ngnis geh\u00f6rt, in dem nur die ganz harten Jungs einsitzen. Dass hier alle, W\u00e4chter und Gefangene, gewaltbereit sind, bekommt er bereits am ersten Abend zu sp\u00fcren.<br \/>\nAuch Jillian ist mit ihrer Familie neu auf Alcatraz, allerdings steht sie auf der anderen Seite, denn ihr Vater arbeitet als W\u00e4rter und so ist ihr der Kontakt zu den Gefangenen nat\u00fcrlich verboten. Dennoch kreuzt ihr Weg den von Ray und schon bald schweben beide in Lebensgefahr.<br \/>\nEin Doppelm\u00f6rder und ein aufm\u00fcpfiger Teenager, eine sehr ungew\u00f6hnliche Paarung und trotzdem haben die beiden etwas gemeinsam: sie sind an einem Ort, an dem sie nicht sein wollen. F\u00fcr Ray ist es sogar die Endstation seines Lebens, ein Fakt, der ihn verzweifeln l\u00e4sst.<br \/>\nJedes Kapitel einer bestimmten Figur gewidmet, so lernt man nicht nur deren Sichtweisen und Hintergr\u00fcnde kennen, sondern erf\u00e4hrt ab und an sogar mal etwas mehr als Jill und Ray, hat aber trotzdem lange keine Ahnung, was hinter den Mauern und Zellenw\u00e4nden wirklich gespielt wird. Aber auch mit dem Alltag und den Regeln hinter Gittern hat sich die Autorin besch\u00e4ftigt und genau das macht f\u00fcr mich einen Teil der Spannung aus. Nat\u00fcrlich tragen auch die gut ausgearbeiteten Charaktere dazu bei, gerade Jillian mit ihrem ausgepr\u00e4gtem Gerechtigkeitssinn muss man einfach ins Herz schlie\u00dfen, denn sie ist nicht nur verdammt clever, sondern auch hart im Nehmen. Und sie vertraut ihrem Bauchgef\u00fchl, trotz aller Vorurteile und angeblicher Fakten, eine Sache, die wir heutzutage meinst viel zu wenig tun.<br \/>\n<\/span><\/p>\n<p><img loading=\"lazy\" decoding=\"async\" class=\"size-full wp-image-298 aligncenter\" src=\"https:\/\/vollausgebucht.net\/wp-content\/uploads\/2020\/05\/fazit2.png\" alt=\"\" width=\"58\" height=\"28\" \/><\/p>\n<p><span style=\"font-family: georgia, palatino, serif; color: #000000;\">Alcatraz hat mich schon immer fasziniert, ich liebe &#8222;The Rock&#8220; mit Nicholas Cage und Sean Connery. Auch der erste Teil von &#8222;Die Geister von Alcatraz&#8220; entpuppte sich als Gl\u00fccksgriff, inzwischen sind hier die anderen beiden B\u00e4nde eingezogen und warten darauf, gelesen zu werden.<br \/>\nMich hat das Buch sehr gut unterhalten, unter anderem auch, weil es in diesem Thriller zwar einen Mystery Anteil gibt, der aber sehr gut dosiert ist und nicht zu viel Raum einnimmt. Daf\u00fcr gibt es von mir 4 von 5 Miezekatzen und ich freue mich auf ein Wiedersehen mit Jill.<br \/>\n<\/span><\/p>\n<p><img loading=\"lazy\" decoding=\"async\" class=\"size-full wp-image-132 aligncenter\" src=\"https:\/\/vollausgebucht.net\/wp-content\/uploads\/miezk.png\" alt=\"\" width=\"267\" height=\"45\" \/><\/p>\n<p><span style=\"font-family: georgia, palatino, serif; color: #3366ff;\">&#8222;Die Geister von Alcatraz: Ray&#8220;<\/span><br \/>\n<span style=\"font-family: georgia, palatino, serif; color: #000000;\">&#8222;Die Geister von Alcatraz: Chester&#8220;<\/span><br \/>\n<span style=\"font-family: georgia, palatino, serif; color: #000000;\">&#8222;Die Geister von Alcatraz: Will&#8220;<\/span><\/p>\n<p><img loading=\"lazy\" decoding=\"async\" class=\"alignnone size-full wp-image-13382\" src=\"https:\/\/vollausgebucht.net\/wp-content\/uploads\/Die-geister-von-alcatraz-ray-2-1.png\" alt=\"\" width=\"700\" height=\"350\" srcset=\"https:\/\/vollausgebucht.net\/wp-content\/uploads\/Die-geister-von-alcatraz-ray-2-1.png 700w, https:\/\/vollausgebucht.net\/wp-content\/uploads\/Die-geister-von-alcatraz-ray-2-1-350x175.png 350w, https:\/\/vollausgebucht.net\/wp-content\/uploads\/Die-geister-von-alcatraz-ray-2-1-300x150.png 300w\" sizes=\"auto, (max-width: 700px) 100vw, 700px\" \/><\/p>\n","protected":false},"excerpt":{"rendered":"<p>&#8220; &#8230; Erst kurz bevor sie anlegten, sah Jill es. Wie ein Ungeheuer, das aus der Tiefe emporstieg, tauchte Alcatraz urpl\u00f6tzlich aus dem Nebel hervor. Als h\u00e4tte der Schlund der H\u00f6lle sich soeben ge\u00f6ffnet und es an die Oberfl\u00e4che gesto\u00dfen. <a class=\"more-link\" href=\"https:\/\/vollausgebucht.net\/?p=13379\">Weiterlesen\u00a0\u2026<\/a><\/p>\n","protected":false},"author":1,"featured_media":13380,"comment_status":"open","ping_status":"closed","sticky":false,"template":"","format":"standard","meta":{"sfsi_plus_gutenberg_text_before_share":"","sfsi_plus_gutenberg_show_text_before_share":"","sfsi_plus_gutenberg_icon_type":"","sfsi_plus_gutenberg_icon_alignemt":"","sfsi_plus_gutenburg_max_per_row":"","_monsterinsights_skip_tracking":false,"_monsterinsights_sitenote_active":false,"_monsterinsights_sitenote_note":"","_monsterinsights_sitenote_category":0,"footnotes":""},"categories":[5],"tags":[550,485,482,22,450,499,481,491,494,489,492,483,11,493,486,1500,487,1503,490,59,495,16,1501,484,6,47],"class_list":["post-13379","post","type-post","status-publish","format-standard","has-post-thumbnail","hentry","category-rezension","tag-bookish","tag-bookjunkie","tag-booklover","tag-booknerd","tag-books","tag-books-of-instagramm","tag-bookstagram","tag-bookstagram-germany","tag-buchblog","tag-buchblogger","tag-buecher","tag-buecherliebe","tag-buechersuechtig","tag-buecherwurm","tag-buchtipp","tag-die-geister-von-alcatraz","tag-instabooks","tag-kathrin-wandres","tag-leseliebe","tag-leseliste","tag-lesen","tag-leseratte","tag-ray","tag-reading","tag-rezension","tag-thriller"],"yoast_head":"<!-- This site is optimized with the Yoast SEO plugin v27.4 - https:\/\/yoast.com\/product\/yoast-seo-wordpress\/ -->\n<title>&quot;Die Geister von Alcatraz: Ray&quot; - Kathrin Wandres - Voll ausgebucht<\/title>\n<meta name=\"robots\" content=\"index, follow, max-snippet:-1, max-image-preview:large, max-video-preview:-1\" \/>\n<link rel=\"canonical\" href=\"https:\/\/vollausgebucht.net\/?p=13379\" \/>\n<meta property=\"og:locale\" content=\"de_DE\" \/>\n<meta property=\"og:type\" content=\"article\" \/>\n<meta property=\"og:title\" content=\"&quot;Die Geister von Alcatraz: Ray&quot; - Kathrin Wandres - Voll ausgebucht\" \/>\n<meta property=\"og:description\" content=\"&#8220; &#8230; Erst kurz bevor sie anlegten, sah Jill es. Wie ein Ungeheuer, das aus der Tiefe emporstieg, tauchte Alcatraz urpl\u00f6tzlich aus dem Nebel hervor. Als h\u00e4tte der Schlund der H\u00f6lle sich soeben ge\u00f6ffnet und es an die Oberfl\u00e4che gesto\u00dfen. Weiterlesen\u00a0\u2026\" \/>\n<meta property=\"og:url\" content=\"https:\/\/vollausgebucht.net\/?p=13379\" \/>\n<meta property=\"og:site_name\" content=\"Voll ausgebucht\" \/>\n<meta property=\"article:published_time\" content=\"2023-06-22T16:08:53+00:00\" \/>\n<meta property=\"article:modified_time\" content=\"2023-06-23T00:09:52+00:00\" \/>\n<meta property=\"og:image\" content=\"https:\/\/vollausgebucht.net\/wp-content\/uploads\/rezi-die-geister-von-alcatraz-ray.png\" \/>\n\t<meta property=\"og:image:width\" content=\"700\" \/>\n\t<meta property=\"og:image:height\" content=\"330\" \/>\n\t<meta property=\"og:image:type\" content=\"image\/png\" \/>\n<meta name=\"author\" content=\"DesKing\" \/>\n<script type=\"application\/ld+json\" class=\"yoast-schema-graph\">{\"@context\":\"https:\\\/\\\/schema.org\",\"@graph\":[{\"@type\":\"Article\",\"@id\":\"https:\\\/\\\/vollausgebucht.net\\\/?p=13379#article\",\"isPartOf\":{\"@id\":\"https:\\\/\\\/vollausgebucht.net\\\/?p=13379\"},\"author\":{\"name\":\"DesKing\",\"@id\":\"https:\\\/\\\/vollausgebucht.net\\\/#\\\/schema\\\/person\\\/a4c2c6f703cf1bac8cf4974558e405c6\"},\"headline\":\"&#8222;Die Geister von Alcatraz: Ray&#8220; &#8211; Kathrin Wandres\",\"datePublished\":\"2023-06-22T16:08:53+00:00\",\"dateModified\":\"2023-06-23T00:09:52+00:00\",\"mainEntityOfPage\":{\"@id\":\"https:\\\/\\\/vollausgebucht.net\\\/?p=13379\"},\"wordCount\":823,\"commentCount\":0,\"publisher\":{\"@id\":\"https:\\\/\\\/vollausgebucht.net\\\/#\\\/schema\\\/person\\\/a4c2c6f703cf1bac8cf4974558e405c6\"},\"image\":{\"@id\":\"https:\\\/\\\/vollausgebucht.net\\\/?p=13379#primaryimage\"},\"thumbnailUrl\":\"https:\\\/\\\/vollausgebucht.net\\\/wp-content\\\/uploads\\\/rezi-die-geister-von-alcatraz-ray.png\",\"keywords\":[\"Bookish\",\"Bookjunkie\",\"Booklover\",\"Booknerd\",\"Books\",\"Books of Instagramm\",\"Bookstagram\",\"Bookstagram Germany\",\"Buchblog\",\"Buchblogger\",\"B\u00fccher\",\"B\u00fccherliebe\",\"B\u00fcchers\u00fcchtig\",\"B\u00fccherwurm\",\"Buchtipp\",\"Die Geister von Alcatraz\",\"Instabooks\",\"Kathrin Wandres\",\"Leseliebe\",\"Leseliste\",\"Lesen\",\"Leseratte\",\"Ray\",\"Reading\",\"Rezension\",\"Thriller\"],\"articleSection\":[\"Rezension\"],\"inLanguage\":\"de\",\"potentialAction\":[{\"@type\":\"CommentAction\",\"name\":\"Comment\",\"target\":[\"https:\\\/\\\/vollausgebucht.net\\\/?p=13379#respond\"]}]},{\"@type\":\"WebPage\",\"@id\":\"https:\\\/\\\/vollausgebucht.net\\\/?p=13379\",\"url\":\"https:\\\/\\\/vollausgebucht.net\\\/?p=13379\",\"name\":\"\\\"Die Geister von Alcatraz: Ray\\\" - Kathrin Wandres - Voll ausgebucht\",\"isPartOf\":{\"@id\":\"https:\\\/\\\/vollausgebucht.net\\\/#website\"},\"primaryImageOfPage\":{\"@id\":\"https:\\\/\\\/vollausgebucht.net\\\/?p=13379#primaryimage\"},\"image\":{\"@id\":\"https:\\\/\\\/vollausgebucht.net\\\/?p=13379#primaryimage\"},\"thumbnailUrl\":\"https:\\\/\\\/vollausgebucht.net\\\/wp-content\\\/uploads\\\/rezi-die-geister-von-alcatraz-ray.png\",\"datePublished\":\"2023-06-22T16:08:53+00:00\",\"dateModified\":\"2023-06-23T00:09:52+00:00\",\"breadcrumb\":{\"@id\":\"https:\\\/\\\/vollausgebucht.net\\\/?p=13379#breadcrumb\"},\"inLanguage\":\"de\",\"potentialAction\":[{\"@type\":\"ReadAction\",\"target\":[\"https:\\\/\\\/vollausgebucht.net\\\/?p=13379\"]}]},{\"@type\":\"ImageObject\",\"inLanguage\":\"de\",\"@id\":\"https:\\\/\\\/vollausgebucht.net\\\/?p=13379#primaryimage\",\"url\":\"https:\\\/\\\/vollausgebucht.net\\\/wp-content\\\/uploads\\\/rezi-die-geister-von-alcatraz-ray.png\",\"contentUrl\":\"https:\\\/\\\/vollausgebucht.net\\\/wp-content\\\/uploads\\\/rezi-die-geister-von-alcatraz-ray.png\",\"width\":700,\"height\":330},{\"@type\":\"BreadcrumbList\",\"@id\":\"https:\\\/\\\/vollausgebucht.net\\\/?p=13379#breadcrumb\",\"itemListElement\":[{\"@type\":\"ListItem\",\"position\":1,\"name\":\"Startseite\",\"item\":\"https:\\\/\\\/vollausgebucht.net\\\/\"},{\"@type\":\"ListItem\",\"position\":2,\"name\":\"&#8222;Die Geister von Alcatraz: Ray&#8220; &#8211; Kathrin Wandres\"}]},{\"@type\":\"WebSite\",\"@id\":\"https:\\\/\\\/vollausgebucht.net\\\/#website\",\"url\":\"https:\\\/\\\/vollausgebucht.net\\\/\",\"name\":\"Voll ausgebucht\",\"description\":\"\",\"publisher\":{\"@id\":\"https:\\\/\\\/vollausgebucht.net\\\/#\\\/schema\\\/person\\\/a4c2c6f703cf1bac8cf4974558e405c6\"},\"potentialAction\":[{\"@type\":\"SearchAction\",\"target\":{\"@type\":\"EntryPoint\",\"urlTemplate\":\"https:\\\/\\\/vollausgebucht.net\\\/?s={search_term_string}\"},\"query-input\":{\"@type\":\"PropertyValueSpecification\",\"valueRequired\":true,\"valueName\":\"search_term_string\"}}],\"inLanguage\":\"de\"},{\"@type\":[\"Person\",\"Organization\"],\"@id\":\"https:\\\/\\\/vollausgebucht.net\\\/#\\\/schema\\\/person\\\/a4c2c6f703cf1bac8cf4974558e405c6\",\"name\":\"DesKing\",\"logo\":{\"@id\":\"https:\\\/\\\/vollausgebucht.net\\\/#\\\/schema\\\/person\\\/image\\\/\"},\"sameAs\":[\"https:\\\/\\\/vollausgebucht.net\"],\"url\":\"https:\\\/\\\/vollausgebucht.net\\\/?author=1\"}]}<\/script>\n<!-- \/ Yoast SEO plugin. -->","yoast_head_json":{"title":"\"Die Geister von Alcatraz: Ray\" - Kathrin Wandres - Voll ausgebucht","robots":{"index":"index","follow":"follow","max-snippet":"max-snippet:-1","max-image-preview":"max-image-preview:large","max-video-preview":"max-video-preview:-1"},"canonical":"https:\/\/vollausgebucht.net\/?p=13379","og_locale":"de_DE","og_type":"article","og_title":"\"Die Geister von Alcatraz: Ray\" - Kathrin Wandres - Voll ausgebucht","og_description":"&#8220; &#8230; Erst kurz bevor sie anlegten, sah Jill es. Wie ein Ungeheuer, das aus der Tiefe emporstieg, tauchte Alcatraz urpl\u00f6tzlich aus dem Nebel hervor. Als h\u00e4tte der Schlund der H\u00f6lle sich soeben ge\u00f6ffnet und es an die Oberfl\u00e4che gesto\u00dfen. Weiterlesen\u00a0\u2026","og_url":"https:\/\/vollausgebucht.net\/?p=13379","og_site_name":"Voll ausgebucht","article_published_time":"2023-06-22T16:08:53+00:00","article_modified_time":"2023-06-23T00:09:52+00:00","og_image":[{"width":700,"height":330,"url":"https:\/\/vollausgebucht.net\/wp-content\/uploads\/rezi-die-geister-von-alcatraz-ray.png","type":"image\/png"}],"author":"DesKing","schema":{"@context":"https:\/\/schema.org","@graph":[{"@type":"Article","@id":"https:\/\/vollausgebucht.net\/?p=13379#article","isPartOf":{"@id":"https:\/\/vollausgebucht.net\/?p=13379"},"author":{"name":"DesKing","@id":"https:\/\/vollausgebucht.net\/#\/schema\/person\/a4c2c6f703cf1bac8cf4974558e405c6"},"headline":"&#8222;Die Geister von Alcatraz: Ray&#8220; &#8211; Kathrin Wandres","datePublished":"2023-06-22T16:08:53+00:00","dateModified":"2023-06-23T00:09:52+00:00","mainEntityOfPage":{"@id":"https:\/\/vollausgebucht.net\/?p=13379"},"wordCount":823,"commentCount":0,"publisher":{"@id":"https:\/\/vollausgebucht.net\/#\/schema\/person\/a4c2c6f703cf1bac8cf4974558e405c6"},"image":{"@id":"https:\/\/vollausgebucht.net\/?p=13379#primaryimage"},"thumbnailUrl":"https:\/\/vollausgebucht.net\/wp-content\/uploads\/rezi-die-geister-von-alcatraz-ray.png","keywords":["Bookish","Bookjunkie","Booklover","Booknerd","Books","Books of Instagramm","Bookstagram","Bookstagram Germany","Buchblog","Buchblogger","B\u00fccher","B\u00fccherliebe","B\u00fcchers\u00fcchtig","B\u00fccherwurm","Buchtipp","Die Geister von Alcatraz","Instabooks","Kathrin Wandres","Leseliebe","Leseliste","Lesen","Leseratte","Ray","Reading","Rezension","Thriller"],"articleSection":["Rezension"],"inLanguage":"de","potentialAction":[{"@type":"CommentAction","name":"Comment","target":["https:\/\/vollausgebucht.net\/?p=13379#respond"]}]},{"@type":"WebPage","@id":"https:\/\/vollausgebucht.net\/?p=13379","url":"https:\/\/vollausgebucht.net\/?p=13379","name":"\"Die Geister von Alcatraz: Ray\" - Kathrin Wandres - Voll ausgebucht","isPartOf":{"@id":"https:\/\/vollausgebucht.net\/#website"},"primaryImageOfPage":{"@id":"https:\/\/vollausgebucht.net\/?p=13379#primaryimage"},"image":{"@id":"https:\/\/vollausgebucht.net\/?p=13379#primaryimage"},"thumbnailUrl":"https:\/\/vollausgebucht.net\/wp-content\/uploads\/rezi-die-geister-von-alcatraz-ray.png","datePublished":"2023-06-22T16:08:53+00:00","dateModified":"2023-06-23T00:09:52+00:00","breadcrumb":{"@id":"https:\/\/vollausgebucht.net\/?p=13379#breadcrumb"},"inLanguage":"de","potentialAction":[{"@type":"ReadAction","target":["https:\/\/vollausgebucht.net\/?p=13379"]}]},{"@type":"ImageObject","inLanguage":"de","@id":"https:\/\/vollausgebucht.net\/?p=13379#primaryimage","url":"https:\/\/vollausgebucht.net\/wp-content\/uploads\/rezi-die-geister-von-alcatraz-ray.png","contentUrl":"https:\/\/vollausgebucht.net\/wp-content\/uploads\/rezi-die-geister-von-alcatraz-ray.png","width":700,"height":330},{"@type":"BreadcrumbList","@id":"https:\/\/vollausgebucht.net\/?p=13379#breadcrumb","itemListElement":[{"@type":"ListItem","position":1,"name":"Startseite","item":"https:\/\/vollausgebucht.net\/"},{"@type":"ListItem","position":2,"name":"&#8222;Die Geister von Alcatraz: Ray&#8220; &#8211; Kathrin Wandres"}]},{"@type":"WebSite","@id":"https:\/\/vollausgebucht.net\/#website","url":"https:\/\/vollausgebucht.net\/","name":"Voll ausgebucht","description":"","publisher":{"@id":"https:\/\/vollausgebucht.net\/#\/schema\/person\/a4c2c6f703cf1bac8cf4974558e405c6"},"potentialAction":[{"@type":"SearchAction","target":{"@type":"EntryPoint","urlTemplate":"https:\/\/vollausgebucht.net\/?s={search_term_string}"},"query-input":{"@type":"PropertyValueSpecification","valueRequired":true,"valueName":"search_term_string"}}],"inLanguage":"de"},{"@type":["Person","Organization"],"@id":"https:\/\/vollausgebucht.net\/#\/schema\/person\/a4c2c6f703cf1bac8cf4974558e405c6","name":"DesKing","logo":{"@id":"https:\/\/vollausgebucht.net\/#\/schema\/person\/image\/"},"sameAs":["https:\/\/vollausgebucht.net"],"url":"https:\/\/vollausgebucht.net\/?author=1"}]}},"_links":{"self":[{"href":"https:\/\/vollausgebucht.net\/index.php?rest_route=\/wp\/v2\/posts\/13379","targetHints":{"allow":["GET"]}}],"collection":[{"href":"https:\/\/vollausgebucht.net\/index.php?rest_route=\/wp\/v2\/posts"}],"about":[{"href":"https:\/\/vollausgebucht.net\/index.php?rest_route=\/wp\/v2\/types\/post"}],"author":[{"embeddable":true,"href":"https:\/\/vollausgebucht.net\/index.php?rest_route=\/wp\/v2\/users\/1"}],"replies":[{"embeddable":true,"href":"https:\/\/vollausgebucht.net\/index.php?rest_route=%2Fwp%2Fv2%2Fcomments&post=13379"}],"version-history":[{"count":0,"href":"https:\/\/vollausgebucht.net\/index.php?rest_route=\/wp\/v2\/posts\/13379\/revisions"}],"wp:featuredmedia":[{"embeddable":true,"href":"https:\/\/vollausgebucht.net\/index.php?rest_route=\/wp\/v2\/media\/13380"}],"wp:attachment":[{"href":"https:\/\/vollausgebucht.net\/index.php?rest_route=%2Fwp%2Fv2%2Fmedia&parent=13379"}],"wp:term":[{"taxonomy":"category","embeddable":true,"href":"https:\/\/vollausgebucht.net\/index.php?rest_route=%2Fwp%2Fv2%2Fcategories&post=13379"},{"taxonomy":"post_tag","embeddable":true,"href":"https:\/\/vollausgebucht.net\/index.php?rest_route=%2Fwp%2Fv2%2Ftags&post=13379"}],"curies":[{"name":"wp","href":"https:\/\/api.w.org\/{rel}","templated":true}]}}