{"id":13757,"date":"2023-07-29T14:44:34","date_gmt":"2023-07-29T12:44:34","guid":{"rendered":"https:\/\/vollausgebucht.net\/?p=13757"},"modified":"2023-07-29T17:09:07","modified_gmt":"2023-07-29T15:09:07","slug":"die-geister-von-alcatraz-chester-kathrin-wandres","status":"publish","type":"post","link":"https:\/\/vollausgebucht.net\/?p=13757","title":{"rendered":"&#8222;Die Geister von Alcatraz: Chester&#8220; &#8211; Kathrin Wandres"},"content":{"rendered":"<blockquote><p><span style=\"color: #ffffff;\"><em><span style=\"font-family: georgia, palatino, serif;\">&#8220; &#8230; Seinen Namen auszusprechen, hatte Larry seit den Erlebnissen im Verlies vor zwei Jahren nicht mehr gewagt, obwohl er noch immer wie ein fortw\u00e4hrendes unheimliches Echo in seinen Gedanken nachhalte: Capone, Capone, Capone &#8230;&#8220;<\/span><\/em><\/span><\/p><\/blockquote>\n<p><img loading=\"lazy\" decoding=\"async\" class=\"size-full wp-image-291 aligncenter\" src=\"https:\/\/vollausgebucht.net\/wp-content\/uploads\/2020\/05\/klap.png\" alt=\"\" width=\"112\" height=\"31\" \/><\/p>\n<p style=\"text-align: center;\"><span style=\"font-family: georgia, palatino, serif; color: #000000;\">Zwei Jahre lang haben die Geister geschwiegen. Doch nun wird das Verlies erneut ge\u00f6ffnet. Alcatraz 1953: Chester ist ein verurteilter M\u00f6rder &#8211; und das zu Recht. Was andere hassen, wei\u00df er zu sch\u00e4tzen: die Sicherheit der undurchdringlichen Mauern von Alcatraz. W\u00e4hrend er sich gen\u00fcgsam dem stupiden Gef\u00e4ngnisalltag hingibt, haben die W\u00e4rtertochter Jillian und ihr Onkel Jeffrey mit den Folgen jenes Vorfalls vor zwei Jahren zu k\u00e4mpfen. Als eines Nachts das Verlies ge\u00f6ffnet wird, m\u00fcssen sie sich erneut ihren gr\u00f6\u00dften \u00c4ngsten stellen. Kurz darauf geschehen die ersten Morde. H\u00e4ftlinge und W\u00e4rter verd\u00e4chtigen sich gegenseitig, jeder misstraut jedem. Inzwischen findet der M\u00f6rder von Alcatraz seine n\u00e4chsten Opfer. Als Chester erkennt, dass auch er eine Rolle in der Mordserie spielt, ist es bereits zu sp\u00e4t. Es gibt nur noch einen Ausweg &#8211; und dieser f\u00fchrt in die finsteren Tiefen von Alcatraz.<\/span><\/p>\n<p><img loading=\"lazy\" decoding=\"async\" class=\"size-full wp-image-128 aligncenter\" src=\"https:\/\/vollausgebucht.net\/wp-content\/uploads\/daru.png\" alt=\"\" width=\"122\" height=\"35\" \/><\/p>\n<p><span style=\"font-family: georgia, palatino, serif; color: #000000;\">\u00a0Zwei Jahre sind vergangen, seit Jillian und Jeffrey im Verlies den Geistern von Alcatraz begegnet sind. Jill ist inzwischen 18 und arbeitet als Vertretung im B\u00fcro des Gef\u00e4ngnisleiters. Zu ihren Aufgaben z\u00e4hlt auch das Putzen und dabei trifft sie auf den H\u00e4ftling Chester, der im Besucherraum auf einen Gast wartet und so kommen die beiden ins Gespr\u00e4ch. Wie schon bei Ray f\u00fchlt sie sich auch mit ihm auf eine seltsame Art verbunden. Als erneut Gefangene sterben und der Zugang zum Verlies ge\u00f6ffnet wird, ahnt die W\u00e4rtertochter B\u00f6ses und sie soll Recht behalten.\u00a0 \u00a0\u00a0<\/span><\/p>\n<p><img loading=\"lazy\" decoding=\"async\" class=\"alignnone size-full wp-image-13977\" src=\"https:\/\/vollausgebucht.net\/wp-content\/uploads\/Die-geister-von-alcatraz-chester-1.png\" alt=\"\" width=\"700\" height=\"700\" srcset=\"https:\/\/vollausgebucht.net\/wp-content\/uploads\/Die-geister-von-alcatraz-chester-1.png 700w, https:\/\/vollausgebucht.net\/wp-content\/uploads\/Die-geister-von-alcatraz-chester-1-350x350.png 350w, https:\/\/vollausgebucht.net\/wp-content\/uploads\/Die-geister-von-alcatraz-chester-1-150x150.png 150w\" sizes=\"auto, (max-width: 700px) 100vw, 700px\" \/><\/p>\n<p><img loading=\"lazy\" decoding=\"async\" class=\"size-full wp-image-125 aligncenter\" src=\"https:\/\/vollausgebucht.net\/wp-content\/uploads\/meine-meinung.png\" alt=\"\" width=\"146\" height=\"32\" \/><\/p>\n<p><span style=\"font-family: georgia, palatino, serif; color: #000000;\">Jillian scheint die Begegnung mit Al Capone und seiner Bande ganz gut verdaut zu haben, auch wenn ihr keiner glaubt, dass sie die Geister gesehen hat, denn ihr Onkel Jeffrey bestreitet diesen Teil der Ereignisse und Ray ist nicht mehr da. Daf\u00fcr hat Deepcut seinen F\u00fchrungsposten abgegeben und sorgt nun f\u00fcr Nachschub f\u00fcr das Geisterheer. Jill arbeitet inzwischen im B\u00fcro des Warden und trifft so auf Chester. Auch wenn sie wei\u00df, dass der Kontakt mit Inhaftierten f\u00fcr sie tabu ist, beginnt sie ein Gespr\u00e4ch mit dem Mann und die Geschichte wiederholt sich &#8230;<br \/>\nIch muss gestehen, ich wei\u00df nicht so recht, was ich von Jillians Vorliebe f\u00fcr Gefangene halten soll, denn \u00e4hnlich wie vor zwei Jahren bei Ray, f\u00fchlt sie sich auch ihm wieder verbunden ohne zu wissen wer er ist und was er getan hat.<br \/>\nNeben der W\u00e4rterstochter gibt es nat\u00fcrlich auch ein Wiedersehen mit fast allen anderen Figuren aus dem Vorg\u00e4nger. W\u00e4hrend der Warden und Jills Eltern jedoch wieder eher im Hintergrund bleiben, kommt dem inzwischen trockenen\u00a0 Jeffrey wieder eine wichtige Rolle zu, genauso wie Daniel, ihrem kleinen Bruder, der seine Nase zu tief in Dinge steckt, die ihn nichts angehen und der bei mir fast mehr punktet als seine gro\u00dfe Schwester. Am faszinierendsten fand ich aber Deepcut, der ja einen besonderen Pakt geschlossen hat und den nun erf\u00fcllen muss. War er im ersten Band noch der b\u00f6sartige Anf\u00fchrer der Gefangenen, so hat er diesen Posten inzwischen ger\u00e4umt und ist zu einem Einzelg\u00e4nger geworden, der schwer an seiner Last tr\u00e4gt und bei mir einige Sympathiepunkte abger\u00e4umt hat. Nat\u00fcrlich ist er immer kein Guter, aber hey, gerade darum mag ich ihn irgendwie.^^ Aber auch Chester wei\u00df zu \u00fcberzeugen. Im Gegensatz zu Ray ist bei ihm von Anfang an klar, dass er wirklich gemordet hat und nicht unschuldig im Gef\u00e4ngnis sitzt. Seine Geschichte ist allerdings genau ber\u00fchrend.<br \/>\n&#8222;Die Geister von Alcatraz: Chester&#8220; liest sich fl\u00fcssig und wie schon beim letzten Mal hat die Autorin auch hier wieder eine Menge interessante\u00a0 Informationen zur Gef\u00e4ngnisinsel Alcatraz und dem Alltag dort in ihr Buch gepackt. Au\u00dferdem geht es diesmal etwas d\u00fcsterer zu, was ich pers\u00f6nlich toll fand und als Sahneh\u00e4ubchen gibt es eine Prise Mystery, die der Geschichte eine ganz besondere W\u00fcrze beschert.<\/span><\/p>\n<p><img loading=\"lazy\" decoding=\"async\" class=\"size-full wp-image-298 aligncenter\" src=\"https:\/\/vollausgebucht.net\/wp-content\/uploads\/2020\/05\/fazit2.png\" alt=\"\" width=\"58\" height=\"28\" \/><\/p>\n<p><span style=\"font-family: georgia, palatino, serif; color: #000000;\">\u00a0Nach Ray kommt Chester und auch der wei\u00df zu \u00fcberzeugen, wenn auch auf eine andere Art als sein Vorg\u00e4nger. Mit dem zweiten Teil der &#8222;Die Geister von Alcatraz&#8220; Reihe liefert Kathrin Wandres wieder einen spannenden Thriller in einem tollen Setting ab, bei dem man von der ersten bis zur letzten Sekunde mitfiebert. Von mir gibt es daf\u00fcr 4 von 5 Miezekatzen und ich bin gespannt auf Band drei.<\/span><\/p>\n<p><img loading=\"lazy\" decoding=\"async\" class=\"size-full wp-image-132 aligncenter\" src=\"https:\/\/vollausgebucht.net\/wp-content\/uploads\/miezk.png\" alt=\"\" width=\"267\" height=\"45\" \/><\/p>\n<p><span style=\"text-decoration: underline;\"><span style=\"color: #000000;\"><a style=\"color: #000000;\" href=\"https:\/\/vollausgebucht.net\/?p=13379\"><span style=\"font-family: georgia, palatino, serif;\">&#8222;Die Geister von Alcatraz: Ray&#8220;<\/span><\/a><\/span><\/span><br \/>\n<span style=\"font-family: georgia, palatino, serif; color: #000000;\">&#8222;<span style=\"color: #3366ff;\">Die Geister von Alcatraz: Chester&#8220;<\/span><\/span><br \/>\n<span style=\"font-family: georgia, palatino, serif; color: #000000;\">&#8222;Die Geister von Alcatraz: Will&#8220;<\/span><\/p>\n<p><img loading=\"lazy\" decoding=\"async\" class=\"alignnone size-full wp-image-13759\" src=\"https:\/\/vollausgebucht.net\/wp-content\/uploads\/Die-geister-von-alcatraz-chester-2.png\" alt=\"\" width=\"700\" height=\"350\" srcset=\"https:\/\/vollausgebucht.net\/wp-content\/uploads\/Die-geister-von-alcatraz-chester-2.png 700w, https:\/\/vollausgebucht.net\/wp-content\/uploads\/Die-geister-von-alcatraz-chester-2-350x175.png 350w, https:\/\/vollausgebucht.net\/wp-content\/uploads\/Die-geister-von-alcatraz-chester-2-300x150.png 300w\" sizes=\"auto, (max-width: 700px) 100vw, 700px\" \/><\/p>\n","protected":false},"excerpt":{"rendered":"<p>&#8220; &#8230; Seinen Namen auszusprechen, hatte Larry seit den Erlebnissen im Verlies vor zwei Jahren nicht mehr gewagt, obwohl er noch immer wie ein fortw\u00e4hrendes unheimliches Echo in seinen Gedanken nachhalte: Capone, Capone, Capone &#8230;&#8220; Zwei Jahre lang haben die <a class=\"more-link\" href=\"https:\/\/vollausgebucht.net\/?p=13757\">Weiterlesen\u00a0\u2026<\/a><\/p>\n","protected":false},"author":1,"featured_media":13758,"comment_status":"open","ping_status":"closed","sticky":false,"template":"","format":"standard","meta":{"sfsi_plus_gutenberg_text_before_share":"","sfsi_plus_gutenberg_show_text_before_share":"","sfsi_plus_gutenberg_icon_type":"","sfsi_plus_gutenberg_icon_alignemt":"","sfsi_plus_gutenburg_max_per_row":"","_monsterinsights_skip_tracking":false,"_monsterinsights_sitenote_active":false,"_monsterinsights_sitenote_note":"","_monsterinsights_sitenote_category":0,"footnotes":""},"categories":[5],"tags":[550,485,482,22,450,499,481,491,494,489,492,483,11,493,486,1558,1500,1559,1021,487,1503,490,59,495,16,484,6,47],"class_list":["post-13757","post","type-post","status-publish","format-standard","has-post-thumbnail","hentry","category-rezension","tag-bookish","tag-bookjunkie","tag-booklover","tag-booknerd","tag-books","tag-books-of-instagramm","tag-bookstagram","tag-bookstagram-germany","tag-buchblog","tag-buchblogger","tag-buecher","tag-buecherliebe","tag-buechersuechtig","tag-buecherwurm","tag-buchtipp","tag-chester","tag-die-geister-von-alcatraz","tag-gefaengnis","tag-geister","tag-instabooks","tag-kathrin-wandres","tag-leseliebe","tag-leseliste","tag-lesen","tag-leseratte","tag-reading","tag-rezension","tag-thriller"],"yoast_head":"<!-- This site is optimized with the Yoast SEO plugin v27.4 - https:\/\/yoast.com\/product\/yoast-seo-wordpress\/ -->\n<title>&quot;Die Geister von Alcatraz: Chester&quot; - Kathrin Wandres - Voll ausgebucht<\/title>\n<meta name=\"robots\" content=\"index, follow, max-snippet:-1, max-image-preview:large, max-video-preview:-1\" \/>\n<link rel=\"canonical\" href=\"https:\/\/vollausgebucht.net\/?p=13757\" \/>\n<meta property=\"og:locale\" content=\"de_DE\" \/>\n<meta property=\"og:type\" content=\"article\" \/>\n<meta property=\"og:title\" content=\"&quot;Die Geister von Alcatraz: Chester&quot; - Kathrin Wandres - Voll ausgebucht\" \/>\n<meta property=\"og:description\" content=\"&#8220; &#8230; Seinen Namen auszusprechen, hatte Larry seit den Erlebnissen im Verlies vor zwei Jahren nicht mehr gewagt, obwohl er noch immer wie ein fortw\u00e4hrendes unheimliches Echo in seinen Gedanken nachhalte: Capone, Capone, Capone &#8230;&#8220; Zwei Jahre lang haben die Weiterlesen\u00a0\u2026\" \/>\n<meta property=\"og:url\" content=\"https:\/\/vollausgebucht.net\/?p=13757\" \/>\n<meta property=\"og:site_name\" content=\"Voll ausgebucht\" \/>\n<meta property=\"article:published_time\" content=\"2023-07-29T12:44:34+00:00\" \/>\n<meta property=\"article:modified_time\" content=\"2023-07-29T15:09:07+00:00\" \/>\n<meta property=\"og:image\" content=\"https:\/\/vollausgebucht.net\/wp-content\/uploads\/rezi-die-geister-von-alcatraz.-chester.png\" \/>\n\t<meta property=\"og:image:width\" content=\"700\" \/>\n\t<meta property=\"og:image:height\" content=\"330\" \/>\n\t<meta property=\"og:image:type\" content=\"image\/png\" \/>\n<meta name=\"author\" content=\"DesKing\" \/>\n<script type=\"application\/ld+json\" class=\"yoast-schema-graph\">{\"@context\":\"https:\\\/\\\/schema.org\",\"@graph\":[{\"@type\":\"Article\",\"@id\":\"https:\\\/\\\/vollausgebucht.net\\\/?p=13757#article\",\"isPartOf\":{\"@id\":\"https:\\\/\\\/vollausgebucht.net\\\/?p=13757\"},\"author\":{\"name\":\"DesKing\",\"@id\":\"https:\\\/\\\/vollausgebucht.net\\\/#\\\/schema\\\/person\\\/a4c2c6f703cf1bac8cf4974558e405c6\"},\"headline\":\"&#8222;Die Geister von Alcatraz: Chester&#8220; &#8211; Kathrin Wandres\",\"datePublished\":\"2023-07-29T12:44:34+00:00\",\"dateModified\":\"2023-07-29T15:09:07+00:00\",\"mainEntityOfPage\":{\"@id\":\"https:\\\/\\\/vollausgebucht.net\\\/?p=13757\"},\"wordCount\":779,\"commentCount\":0,\"publisher\":{\"@id\":\"https:\\\/\\\/vollausgebucht.net\\\/#\\\/schema\\\/person\\\/a4c2c6f703cf1bac8cf4974558e405c6\"},\"image\":{\"@id\":\"https:\\\/\\\/vollausgebucht.net\\\/?p=13757#primaryimage\"},\"thumbnailUrl\":\"https:\\\/\\\/vollausgebucht.net\\\/wp-content\\\/uploads\\\/rezi-die-geister-von-alcatraz.-chester.png\",\"keywords\":[\"Bookish\",\"Bookjunkie\",\"Booklover\",\"Booknerd\",\"Books\",\"Books of Instagramm\",\"Bookstagram\",\"Bookstagram Germany\",\"Buchblog\",\"Buchblogger\",\"B\u00fccher\",\"B\u00fccherliebe\",\"B\u00fcchers\u00fcchtig\",\"B\u00fccherwurm\",\"Buchtipp\",\"Chester\",\"Die Geister von Alcatraz\",\"Gef\u00e4ngnis\",\"Geister\",\"Instabooks\",\"Kathrin Wandres\",\"Leseliebe\",\"Leseliste\",\"Lesen\",\"Leseratte\",\"Reading\",\"Rezension\",\"Thriller\"],\"articleSection\":[\"Rezension\"],\"inLanguage\":\"de\",\"potentialAction\":[{\"@type\":\"CommentAction\",\"name\":\"Comment\",\"target\":[\"https:\\\/\\\/vollausgebucht.net\\\/?p=13757#respond\"]}]},{\"@type\":\"WebPage\",\"@id\":\"https:\\\/\\\/vollausgebucht.net\\\/?p=13757\",\"url\":\"https:\\\/\\\/vollausgebucht.net\\\/?p=13757\",\"name\":\"\\\"Die Geister von Alcatraz: Chester\\\" - Kathrin Wandres - Voll ausgebucht\",\"isPartOf\":{\"@id\":\"https:\\\/\\\/vollausgebucht.net\\\/#website\"},\"primaryImageOfPage\":{\"@id\":\"https:\\\/\\\/vollausgebucht.net\\\/?p=13757#primaryimage\"},\"image\":{\"@id\":\"https:\\\/\\\/vollausgebucht.net\\\/?p=13757#primaryimage\"},\"thumbnailUrl\":\"https:\\\/\\\/vollausgebucht.net\\\/wp-content\\\/uploads\\\/rezi-die-geister-von-alcatraz.-chester.png\",\"datePublished\":\"2023-07-29T12:44:34+00:00\",\"dateModified\":\"2023-07-29T15:09:07+00:00\",\"breadcrumb\":{\"@id\":\"https:\\\/\\\/vollausgebucht.net\\\/?p=13757#breadcrumb\"},\"inLanguage\":\"de\",\"potentialAction\":[{\"@type\":\"ReadAction\",\"target\":[\"https:\\\/\\\/vollausgebucht.net\\\/?p=13757\"]}]},{\"@type\":\"ImageObject\",\"inLanguage\":\"de\",\"@id\":\"https:\\\/\\\/vollausgebucht.net\\\/?p=13757#primaryimage\",\"url\":\"https:\\\/\\\/vollausgebucht.net\\\/wp-content\\\/uploads\\\/rezi-die-geister-von-alcatraz.-chester.png\",\"contentUrl\":\"https:\\\/\\\/vollausgebucht.net\\\/wp-content\\\/uploads\\\/rezi-die-geister-von-alcatraz.-chester.png\",\"width\":700,\"height\":330},{\"@type\":\"BreadcrumbList\",\"@id\":\"https:\\\/\\\/vollausgebucht.net\\\/?p=13757#breadcrumb\",\"itemListElement\":[{\"@type\":\"ListItem\",\"position\":1,\"name\":\"Startseite\",\"item\":\"https:\\\/\\\/vollausgebucht.net\\\/\"},{\"@type\":\"ListItem\",\"position\":2,\"name\":\"&#8222;Die Geister von Alcatraz: Chester&#8220; &#8211; Kathrin Wandres\"}]},{\"@type\":\"WebSite\",\"@id\":\"https:\\\/\\\/vollausgebucht.net\\\/#website\",\"url\":\"https:\\\/\\\/vollausgebucht.net\\\/\",\"name\":\"Voll ausgebucht\",\"description\":\"\",\"publisher\":{\"@id\":\"https:\\\/\\\/vollausgebucht.net\\\/#\\\/schema\\\/person\\\/a4c2c6f703cf1bac8cf4974558e405c6\"},\"potentialAction\":[{\"@type\":\"SearchAction\",\"target\":{\"@type\":\"EntryPoint\",\"urlTemplate\":\"https:\\\/\\\/vollausgebucht.net\\\/?s={search_term_string}\"},\"query-input\":{\"@type\":\"PropertyValueSpecification\",\"valueRequired\":true,\"valueName\":\"search_term_string\"}}],\"inLanguage\":\"de\"},{\"@type\":[\"Person\",\"Organization\"],\"@id\":\"https:\\\/\\\/vollausgebucht.net\\\/#\\\/schema\\\/person\\\/a4c2c6f703cf1bac8cf4974558e405c6\",\"name\":\"DesKing\",\"logo\":{\"@id\":\"https:\\\/\\\/vollausgebucht.net\\\/#\\\/schema\\\/person\\\/image\\\/\"},\"sameAs\":[\"https:\\\/\\\/vollausgebucht.net\"],\"url\":\"https:\\\/\\\/vollausgebucht.net\\\/?author=1\"}]}<\/script>\n<!-- \/ Yoast SEO plugin. -->","yoast_head_json":{"title":"\"Die Geister von Alcatraz: Chester\" - Kathrin Wandres - Voll ausgebucht","robots":{"index":"index","follow":"follow","max-snippet":"max-snippet:-1","max-image-preview":"max-image-preview:large","max-video-preview":"max-video-preview:-1"},"canonical":"https:\/\/vollausgebucht.net\/?p=13757","og_locale":"de_DE","og_type":"article","og_title":"\"Die Geister von Alcatraz: Chester\" - Kathrin Wandres - Voll ausgebucht","og_description":"&#8220; &#8230; Seinen Namen auszusprechen, hatte Larry seit den Erlebnissen im Verlies vor zwei Jahren nicht mehr gewagt, obwohl er noch immer wie ein fortw\u00e4hrendes unheimliches Echo in seinen Gedanken nachhalte: Capone, Capone, Capone &#8230;&#8220; Zwei Jahre lang haben die Weiterlesen\u00a0\u2026","og_url":"https:\/\/vollausgebucht.net\/?p=13757","og_site_name":"Voll ausgebucht","article_published_time":"2023-07-29T12:44:34+00:00","article_modified_time":"2023-07-29T15:09:07+00:00","og_image":[{"width":700,"height":330,"url":"https:\/\/vollausgebucht.net\/wp-content\/uploads\/rezi-die-geister-von-alcatraz.-chester.png","type":"image\/png"}],"author":"DesKing","schema":{"@context":"https:\/\/schema.org","@graph":[{"@type":"Article","@id":"https:\/\/vollausgebucht.net\/?p=13757#article","isPartOf":{"@id":"https:\/\/vollausgebucht.net\/?p=13757"},"author":{"name":"DesKing","@id":"https:\/\/vollausgebucht.net\/#\/schema\/person\/a4c2c6f703cf1bac8cf4974558e405c6"},"headline":"&#8222;Die Geister von Alcatraz: Chester&#8220; &#8211; Kathrin Wandres","datePublished":"2023-07-29T12:44:34+00:00","dateModified":"2023-07-29T15:09:07+00:00","mainEntityOfPage":{"@id":"https:\/\/vollausgebucht.net\/?p=13757"},"wordCount":779,"commentCount":0,"publisher":{"@id":"https:\/\/vollausgebucht.net\/#\/schema\/person\/a4c2c6f703cf1bac8cf4974558e405c6"},"image":{"@id":"https:\/\/vollausgebucht.net\/?p=13757#primaryimage"},"thumbnailUrl":"https:\/\/vollausgebucht.net\/wp-content\/uploads\/rezi-die-geister-von-alcatraz.-chester.png","keywords":["Bookish","Bookjunkie","Booklover","Booknerd","Books","Books of Instagramm","Bookstagram","Bookstagram Germany","Buchblog","Buchblogger","B\u00fccher","B\u00fccherliebe","B\u00fcchers\u00fcchtig","B\u00fccherwurm","Buchtipp","Chester","Die Geister von Alcatraz","Gef\u00e4ngnis","Geister","Instabooks","Kathrin Wandres","Leseliebe","Leseliste","Lesen","Leseratte","Reading","Rezension","Thriller"],"articleSection":["Rezension"],"inLanguage":"de","potentialAction":[{"@type":"CommentAction","name":"Comment","target":["https:\/\/vollausgebucht.net\/?p=13757#respond"]}]},{"@type":"WebPage","@id":"https:\/\/vollausgebucht.net\/?p=13757","url":"https:\/\/vollausgebucht.net\/?p=13757","name":"\"Die Geister von Alcatraz: Chester\" - Kathrin Wandres - Voll ausgebucht","isPartOf":{"@id":"https:\/\/vollausgebucht.net\/#website"},"primaryImageOfPage":{"@id":"https:\/\/vollausgebucht.net\/?p=13757#primaryimage"},"image":{"@id":"https:\/\/vollausgebucht.net\/?p=13757#primaryimage"},"thumbnailUrl":"https:\/\/vollausgebucht.net\/wp-content\/uploads\/rezi-die-geister-von-alcatraz.-chester.png","datePublished":"2023-07-29T12:44:34+00:00","dateModified":"2023-07-29T15:09:07+00:00","breadcrumb":{"@id":"https:\/\/vollausgebucht.net\/?p=13757#breadcrumb"},"inLanguage":"de","potentialAction":[{"@type":"ReadAction","target":["https:\/\/vollausgebucht.net\/?p=13757"]}]},{"@type":"ImageObject","inLanguage":"de","@id":"https:\/\/vollausgebucht.net\/?p=13757#primaryimage","url":"https:\/\/vollausgebucht.net\/wp-content\/uploads\/rezi-die-geister-von-alcatraz.-chester.png","contentUrl":"https:\/\/vollausgebucht.net\/wp-content\/uploads\/rezi-die-geister-von-alcatraz.-chester.png","width":700,"height":330},{"@type":"BreadcrumbList","@id":"https:\/\/vollausgebucht.net\/?p=13757#breadcrumb","itemListElement":[{"@type":"ListItem","position":1,"name":"Startseite","item":"https:\/\/vollausgebucht.net\/"},{"@type":"ListItem","position":2,"name":"&#8222;Die Geister von Alcatraz: Chester&#8220; &#8211; Kathrin Wandres"}]},{"@type":"WebSite","@id":"https:\/\/vollausgebucht.net\/#website","url":"https:\/\/vollausgebucht.net\/","name":"Voll ausgebucht","description":"","publisher":{"@id":"https:\/\/vollausgebucht.net\/#\/schema\/person\/a4c2c6f703cf1bac8cf4974558e405c6"},"potentialAction":[{"@type":"SearchAction","target":{"@type":"EntryPoint","urlTemplate":"https:\/\/vollausgebucht.net\/?s={search_term_string}"},"query-input":{"@type":"PropertyValueSpecification","valueRequired":true,"valueName":"search_term_string"}}],"inLanguage":"de"},{"@type":["Person","Organization"],"@id":"https:\/\/vollausgebucht.net\/#\/schema\/person\/a4c2c6f703cf1bac8cf4974558e405c6","name":"DesKing","logo":{"@id":"https:\/\/vollausgebucht.net\/#\/schema\/person\/image\/"},"sameAs":["https:\/\/vollausgebucht.net"],"url":"https:\/\/vollausgebucht.net\/?author=1"}]}},"_links":{"self":[{"href":"https:\/\/vollausgebucht.net\/index.php?rest_route=\/wp\/v2\/posts\/13757","targetHints":{"allow":["GET"]}}],"collection":[{"href":"https:\/\/vollausgebucht.net\/index.php?rest_route=\/wp\/v2\/posts"}],"about":[{"href":"https:\/\/vollausgebucht.net\/index.php?rest_route=\/wp\/v2\/types\/post"}],"author":[{"embeddable":true,"href":"https:\/\/vollausgebucht.net\/index.php?rest_route=\/wp\/v2\/users\/1"}],"replies":[{"embeddable":true,"href":"https:\/\/vollausgebucht.net\/index.php?rest_route=%2Fwp%2Fv2%2Fcomments&post=13757"}],"version-history":[{"count":0,"href":"https:\/\/vollausgebucht.net\/index.php?rest_route=\/wp\/v2\/posts\/13757\/revisions"}],"wp:featuredmedia":[{"embeddable":true,"href":"https:\/\/vollausgebucht.net\/index.php?rest_route=\/wp\/v2\/media\/13758"}],"wp:attachment":[{"href":"https:\/\/vollausgebucht.net\/index.php?rest_route=%2Fwp%2Fv2%2Fmedia&parent=13757"}],"wp:term":[{"taxonomy":"category","embeddable":true,"href":"https:\/\/vollausgebucht.net\/index.php?rest_route=%2Fwp%2Fv2%2Fcategories&post=13757"},{"taxonomy":"post_tag","embeddable":true,"href":"https:\/\/vollausgebucht.net\/index.php?rest_route=%2Fwp%2Fv2%2Ftags&post=13757"}],"curies":[{"name":"wp","href":"https:\/\/api.w.org\/{rel}","templated":true}]}}