{"id":13992,"date":"2023-07-30T20:39:02","date_gmt":"2023-07-30T18:39:02","guid":{"rendered":"https:\/\/vollausgebucht.net\/?p=13992"},"modified":"2023-07-30T21:09:34","modified_gmt":"2023-07-30T19:09:34","slug":"die-stadt-der-traeumenden-buecher-die-katakomben-walter-moers-florian-biege","status":"publish","type":"post","link":"https:\/\/vollausgebucht.net\/?p=13992","title":{"rendered":"\u201eDie Stadt der Tr\u00e4umenden B\u00fccher: Die Katakomben\u201c \u2013 Walter Moers, Florian Biege"},"content":{"rendered":"<blockquote><p><span style=\"color: #ffffff;\"><em><span style=\"font-family: georgia, palatino, serif;\">&#8220; &#8230; Aber nicht die Schwerkraft ist die m\u00e4chtigste Kraft im Universum. Es ist die Neugier. &#8230;&#8220; (Seite 43)<\/span><\/em><\/span><\/p><\/blockquote>\n<p><img loading=\"lazy\" decoding=\"async\" class=\"size-full wp-image-291 aligncenter\" src=\"https:\/\/vollausgebucht.net\/wp-content\/uploads\/2020\/05\/klap.png\" alt=\"\" width=\"112\" height=\"31\" \/><\/p>\n<p style=\"text-align: center;\"><span style=\"font-family: georgia, palatino, serif; color: #000000;\">Als der Pate des jungen Dichter Hildegunst von Mythenmetz stirbt, hinterl\u00e4sst er ihm ein geheimnissvolles Manuskript. Dieses ist so makellos, dass Hildegunst nicht anders kann, als dem Geheimnis seiner Herkunft nachzugehen. Die Spur f\u00fchrt ihn nach Buchhaim, der \u00bbStadt der Tr\u00e4umenden B\u00fccher\u00ab, wo B\u00fccher nicht nur spannend oder komisch sind, sondern in den Wahnsinn treiben und sogar t\u00f6ten k\u00f6nnen.<\/span><\/p>\n<p style=\"text-align: center;\"><span style=\"font-family: georgia, palatino, serif; color: #000000;\">Teil 2 erz\u00e4hlt, wie Hildegunst in den Katakomben <\/span><span style=\"font-family: georgia, palatino, serif; color: #000000;\">bei den Buchlingen das Ormen kennenlernt,<br \/>\nvor den <\/span><span style=\"font-family: georgia, palatino, serif; color: #000000;\">b\u00f6sartigen B\u00fccherj\u00e4gern fliehen muss, dem geheimnisvollen <\/span><span style=\"font-family: georgia, palatino, serif; color: #000000;\">Schattenk\u00f6nig<br \/>\nbegegnet und schlie\u00dflich nach Buchhaim <\/span><span style=\"font-family: georgia, palatino, serif; color: #000000;\">zur\u00fcckkehrt.<\/span><\/p>\n<p><img loading=\"lazy\" decoding=\"async\" class=\"size-full wp-image-128 aligncenter\" src=\"https:\/\/vollausgebucht.net\/wp-content\/uploads\/daru.png\" alt=\"\" width=\"122\" height=\"35\" \/><\/p>\n<p><span style=\"font-family: georgia, palatino, serif; color: #000000;\">Hildegunst lebt bei den Buchlingen und lernt eine Menge \u00fcber B\u00fccher und die lederne Grotte bis die B\u00fccherj\u00e4ger angreifen und er fliehen muss. Sch\u00f6lie\u00dflich landet er im Schloss des Schattenk\u00f6nigs, wo er hilflos durch die G\u00e4nge irrt, bis der Herrscher sich ihm zeigt und seine Geschichte erz\u00e4hlt.<\/span><\/p>\n<p><img loading=\"lazy\" decoding=\"async\" class=\"alignnone size-full wp-image-13995\" src=\"https:\/\/vollausgebucht.net\/wp-content\/uploads\/die-stadt-der-traeu-2-1.png\" alt=\"\" width=\"700\" height=\"700\" srcset=\"https:\/\/vollausgebucht.net\/wp-content\/uploads\/die-stadt-der-traeu-2-1.png 700w, https:\/\/vollausgebucht.net\/wp-content\/uploads\/die-stadt-der-traeu-2-1-350x350.png 350w, https:\/\/vollausgebucht.net\/wp-content\/uploads\/die-stadt-der-traeu-2-1-150x150.png 150w\" sizes=\"auto, (max-width: 700px) 100vw, 700px\" \/><\/p>\n<p><img loading=\"lazy\" decoding=\"async\" class=\"size-full wp-image-125 aligncenter\" src=\"https:\/\/vollausgebucht.net\/wp-content\/uploads\/meine-meinung.png\" alt=\"\" width=\"146\" height=\"32\" \/><\/p>\n<p><span style=\"font-family: georgia, palatino, serif; color: #000000;\">Nach dem doch recht fiesen Cliffhanger musste nat\u00fcrlich Band 2 her, schlie\u00dflich wollte ich unbedingt wissen, wie es mit Hildegunst weitergeht. Der sitzt noch immer bei den Buchlingen fest, denn auch die kennen keinen Weg zur\u00fcck an die Oberfl\u00e4che. Das erweist sich jedoch als nicht wirklich dramatisch, denn die kleinen Glubschaugen wissen eine Menge \u00fcber Literatur und diese Kenntnisse teilen sie nur zu gern mit ihrem Gast von der Lindwurmfeste. Es w\u00e4re also eigentlich alles ganz toll, w\u00fcrden nicht die B\u00fccherj\u00e4ger auftauchen und die Grotte in Brand stecken. Da Hildegunst als Dichter nat\u00fcrlich gerettet werden muss, verhelfen ihm die Buchlinge zur Flucht und so landet er wieder da, wo er herkam, in den Katakomben.<br \/>\nDer zweite Band von &#8222;Die Stadt der Tr\u00e4umenden B\u00fccher &#8220; beginnt ganz beschaulich in der ledernen Grotte und gew\u00e4hrt einen Einblick in das Leben der putzigen Buchlinge, die ihren Gast testen und ihm immer wieder Neues zeigen. Dann tauchen die B\u00fccherj\u00e4ger auf und die Stimmung schl\u00e4gt um, es wird sogar recht brutal, denn die Schatzsucher wollen Blut flie\u00dfen sehen. Doch auch wenn der rote Lebenssaft flie\u00dft, bleiben die Illustrationen der Graphic Novel gewohnt knuffig und detailreich. Nat\u00fcrlich wirkt die Story hier und da ein wenig zurechtgek\u00fcrzt, aber hey, das Buch umfasst immerhin stolze 480 Seiten, dass da einiges fehlt, sollte jedem klar sein. Mich st\u00f6rt das nicht wirklich, ich sehe das eher als Ansporn, mich der Story im Original zu widmen und noch einmal nach Zamonien zu reisen, wahrscheinlich nicht zum letzten Mal, denn Walter Moers hat da ja inzwischen eine recht gro\u00dfe und belebte Welt erschaffen. Und auch wenn die Geschichte hier jetzt nicht mit allzu gro\u00dfen \u00dcberraschungen um die Ecke kommt, so zeugen allein schon die Kreaturen und deren Namen von jeder Menge Fantasie, ich musste einfach immer wieder grinsen. Zwischendurch wird es hin und wieder sogar richtig poetisch, ja, Walter Moers ist ein toller Erz\u00e4hler, wenn man erstmal in seine Welt eingetaucht ist.<br \/>\n<\/span><span style=\"font-family: georgia, palatino, serif; color: #000000;\">Aber auch Florian Biege hat seinen Job als Zeichner gro\u00dfartig gemacht und den vielen verschiedenen Figuren ein farbenfrohes Leben eingehaucht.<\/span><\/p>\n<p><img loading=\"lazy\" decoding=\"async\" class=\"size-full wp-image-298 aligncenter\" src=\"https:\/\/vollausgebucht.net\/wp-content\/uploads\/2020\/05\/fazit2.png\" alt=\"\" width=\"58\" height=\"28\" \/><\/p>\n<p><span style=\"font-family: georgia, palatino, serif; color: #000000;\">Lange Rede, kurzer Sinn, Band 2 hat mich genauso \u00fcberzeugt wie der Vorg\u00e4nger, die Geschichte ist spannend, humorvoll und auch ein weinig blutig, die Figurenwunderbar detailreich zu Papier gebracht und immer wieder entdeckt man Kleinigkeiten, die einen zum Grinsen bringen. Und da alle relevanten Begriffe ja schon im Glossar vom ersten Teil erkl\u00e4rt wurden, gibt es diesmal am Ende einen interessanten Einblick in die bildhafte Umsetzung der Charaktere.<br \/>\nVon mir gibt es auch diesmal wieder 4,5 von 5 Miezekatzen und eine unbedingte Leseempfehlung f\u00fcr alle, die humorvolle Fantasygeschichten m\u00f6gen und f\u00fcr alle B\u00fccherfreaks sowieso.^^<\/span><\/p>\n<p><img loading=\"lazy\" decoding=\"async\" class=\"size-full wp-image-454 aligncenter\" src=\"https:\/\/vollausgebucht.net\/wp-content\/uploads\/miezk45.png\" alt=\"\" width=\"267\" height=\"45\" \/><\/p>\n<p><span style=\"text-decoration: underline; font-family: georgia, palatino, serif;\"><span style=\"color: #000000; text-decoration: underline;\"><a style=\"color: #000000; text-decoration: underline;\" href=\"https:\/\/vollausgebucht.net\/?p=13762\">01. \u201eDie Stadt der Tr\u00e4umenden B\u00fccher: Buchhaim\u201c<\/a><\/span><\/span><br \/>\n<span style=\"color: #3366ff; font-family: georgia, palatino, serif;\">02. \u201eDie Stadt der Tr\u00e4umenden B\u00fccher: Die Katakomben\u201c<\/span><\/p>\n<p><img loading=\"lazy\" decoding=\"async\" class=\"alignnone size-full wp-image-13996\" src=\"https:\/\/vollausgebucht.net\/wp-content\/uploads\/die-stadt-der-traeu-2-2.png\" alt=\"\" width=\"700\" height=\"350\" srcset=\"https:\/\/vollausgebucht.net\/wp-content\/uploads\/die-stadt-der-traeu-2-2.png 700w, https:\/\/vollausgebucht.net\/wp-content\/uploads\/die-stadt-der-traeu-2-2-350x175.png 350w, https:\/\/vollausgebucht.net\/wp-content\/uploads\/die-stadt-der-traeu-2-2-300x150.png 300w\" sizes=\"auto, (max-width: 700px) 100vw, 700px\" \/><\/p>\n","protected":false},"excerpt":{"rendered":"<p>&#8220; &#8230; Aber nicht die Schwerkraft ist die m\u00e4chtigste Kraft im Universum. Es ist die Neugier. &#8230;&#8220; (Seite 43) Als der Pate des jungen Dichter Hildegunst von Mythenmetz stirbt, hinterl\u00e4sst er ihm ein geheimnissvolles Manuskript. Dieses ist so makellos, dass <a class=\"more-link\" href=\"https:\/\/vollausgebucht.net\/?p=13992\">Weiterlesen\u00a0\u2026<\/a><\/p>\n","protected":false},"author":1,"featured_media":13999,"comment_status":"open","ping_status":"closed","sticky":false,"template":"","format":"standard","meta":{"sfsi_plus_gutenberg_text_before_share":"","sfsi_plus_gutenberg_show_text_before_share":"","sfsi_plus_gutenberg_icon_type":"","sfsi_plus_gutenberg_icon_alignemt":"","sfsi_plus_gutenburg_max_per_row":"","_monsterinsights_skip_tracking":false,"_monsterinsights_sitenote_active":false,"_monsterinsights_sitenote_note":"","_monsterinsights_sitenote_category":0,"footnotes":""},"categories":[5],"tags":[550,485,482,22,450,499,481,491,494,489,492,483,11,493,486,306,1569,1546,1549,1573,487,490,59,495,16,1163,484,6,1548,1564],"class_list":["post-13992","post","type-post","status-publish","format-standard","has-post-thumbnail","hentry","category-rezension","tag-bookish","tag-bookjunkie","tag-booklover","tag-booknerd","tag-books","tag-books-of-instagramm","tag-bookstagram","tag-bookstagram-germany","tag-buchblog","tag-buchblogger","tag-buecher","tag-buecherliebe","tag-buechersuechtig","tag-buecherwurm","tag-buchtipp","tag-comic","tag-die-katakomben","tag-die-stadt-der-traeumenden-buecher","tag-florian-biege","tag-graphic-novel","tag-instabooks","tag-leseliebe","tag-leseliste","tag-lesen","tag-leseratte","tag-penguin","tag-reading","tag-rezension","tag-walter-moers","tag-zamonien"],"yoast_head":"<!-- This site is optimized with the Yoast SEO plugin v27.4 - https:\/\/yoast.com\/product\/yoast-seo-wordpress\/ -->\n<title>\u201eDie Stadt der Tr\u00e4umenden B\u00fccher: Die Katakomben\u201c \u2013 Walter Moers, Florian Biege - Voll ausgebucht<\/title>\n<meta name=\"robots\" content=\"index, follow, max-snippet:-1, max-image-preview:large, max-video-preview:-1\" \/>\n<link rel=\"canonical\" href=\"https:\/\/vollausgebucht.net\/?p=13992\" \/>\n<meta property=\"og:locale\" content=\"de_DE\" \/>\n<meta property=\"og:type\" content=\"article\" \/>\n<meta property=\"og:title\" content=\"\u201eDie Stadt der Tr\u00e4umenden B\u00fccher: Die Katakomben\u201c \u2013 Walter Moers, Florian Biege - Voll ausgebucht\" \/>\n<meta property=\"og:description\" content=\"&#8220; &#8230; Aber nicht die Schwerkraft ist die m\u00e4chtigste Kraft im Universum. Es ist die Neugier. &#8230;&#8220; (Seite 43) Als der Pate des jungen Dichter Hildegunst von Mythenmetz stirbt, hinterl\u00e4sst er ihm ein geheimnissvolles Manuskript. Dieses ist so makellos, dass Weiterlesen\u00a0\u2026\" \/>\n<meta property=\"og:url\" content=\"https:\/\/vollausgebucht.net\/?p=13992\" \/>\n<meta property=\"og:site_name\" content=\"Voll ausgebucht\" \/>\n<meta property=\"article:published_time\" content=\"2023-07-30T18:39:02+00:00\" \/>\n<meta property=\"article:modified_time\" content=\"2023-07-30T19:09:34+00:00\" \/>\n<meta property=\"og:image\" content=\"https:\/\/vollausgebucht.net\/wp-content\/uploads\/rezi-die-stadt-der-traeum-2.png\" \/>\n\t<meta property=\"og:image:width\" content=\"700\" \/>\n\t<meta property=\"og:image:height\" content=\"330\" \/>\n\t<meta property=\"og:image:type\" content=\"image\/png\" \/>\n<meta name=\"author\" content=\"DesKing\" \/>\n<script type=\"application\/ld+json\" class=\"yoast-schema-graph\">{\"@context\":\"https:\\\/\\\/schema.org\",\"@graph\":[{\"@type\":\"Article\",\"@id\":\"https:\\\/\\\/vollausgebucht.net\\\/?p=13992#article\",\"isPartOf\":{\"@id\":\"https:\\\/\\\/vollausgebucht.net\\\/?p=13992\"},\"author\":{\"name\":\"DesKing\",\"@id\":\"https:\\\/\\\/vollausgebucht.net\\\/#\\\/schema\\\/person\\\/a4c2c6f703cf1bac8cf4974558e405c6\"},\"headline\":\"\u201eDie Stadt der Tr\u00e4umenden B\u00fccher: Die Katakomben\u201c \u2013 Walter Moers, Florian Biege\",\"datePublished\":\"2023-07-30T18:39:02+00:00\",\"dateModified\":\"2023-07-30T19:09:34+00:00\",\"mainEntityOfPage\":{\"@id\":\"https:\\\/\\\/vollausgebucht.net\\\/?p=13992\"},\"wordCount\":660,\"commentCount\":0,\"publisher\":{\"@id\":\"https:\\\/\\\/vollausgebucht.net\\\/#\\\/schema\\\/person\\\/a4c2c6f703cf1bac8cf4974558e405c6\"},\"image\":{\"@id\":\"https:\\\/\\\/vollausgebucht.net\\\/?p=13992#primaryimage\"},\"thumbnailUrl\":\"https:\\\/\\\/vollausgebucht.net\\\/wp-content\\\/uploads\\\/rezi-die-stadt-der-traeum-2.png\",\"keywords\":[\"Bookish\",\"Bookjunkie\",\"Booklover\",\"Booknerd\",\"Books\",\"Books of Instagramm\",\"Bookstagram\",\"Bookstagram Germany\",\"Buchblog\",\"Buchblogger\",\"B\u00fccher\",\"B\u00fccherliebe\",\"B\u00fcchers\u00fcchtig\",\"B\u00fccherwurm\",\"Buchtipp\",\"Comic\",\"Die Katakomben\",\"Die Stadt der Tr\u00e4umenden B\u00fccher\",\"Florian Biege\",\"Graphic Novel\",\"Instabooks\",\"Leseliebe\",\"Leseliste\",\"Lesen\",\"Leseratte\",\"Penguin\",\"Reading\",\"Rezension\",\"Walter Moers\",\"Zamonien\"],\"articleSection\":[\"Rezension\"],\"inLanguage\":\"de\",\"potentialAction\":[{\"@type\":\"CommentAction\",\"name\":\"Comment\",\"target\":[\"https:\\\/\\\/vollausgebucht.net\\\/?p=13992#respond\"]}]},{\"@type\":\"WebPage\",\"@id\":\"https:\\\/\\\/vollausgebucht.net\\\/?p=13992\",\"url\":\"https:\\\/\\\/vollausgebucht.net\\\/?p=13992\",\"name\":\"\u201eDie Stadt der Tr\u00e4umenden B\u00fccher: Die Katakomben\u201c \u2013 Walter Moers, Florian Biege - Voll ausgebucht\",\"isPartOf\":{\"@id\":\"https:\\\/\\\/vollausgebucht.net\\\/#website\"},\"primaryImageOfPage\":{\"@id\":\"https:\\\/\\\/vollausgebucht.net\\\/?p=13992#primaryimage\"},\"image\":{\"@id\":\"https:\\\/\\\/vollausgebucht.net\\\/?p=13992#primaryimage\"},\"thumbnailUrl\":\"https:\\\/\\\/vollausgebucht.net\\\/wp-content\\\/uploads\\\/rezi-die-stadt-der-traeum-2.png\",\"datePublished\":\"2023-07-30T18:39:02+00:00\",\"dateModified\":\"2023-07-30T19:09:34+00:00\",\"breadcrumb\":{\"@id\":\"https:\\\/\\\/vollausgebucht.net\\\/?p=13992#breadcrumb\"},\"inLanguage\":\"de\",\"potentialAction\":[{\"@type\":\"ReadAction\",\"target\":[\"https:\\\/\\\/vollausgebucht.net\\\/?p=13992\"]}]},{\"@type\":\"ImageObject\",\"inLanguage\":\"de\",\"@id\":\"https:\\\/\\\/vollausgebucht.net\\\/?p=13992#primaryimage\",\"url\":\"https:\\\/\\\/vollausgebucht.net\\\/wp-content\\\/uploads\\\/rezi-die-stadt-der-traeum-2.png\",\"contentUrl\":\"https:\\\/\\\/vollausgebucht.net\\\/wp-content\\\/uploads\\\/rezi-die-stadt-der-traeum-2.png\",\"width\":700,\"height\":330},{\"@type\":\"BreadcrumbList\",\"@id\":\"https:\\\/\\\/vollausgebucht.net\\\/?p=13992#breadcrumb\",\"itemListElement\":[{\"@type\":\"ListItem\",\"position\":1,\"name\":\"Startseite\",\"item\":\"https:\\\/\\\/vollausgebucht.net\\\/\"},{\"@type\":\"ListItem\",\"position\":2,\"name\":\"\u201eDie Stadt der Tr\u00e4umenden B\u00fccher: Die Katakomben\u201c \u2013 Walter Moers, Florian Biege\"}]},{\"@type\":\"WebSite\",\"@id\":\"https:\\\/\\\/vollausgebucht.net\\\/#website\",\"url\":\"https:\\\/\\\/vollausgebucht.net\\\/\",\"name\":\"Voll ausgebucht\",\"description\":\"\",\"publisher\":{\"@id\":\"https:\\\/\\\/vollausgebucht.net\\\/#\\\/schema\\\/person\\\/a4c2c6f703cf1bac8cf4974558e405c6\"},\"potentialAction\":[{\"@type\":\"SearchAction\",\"target\":{\"@type\":\"EntryPoint\",\"urlTemplate\":\"https:\\\/\\\/vollausgebucht.net\\\/?s={search_term_string}\"},\"query-input\":{\"@type\":\"PropertyValueSpecification\",\"valueRequired\":true,\"valueName\":\"search_term_string\"}}],\"inLanguage\":\"de\"},{\"@type\":[\"Person\",\"Organization\"],\"@id\":\"https:\\\/\\\/vollausgebucht.net\\\/#\\\/schema\\\/person\\\/a4c2c6f703cf1bac8cf4974558e405c6\",\"name\":\"DesKing\",\"logo\":{\"@id\":\"https:\\\/\\\/vollausgebucht.net\\\/#\\\/schema\\\/person\\\/image\\\/\"},\"sameAs\":[\"https:\\\/\\\/vollausgebucht.net\"],\"url\":\"https:\\\/\\\/vollausgebucht.net\\\/?author=1\"}]}<\/script>\n<!-- \/ Yoast SEO plugin. -->","yoast_head_json":{"title":"\u201eDie Stadt der Tr\u00e4umenden B\u00fccher: Die Katakomben\u201c \u2013 Walter Moers, Florian Biege - Voll ausgebucht","robots":{"index":"index","follow":"follow","max-snippet":"max-snippet:-1","max-image-preview":"max-image-preview:large","max-video-preview":"max-video-preview:-1"},"canonical":"https:\/\/vollausgebucht.net\/?p=13992","og_locale":"de_DE","og_type":"article","og_title":"\u201eDie Stadt der Tr\u00e4umenden B\u00fccher: Die Katakomben\u201c \u2013 Walter Moers, Florian Biege - Voll ausgebucht","og_description":"&#8220; &#8230; Aber nicht die Schwerkraft ist die m\u00e4chtigste Kraft im Universum. Es ist die Neugier. &#8230;&#8220; (Seite 43) Als der Pate des jungen Dichter Hildegunst von Mythenmetz stirbt, hinterl\u00e4sst er ihm ein geheimnissvolles Manuskript. Dieses ist so makellos, dass Weiterlesen\u00a0\u2026","og_url":"https:\/\/vollausgebucht.net\/?p=13992","og_site_name":"Voll ausgebucht","article_published_time":"2023-07-30T18:39:02+00:00","article_modified_time":"2023-07-30T19:09:34+00:00","og_image":[{"width":700,"height":330,"url":"https:\/\/vollausgebucht.net\/wp-content\/uploads\/rezi-die-stadt-der-traeum-2.png","type":"image\/png"}],"author":"DesKing","schema":{"@context":"https:\/\/schema.org","@graph":[{"@type":"Article","@id":"https:\/\/vollausgebucht.net\/?p=13992#article","isPartOf":{"@id":"https:\/\/vollausgebucht.net\/?p=13992"},"author":{"name":"DesKing","@id":"https:\/\/vollausgebucht.net\/#\/schema\/person\/a4c2c6f703cf1bac8cf4974558e405c6"},"headline":"\u201eDie Stadt der Tr\u00e4umenden B\u00fccher: Die Katakomben\u201c \u2013 Walter Moers, Florian Biege","datePublished":"2023-07-30T18:39:02+00:00","dateModified":"2023-07-30T19:09:34+00:00","mainEntityOfPage":{"@id":"https:\/\/vollausgebucht.net\/?p=13992"},"wordCount":660,"commentCount":0,"publisher":{"@id":"https:\/\/vollausgebucht.net\/#\/schema\/person\/a4c2c6f703cf1bac8cf4974558e405c6"},"image":{"@id":"https:\/\/vollausgebucht.net\/?p=13992#primaryimage"},"thumbnailUrl":"https:\/\/vollausgebucht.net\/wp-content\/uploads\/rezi-die-stadt-der-traeum-2.png","keywords":["Bookish","Bookjunkie","Booklover","Booknerd","Books","Books of Instagramm","Bookstagram","Bookstagram Germany","Buchblog","Buchblogger","B\u00fccher","B\u00fccherliebe","B\u00fcchers\u00fcchtig","B\u00fccherwurm","Buchtipp","Comic","Die Katakomben","Die Stadt der Tr\u00e4umenden B\u00fccher","Florian Biege","Graphic Novel","Instabooks","Leseliebe","Leseliste","Lesen","Leseratte","Penguin","Reading","Rezension","Walter Moers","Zamonien"],"articleSection":["Rezension"],"inLanguage":"de","potentialAction":[{"@type":"CommentAction","name":"Comment","target":["https:\/\/vollausgebucht.net\/?p=13992#respond"]}]},{"@type":"WebPage","@id":"https:\/\/vollausgebucht.net\/?p=13992","url":"https:\/\/vollausgebucht.net\/?p=13992","name":"\u201eDie Stadt der Tr\u00e4umenden B\u00fccher: Die Katakomben\u201c \u2013 Walter Moers, Florian Biege - Voll ausgebucht","isPartOf":{"@id":"https:\/\/vollausgebucht.net\/#website"},"primaryImageOfPage":{"@id":"https:\/\/vollausgebucht.net\/?p=13992#primaryimage"},"image":{"@id":"https:\/\/vollausgebucht.net\/?p=13992#primaryimage"},"thumbnailUrl":"https:\/\/vollausgebucht.net\/wp-content\/uploads\/rezi-die-stadt-der-traeum-2.png","datePublished":"2023-07-30T18:39:02+00:00","dateModified":"2023-07-30T19:09:34+00:00","breadcrumb":{"@id":"https:\/\/vollausgebucht.net\/?p=13992#breadcrumb"},"inLanguage":"de","potentialAction":[{"@type":"ReadAction","target":["https:\/\/vollausgebucht.net\/?p=13992"]}]},{"@type":"ImageObject","inLanguage":"de","@id":"https:\/\/vollausgebucht.net\/?p=13992#primaryimage","url":"https:\/\/vollausgebucht.net\/wp-content\/uploads\/rezi-die-stadt-der-traeum-2.png","contentUrl":"https:\/\/vollausgebucht.net\/wp-content\/uploads\/rezi-die-stadt-der-traeum-2.png","width":700,"height":330},{"@type":"BreadcrumbList","@id":"https:\/\/vollausgebucht.net\/?p=13992#breadcrumb","itemListElement":[{"@type":"ListItem","position":1,"name":"Startseite","item":"https:\/\/vollausgebucht.net\/"},{"@type":"ListItem","position":2,"name":"\u201eDie Stadt der Tr\u00e4umenden B\u00fccher: Die Katakomben\u201c \u2013 Walter Moers, Florian Biege"}]},{"@type":"WebSite","@id":"https:\/\/vollausgebucht.net\/#website","url":"https:\/\/vollausgebucht.net\/","name":"Voll ausgebucht","description":"","publisher":{"@id":"https:\/\/vollausgebucht.net\/#\/schema\/person\/a4c2c6f703cf1bac8cf4974558e405c6"},"potentialAction":[{"@type":"SearchAction","target":{"@type":"EntryPoint","urlTemplate":"https:\/\/vollausgebucht.net\/?s={search_term_string}"},"query-input":{"@type":"PropertyValueSpecification","valueRequired":true,"valueName":"search_term_string"}}],"inLanguage":"de"},{"@type":["Person","Organization"],"@id":"https:\/\/vollausgebucht.net\/#\/schema\/person\/a4c2c6f703cf1bac8cf4974558e405c6","name":"DesKing","logo":{"@id":"https:\/\/vollausgebucht.net\/#\/schema\/person\/image\/"},"sameAs":["https:\/\/vollausgebucht.net"],"url":"https:\/\/vollausgebucht.net\/?author=1"}]}},"_links":{"self":[{"href":"https:\/\/vollausgebucht.net\/index.php?rest_route=\/wp\/v2\/posts\/13992","targetHints":{"allow":["GET"]}}],"collection":[{"href":"https:\/\/vollausgebucht.net\/index.php?rest_route=\/wp\/v2\/posts"}],"about":[{"href":"https:\/\/vollausgebucht.net\/index.php?rest_route=\/wp\/v2\/types\/post"}],"author":[{"embeddable":true,"href":"https:\/\/vollausgebucht.net\/index.php?rest_route=\/wp\/v2\/users\/1"}],"replies":[{"embeddable":true,"href":"https:\/\/vollausgebucht.net\/index.php?rest_route=%2Fwp%2Fv2%2Fcomments&post=13992"}],"version-history":[{"count":0,"href":"https:\/\/vollausgebucht.net\/index.php?rest_route=\/wp\/v2\/posts\/13992\/revisions"}],"wp:featuredmedia":[{"embeddable":true,"href":"https:\/\/vollausgebucht.net\/index.php?rest_route=\/wp\/v2\/media\/13999"}],"wp:attachment":[{"href":"https:\/\/vollausgebucht.net\/index.php?rest_route=%2Fwp%2Fv2%2Fmedia&parent=13992"}],"wp:term":[{"taxonomy":"category","embeddable":true,"href":"https:\/\/vollausgebucht.net\/index.php?rest_route=%2Fwp%2Fv2%2Fcategories&post=13992"},{"taxonomy":"post_tag","embeddable":true,"href":"https:\/\/vollausgebucht.net\/index.php?rest_route=%2Fwp%2Fv2%2Ftags&post=13992"}],"curies":[{"name":"wp","href":"https:\/\/api.w.org\/{rel}","templated":true}]}}