{"id":14483,"date":"2023-09-12T12:50:33","date_gmt":"2023-09-12T10:50:33","guid":{"rendered":"https:\/\/vollausgebucht.net\/?p=14483"},"modified":"2023-09-12T14:21:36","modified_gmt":"2023-09-12T12:21:36","slug":"wochenrueckblick-14","status":"publish","type":"post","link":"https:\/\/vollausgebucht.net\/?p=14483","title":{"rendered":"Wochenr\u00fcckblick: Der Sommer ist zur\u00fcck, b\u00e4h"},"content":{"rendered":"<p><span style=\"font-family: georgia, palatino, serif; color: #000000;\">Auch wenn heute schon Dienstag ist, habe ich den Wochenr\u00fcckblick nat\u00fcrtlich nicht vergessen, ich bin blo\u00df mal wieder sp\u00e4t dran.<\/span><br \/>\n<span style=\"font-family: georgia, palatino, serif; color: #000000;\">Eigentlich gibt es auch gar nichts aufregendes zu bereichten und auch meine Lesezeit war diesmal etwas begrenzt. Nat\u00fcrlich habe ich trotzdem gelesen, &#8222;Verm\u00e4chtnis des Graues&#8220; und &#8222;Ein gutes Omen&#8220; beendet und mich auf dem Weg zur Arbeit in der Bahn zusammen mit Emma auf einen Rachefeldzug begeben. Simone Trojahn hat wie immer gut abgeliefert, eine wirklich b\u00f6se Geschichte, die zeigt, wie schnell sich Dinge verselbstst\u00e4ndigen k\u00f6nnen und dann alles au\u00dfer Kontrolle ger\u00e4t, man hofft, nie im Leben auf eine solch manipulative Person zu treffen.<br \/>\n&#8222;Ein gutes Omen&#8220; stand bei mir jahrelang ungelesen im Regal, zwar liebe ich Neil Gaiman, hatte mich aber vorher schon mal an einem von Terry Pratchetts Werken versucht und irgendwie stimmte die Chemie zwischen uns einfach nicht. Jetzt, nach der 2. Staffel von &#8222;Good Omes&#8220; war die Zeit endlich gekommen, aber das Buch war einfach nicht mehr auffindbar, wahrscheinlich hat es sich v\u00f6llig frustriert auf den Weg in die Scheibenwelt gemacht. Wobei, eigentlich bin ich mir fast sicher, dass es wieder auftaucht, jetzt, wo ich mir ein neues Exemplar kaufen musste. Lange Rede, kurzer Sinn, &#8222;Ein gutes Omen&#8220; ist fast genauso unterhaltsam wie die Serie, abgesehen davon, dass die witzigen &#8222;historischen&#8220; Begegnungen von Erziraphael und Crowley im Laufe der Zeit fehlen, wieder ein Buch, dass ich viel zu lange vor mir hergeschoben habe.<br \/>\n<\/span><\/p>\n<p><img loading=\"lazy\" decoding=\"async\" class=\"alignnone size-full wp-image-14492\" src=\"https:\/\/vollausgebucht.net\/wp-content\/uploads\/gel-buecher-sept-2-insta.png\" alt=\"\" width=\"700\" height=\"700\" srcset=\"https:\/\/vollausgebucht.net\/wp-content\/uploads\/gel-buecher-sept-2-insta.png 700w, https:\/\/vollausgebucht.net\/wp-content\/uploads\/gel-buecher-sept-2-insta-350x350.png 350w, https:\/\/vollausgebucht.net\/wp-content\/uploads\/gel-buecher-sept-2-insta-150x150.png 150w\" sizes=\"auto, (max-width: 700px) 100vw, 700px\" \/><\/p>\n<p><span style=\"font-family: georgia, palatino, serif; color: #000000;\">Hm, was gab es sonst noch?<br \/>\nDie Hitze ist zur\u00fcck, dabei hatte ich mich doch schon auf den Herbst eingestellt, um es also mal ganz deutlich zu sagen: Ich bin dagegen. Sonne ist toll, aber doch bitte keine hochsommerlichen Temperaturen mehr, es reicht.<\/span><br \/>\n<span style=\"font-family: georgia, palatino, serif; color: #000000;\">Neben dem Gemotze aufs Wetter habe ich mir endlich &#8222;Apostle&#8220; auf Netflix angesehen und mal wieder festgestellt, dass Michael Sheen immer noch das s\u00fc\u00dfeste L\u00e4cheln hat, v\u00f6llig egal welche Rolle er spielt, man m\u00f6chte einfach nur zur\u00fcckgrinsen. Wobei das bei &#8222;Apostle&#8220; vermutlich etwas unpassend w\u00e4re, denn der Film lebt von seiner d\u00fcsteren Stimmung. Kein Highlight, aber definitiv sehenswert, falls ihr also mal auf der Suche nach ungem\u00fctlicher Abendunterhaltung seid&#8230;<br \/>\nMal schauen, was ich mir diese Woche filmem\u00e4\u00dfig rauspicke, bisher habe ich da noch gar keinen Plan, aber es wird sich schon was finden, der neue &#8222;Predator&#8220; w\u00e4re langsam mal f\u00e4llig.\u00a0 Aber unter der Woche komme ich da eh nicht zu und bis zum Wochenende ist noch etwas Zeit.<br \/>\nHach ja, Wochenende, ich w\u00fcnschte, es w\u00e4re schon soweit.^^ Aber immerhin ist schon Dienstag, den Rest der Woche krieg ich auch noch rum.<br \/>\n<\/span><\/p>\n<p><span style=\"font-family: georgia, palatino, serif; color: #000000;\">Habt einen sch\u00f6nen Dienstag<\/span><\/p>\n<p><img loading=\"lazy\" decoding=\"async\" class=\"size-full wp-image-920 aligncenter lazy-loaded\" src=\"https:\/\/vollausgebucht.net\/wp-content\/uploads\/des1.png\" alt=\"\" width=\"222\" height=\"86\" data-lazy-type=\"image\" data-src=\"https:\/\/vollausgebucht.net\/wp-content\/uploads\/des1.png\" data-=\"\" \/><\/p>\n<p><img loading=\"lazy\" decoding=\"async\" class=\"alignnone size-full wp-image-14491\" src=\"https:\/\/vollausgebucht.net\/wp-content\/uploads\/gel-seiten-sept-2.png\" alt=\"\" width=\"700\" height=\"700\" srcset=\"https:\/\/vollausgebucht.net\/wp-content\/uploads\/gel-seiten-sept-2.png 700w, https:\/\/vollausgebucht.net\/wp-content\/uploads\/gel-seiten-sept-2-350x350.png 350w, https:\/\/vollausgebucht.net\/wp-content\/uploads\/gel-seiten-sept-2-150x150.png 150w\" sizes=\"auto, (max-width: 700px) 100vw, 700px\" \/><\/p>\n<p><span style=\"font-family: georgia, palatino, serif; color: #000000;\">Screenshot Header \u00a9 FINAL FANTASY\u00ae XIV und Square Enix<\/span><br \/>\n<span style=\"font-family: georgia, palatino, serif; color: #000000;\">aufgenommen mit Purple Rain<\/span><br \/>\n<span style=\"font-family: georgia, palatino, serif; color: #000000;\">bearbeitet von Des King<\/span><\/p>\n","protected":false},"excerpt":{"rendered":"<p>Auch wenn heute schon Dienstag ist, habe ich den Wochenr\u00fcckblick nat\u00fcrtlich nicht vergessen, ich bin blo\u00df mal wieder sp\u00e4t dran. Eigentlich gibt es auch gar nichts aufregendes zu bereichten und auch meine Lesezeit war diesmal etwas begrenzt. Nat\u00fcrlich habe ich <a class=\"more-link\" href=\"https:\/\/vollausgebucht.net\/?p=14483\">Weiterlesen\u00a0\u2026<\/a><\/p>\n","protected":false},"author":1,"featured_media":14497,"comment_status":"open","ping_status":"closed","sticky":false,"template":"","format":"standard","meta":{"sfsi_plus_gutenberg_text_before_share":"","sfsi_plus_gutenberg_show_text_before_share":"","sfsi_plus_gutenberg_icon_type":"","sfsi_plus_gutenberg_icon_alignemt":"","sfsi_plus_gutenburg_max_per_row":"","_monsterinsights_skip_tracking":false,"_monsterinsights_sitenote_active":false,"_monsterinsights_sitenote_note":"","_monsterinsights_sitenote_category":0,"footnotes":""},"categories":[3],"tags":[485,482,22,450,541,481,491,494,489,492,483,11,493,486,1623,1626,1416,487,1627,490,495,16,1417,1419,1625,514,484,1418,50,1624,1628,7,644],"class_list":["post-14483","post","type-post","status-publish","format-standard","has-post-thumbnail","hentry","category-just-talking","tag-bookjunkie","tag-booklover","tag-booknerd","tag-books","tag-books-of-instagram","tag-bookstagram","tag-bookstagram-germany","tag-buchblog","tag-buchblogger","tag-buecher","tag-buecherliebe","tag-buechersuechtig","tag-buecherwurm","tag-buchtipp","tag-ein-gutes-omen","tag-game-over","tag-gelesene-seiten","tag-instabooks","tag-jutta-woelk","tag-leseliebe","tag-lesen","tag-leseratte","tag-lesestatistik","tag-lesewoche","tag-moonshiner","tag-neil-gaiman","tag-reading","tag-reado","tag-simone-trojahn","tag-terry-pratchett","tag-vermaechtnis-des-grauens","tag-voll-ausgebucht","tag-wochenrueckblick"],"yoast_head":"<!-- This site is optimized with the Yoast SEO plugin v27.5 - https:\/\/yoast.com\/product\/yoast-seo-wordpress\/ -->\n<title>Wochenr\u00fcckblick: Der Sommer ist zur\u00fcck, b\u00e4h - Voll ausgebucht<\/title>\n<meta name=\"robots\" content=\"index, follow, max-snippet:-1, max-image-preview:large, max-video-preview:-1\" \/>\n<link rel=\"canonical\" href=\"https:\/\/vollausgebucht.net\/?p=14483\" \/>\n<meta property=\"og:locale\" content=\"de_DE\" \/>\n<meta property=\"og:type\" content=\"article\" \/>\n<meta property=\"og:title\" content=\"Wochenr\u00fcckblick: Der Sommer ist zur\u00fcck, b\u00e4h - Voll ausgebucht\" \/>\n<meta property=\"og:description\" content=\"Auch wenn heute schon Dienstag ist, habe ich den Wochenr\u00fcckblick nat\u00fcrtlich nicht vergessen, ich bin blo\u00df mal wieder sp\u00e4t dran. Eigentlich gibt es auch gar nichts aufregendes zu bereichten und auch meine Lesezeit war diesmal etwas begrenzt. Nat\u00fcrlich habe ich Weiterlesen\u00a0\u2026\" \/>\n<meta property=\"og:url\" content=\"https:\/\/vollausgebucht.net\/?p=14483\" \/>\n<meta property=\"og:site_name\" content=\"Voll ausgebucht\" \/>\n<meta property=\"article:published_time\" content=\"2023-09-12T10:50:33+00:00\" \/>\n<meta property=\"article:modified_time\" content=\"2023-09-12T12:21:36+00:00\" \/>\n<meta property=\"og:image\" content=\"https:\/\/vollausgebucht.net\/wp-content\/uploads\/header-sept-2.png\" \/>\n\t<meta property=\"og:image:width\" content=\"700\" \/>\n\t<meta property=\"og:image:height\" content=\"350\" \/>\n\t<meta property=\"og:image:type\" content=\"image\/png\" \/>\n<meta name=\"author\" content=\"DesKing\" \/>\n<script type=\"application\/ld+json\" class=\"yoast-schema-graph\">{\"@context\":\"https:\\\/\\\/schema.org\",\"@graph\":[{\"@type\":\"Article\",\"@id\":\"https:\\\/\\\/vollausgebucht.net\\\/?p=14483#article\",\"isPartOf\":{\"@id\":\"https:\\\/\\\/vollausgebucht.net\\\/?p=14483\"},\"author\":{\"name\":\"DesKing\",\"@id\":\"https:\\\/\\\/vollausgebucht.net\\\/#\\\/schema\\\/person\\\/a4c2c6f703cf1bac8cf4974558e405c6\"},\"headline\":\"Wochenr\u00fcckblick: Der Sommer ist zur\u00fcck, b\u00e4h\",\"datePublished\":\"2023-09-12T10:50:33+00:00\",\"dateModified\":\"2023-09-12T12:21:36+00:00\",\"mainEntityOfPage\":{\"@id\":\"https:\\\/\\\/vollausgebucht.net\\\/?p=14483\"},\"wordCount\":475,\"commentCount\":0,\"publisher\":{\"@id\":\"https:\\\/\\\/vollausgebucht.net\\\/#\\\/schema\\\/person\\\/a4c2c6f703cf1bac8cf4974558e405c6\"},\"image\":{\"@id\":\"https:\\\/\\\/vollausgebucht.net\\\/?p=14483#primaryimage\"},\"thumbnailUrl\":\"https:\\\/\\\/vollausgebucht.net\\\/wp-content\\\/uploads\\\/header-sept-2.png\",\"keywords\":[\"Bookjunkie\",\"Booklover\",\"Booknerd\",\"Books\",\"Books of Instagram\",\"Bookstagram\",\"Bookstagram Germany\",\"Buchblog\",\"Buchblogger\",\"B\u00fccher\",\"B\u00fccherliebe\",\"B\u00fcchers\u00fcchtig\",\"B\u00fccherwurm\",\"Buchtipp\",\"Ein gutes Omen\",\"Game over\",\"gelesene Seiten\",\"Instabooks\",\"Jutta W\u00f6lk\",\"Leseliebe\",\"Lesen\",\"Leseratte\",\"Lesestatistik\",\"Lesewoche\",\"Moonshiner\",\"Neil Gaiman\",\"Reading\",\"Reado\",\"Simone Trojahn\",\"Terry Pratchett\",\"Verm\u00e4chtnis des Grauens\",\"Voll ausgebucht\",\"Wochenr\u00fcckblick\"],\"articleSection\":[\"Just talking\"],\"inLanguage\":\"de\",\"potentialAction\":[{\"@type\":\"CommentAction\",\"name\":\"Comment\",\"target\":[\"https:\\\/\\\/vollausgebucht.net\\\/?p=14483#respond\"]}]},{\"@type\":\"WebPage\",\"@id\":\"https:\\\/\\\/vollausgebucht.net\\\/?p=14483\",\"url\":\"https:\\\/\\\/vollausgebucht.net\\\/?p=14483\",\"name\":\"Wochenr\u00fcckblick: Der Sommer ist zur\u00fcck, b\u00e4h - Voll ausgebucht\",\"isPartOf\":{\"@id\":\"https:\\\/\\\/vollausgebucht.net\\\/#website\"},\"primaryImageOfPage\":{\"@id\":\"https:\\\/\\\/vollausgebucht.net\\\/?p=14483#primaryimage\"},\"image\":{\"@id\":\"https:\\\/\\\/vollausgebucht.net\\\/?p=14483#primaryimage\"},\"thumbnailUrl\":\"https:\\\/\\\/vollausgebucht.net\\\/wp-content\\\/uploads\\\/header-sept-2.png\",\"datePublished\":\"2023-09-12T10:50:33+00:00\",\"dateModified\":\"2023-09-12T12:21:36+00:00\",\"breadcrumb\":{\"@id\":\"https:\\\/\\\/vollausgebucht.net\\\/?p=14483#breadcrumb\"},\"inLanguage\":\"de\",\"potentialAction\":[{\"@type\":\"ReadAction\",\"target\":[\"https:\\\/\\\/vollausgebucht.net\\\/?p=14483\"]}]},{\"@type\":\"ImageObject\",\"inLanguage\":\"de\",\"@id\":\"https:\\\/\\\/vollausgebucht.net\\\/?p=14483#primaryimage\",\"url\":\"https:\\\/\\\/vollausgebucht.net\\\/wp-content\\\/uploads\\\/header-sept-2.png\",\"contentUrl\":\"https:\\\/\\\/vollausgebucht.net\\\/wp-content\\\/uploads\\\/header-sept-2.png\",\"width\":700,\"height\":350},{\"@type\":\"BreadcrumbList\",\"@id\":\"https:\\\/\\\/vollausgebucht.net\\\/?p=14483#breadcrumb\",\"itemListElement\":[{\"@type\":\"ListItem\",\"position\":1,\"name\":\"Startseite\",\"item\":\"https:\\\/\\\/vollausgebucht.net\\\/\"},{\"@type\":\"ListItem\",\"position\":2,\"name\":\"Wochenr\u00fcckblick: Der Sommer ist zur\u00fcck, b\u00e4h\"}]},{\"@type\":\"WebSite\",\"@id\":\"https:\\\/\\\/vollausgebucht.net\\\/#website\",\"url\":\"https:\\\/\\\/vollausgebucht.net\\\/\",\"name\":\"Voll ausgebucht\",\"description\":\"\",\"publisher\":{\"@id\":\"https:\\\/\\\/vollausgebucht.net\\\/#\\\/schema\\\/person\\\/a4c2c6f703cf1bac8cf4974558e405c6\"},\"potentialAction\":[{\"@type\":\"SearchAction\",\"target\":{\"@type\":\"EntryPoint\",\"urlTemplate\":\"https:\\\/\\\/vollausgebucht.net\\\/?s={search_term_string}\"},\"query-input\":{\"@type\":\"PropertyValueSpecification\",\"valueRequired\":true,\"valueName\":\"search_term_string\"}}],\"inLanguage\":\"de\"},{\"@type\":[\"Person\",\"Organization\"],\"@id\":\"https:\\\/\\\/vollausgebucht.net\\\/#\\\/schema\\\/person\\\/a4c2c6f703cf1bac8cf4974558e405c6\",\"name\":\"DesKing\",\"logo\":{\"@id\":\"https:\\\/\\\/vollausgebucht.net\\\/#\\\/schema\\\/person\\\/image\\\/\"},\"sameAs\":[\"https:\\\/\\\/vollausgebucht.net\"],\"url\":\"https:\\\/\\\/vollausgebucht.net\\\/?author=1\"}]}<\/script>\n<!-- \/ Yoast SEO plugin. -->","yoast_head_json":{"title":"Wochenr\u00fcckblick: Der Sommer ist zur\u00fcck, b\u00e4h - Voll ausgebucht","robots":{"index":"index","follow":"follow","max-snippet":"max-snippet:-1","max-image-preview":"max-image-preview:large","max-video-preview":"max-video-preview:-1"},"canonical":"https:\/\/vollausgebucht.net\/?p=14483","og_locale":"de_DE","og_type":"article","og_title":"Wochenr\u00fcckblick: Der Sommer ist zur\u00fcck, b\u00e4h - Voll ausgebucht","og_description":"Auch wenn heute schon Dienstag ist, habe ich den Wochenr\u00fcckblick nat\u00fcrtlich nicht vergessen, ich bin blo\u00df mal wieder sp\u00e4t dran. Eigentlich gibt es auch gar nichts aufregendes zu bereichten und auch meine Lesezeit war diesmal etwas begrenzt. Nat\u00fcrlich habe ich Weiterlesen\u00a0\u2026","og_url":"https:\/\/vollausgebucht.net\/?p=14483","og_site_name":"Voll ausgebucht","article_published_time":"2023-09-12T10:50:33+00:00","article_modified_time":"2023-09-12T12:21:36+00:00","og_image":[{"width":700,"height":350,"url":"https:\/\/vollausgebucht.net\/wp-content\/uploads\/header-sept-2.png","type":"image\/png"}],"author":"DesKing","schema":{"@context":"https:\/\/schema.org","@graph":[{"@type":"Article","@id":"https:\/\/vollausgebucht.net\/?p=14483#article","isPartOf":{"@id":"https:\/\/vollausgebucht.net\/?p=14483"},"author":{"name":"DesKing","@id":"https:\/\/vollausgebucht.net\/#\/schema\/person\/a4c2c6f703cf1bac8cf4974558e405c6"},"headline":"Wochenr\u00fcckblick: Der Sommer ist zur\u00fcck, b\u00e4h","datePublished":"2023-09-12T10:50:33+00:00","dateModified":"2023-09-12T12:21:36+00:00","mainEntityOfPage":{"@id":"https:\/\/vollausgebucht.net\/?p=14483"},"wordCount":475,"commentCount":0,"publisher":{"@id":"https:\/\/vollausgebucht.net\/#\/schema\/person\/a4c2c6f703cf1bac8cf4974558e405c6"},"image":{"@id":"https:\/\/vollausgebucht.net\/?p=14483#primaryimage"},"thumbnailUrl":"https:\/\/vollausgebucht.net\/wp-content\/uploads\/header-sept-2.png","keywords":["Bookjunkie","Booklover","Booknerd","Books","Books of Instagram","Bookstagram","Bookstagram Germany","Buchblog","Buchblogger","B\u00fccher","B\u00fccherliebe","B\u00fcchers\u00fcchtig","B\u00fccherwurm","Buchtipp","Ein gutes Omen","Game over","gelesene Seiten","Instabooks","Jutta W\u00f6lk","Leseliebe","Lesen","Leseratte","Lesestatistik","Lesewoche","Moonshiner","Neil Gaiman","Reading","Reado","Simone Trojahn","Terry Pratchett","Verm\u00e4chtnis des Grauens","Voll ausgebucht","Wochenr\u00fcckblick"],"articleSection":["Just talking"],"inLanguage":"de","potentialAction":[{"@type":"CommentAction","name":"Comment","target":["https:\/\/vollausgebucht.net\/?p=14483#respond"]}]},{"@type":"WebPage","@id":"https:\/\/vollausgebucht.net\/?p=14483","url":"https:\/\/vollausgebucht.net\/?p=14483","name":"Wochenr\u00fcckblick: Der Sommer ist zur\u00fcck, b\u00e4h - Voll ausgebucht","isPartOf":{"@id":"https:\/\/vollausgebucht.net\/#website"},"primaryImageOfPage":{"@id":"https:\/\/vollausgebucht.net\/?p=14483#primaryimage"},"image":{"@id":"https:\/\/vollausgebucht.net\/?p=14483#primaryimage"},"thumbnailUrl":"https:\/\/vollausgebucht.net\/wp-content\/uploads\/header-sept-2.png","datePublished":"2023-09-12T10:50:33+00:00","dateModified":"2023-09-12T12:21:36+00:00","breadcrumb":{"@id":"https:\/\/vollausgebucht.net\/?p=14483#breadcrumb"},"inLanguage":"de","potentialAction":[{"@type":"ReadAction","target":["https:\/\/vollausgebucht.net\/?p=14483"]}]},{"@type":"ImageObject","inLanguage":"de","@id":"https:\/\/vollausgebucht.net\/?p=14483#primaryimage","url":"https:\/\/vollausgebucht.net\/wp-content\/uploads\/header-sept-2.png","contentUrl":"https:\/\/vollausgebucht.net\/wp-content\/uploads\/header-sept-2.png","width":700,"height":350},{"@type":"BreadcrumbList","@id":"https:\/\/vollausgebucht.net\/?p=14483#breadcrumb","itemListElement":[{"@type":"ListItem","position":1,"name":"Startseite","item":"https:\/\/vollausgebucht.net\/"},{"@type":"ListItem","position":2,"name":"Wochenr\u00fcckblick: Der Sommer ist zur\u00fcck, b\u00e4h"}]},{"@type":"WebSite","@id":"https:\/\/vollausgebucht.net\/#website","url":"https:\/\/vollausgebucht.net\/","name":"Voll ausgebucht","description":"","publisher":{"@id":"https:\/\/vollausgebucht.net\/#\/schema\/person\/a4c2c6f703cf1bac8cf4974558e405c6"},"potentialAction":[{"@type":"SearchAction","target":{"@type":"EntryPoint","urlTemplate":"https:\/\/vollausgebucht.net\/?s={search_term_string}"},"query-input":{"@type":"PropertyValueSpecification","valueRequired":true,"valueName":"search_term_string"}}],"inLanguage":"de"},{"@type":["Person","Organization"],"@id":"https:\/\/vollausgebucht.net\/#\/schema\/person\/a4c2c6f703cf1bac8cf4974558e405c6","name":"DesKing","logo":{"@id":"https:\/\/vollausgebucht.net\/#\/schema\/person\/image\/"},"sameAs":["https:\/\/vollausgebucht.net"],"url":"https:\/\/vollausgebucht.net\/?author=1"}]}},"_links":{"self":[{"href":"https:\/\/vollausgebucht.net\/index.php?rest_route=\/wp\/v2\/posts\/14483","targetHints":{"allow":["GET"]}}],"collection":[{"href":"https:\/\/vollausgebucht.net\/index.php?rest_route=\/wp\/v2\/posts"}],"about":[{"href":"https:\/\/vollausgebucht.net\/index.php?rest_route=\/wp\/v2\/types\/post"}],"author":[{"embeddable":true,"href":"https:\/\/vollausgebucht.net\/index.php?rest_route=\/wp\/v2\/users\/1"}],"replies":[{"embeddable":true,"href":"https:\/\/vollausgebucht.net\/index.php?rest_route=%2Fwp%2Fv2%2Fcomments&post=14483"}],"version-history":[{"count":0,"href":"https:\/\/vollausgebucht.net\/index.php?rest_route=\/wp\/v2\/posts\/14483\/revisions"}],"wp:featuredmedia":[{"embeddable":true,"href":"https:\/\/vollausgebucht.net\/index.php?rest_route=\/wp\/v2\/media\/14497"}],"wp:attachment":[{"href":"https:\/\/vollausgebucht.net\/index.php?rest_route=%2Fwp%2Fv2%2Fmedia&parent=14483"}],"wp:term":[{"taxonomy":"category","embeddable":true,"href":"https:\/\/vollausgebucht.net\/index.php?rest_route=%2Fwp%2Fv2%2Fcategories&post=14483"},{"taxonomy":"post_tag","embeddable":true,"href":"https:\/\/vollausgebucht.net\/index.php?rest_route=%2Fwp%2Fv2%2Ftags&post=14483"}],"curies":[{"name":"wp","href":"https:\/\/api.w.org\/{rel}","templated":true}]}}