{"id":18551,"date":"2024-08-27T18:01:38","date_gmt":"2024-08-27T16:01:38","guid":{"rendered":"https:\/\/vollausgebucht.net\/?p=18551"},"modified":"2024-08-28T16:43:40","modified_gmt":"2024-08-28T14:43:40","slug":"und-mit-mir-die-schuld-daniel-leitner","status":"publish","type":"post","link":"https:\/\/vollausgebucht.net\/?p=18551","title":{"rendered":"&#8222;Und mit mir die Schuld&#8220; &#8211; Daniel Leitner"},"content":{"rendered":"<blockquote><p><span style=\"font-family: georgia, palatino, serif; color: #ffffff;\">&#8220; &#8230; Wer behauptet, dass sich mit der Zeit der Schleier des Vergessens \u00fcber l\u00e4ngst vergangene Geschehnisse legt, hat in seinem ganzen Leben kaum etwas erlebt. Auch wenn man an den sch\u00f6nen Erinnerungen festhalten will, sind es gerade die schrecklichen, die uns in detaillierter Form erhalten bleiben. &#8230;&#8220; ( Seite 73)<\/span><\/p><\/blockquote>\n<p><img loading=\"lazy\" decoding=\"async\" class=\"size-full wp-image-291 aligncenter\" src=\"https:\/\/vollausgebucht.net\/wp-content\/uploads\/2020\/05\/klap.png\" alt=\"\" width=\"112\" height=\"31\" \/><\/p>\n<p style=\"text-align: center;\"><span style=\"font-family: georgia, palatino, serif; color: #000000;\"><span class=\"a-text-italic\">Sein Interesse bedeutet Gefahr, seine Liebe deinen Tod.<\/span><\/span><\/p>\n<p style=\"text-align: center;\"><span style=\"font-family: georgia, palatino, serif; color: #000000;\">Ted sitzt jeden Freitag an der Bar. Er ist einer dieser stillen Beobachter, die sich kaum unterhalten. Es sei denn, da ist jemand, der ihm gef\u00e4llt. Dann nimmt er ihn gerne mit nach Hause. Aber Ted mag es nicht, wenn sie wieder gehen wollen. Deshalb beh\u00e4lt er sie bei sich. Ob sie wollen oder nicht.<\/span><br \/>\n<span style=\"font-family: georgia, palatino, serif; color: #000000;\">Wenn die Liebe zur Besessenheit wird, die Schuld einen beinahe auffrisst und die Einsamkeit unertr\u00e4glich scheint, \u00fcbernimmt das Dunkle die \u00dcberhand. Denn in Velvet Cove gibt es keine \u00fcbernat\u00fcrlichen Monster. Das wahre B\u00f6se schlummert in den Menschen selbst.<\/span><\/p>\n<p style=\"text-align: center;\"><span style=\"font-family: georgia, palatino, serif; color: #000000;\">\u201e<span class=\"a-text-italic\">And\u00e4chtig stelle ich Jesses Kopf auf den kleinen Tisch, damit er meine Arbeit mitansehen kann.\u201c<\/span><\/span><\/p>\n<p><img loading=\"lazy\" decoding=\"async\" class=\"size-full wp-image-128 aligncenter\" src=\"https:\/\/vollausgebucht.net\/wp-content\/uploads\/daru.png\" alt=\"\" width=\"122\" height=\"35\" \/><\/p>\n<p><span style=\"font-family: georgia, palatino, serif; color: #000000;\">Frank arbeitet in einem Plattenladen zusammen mit Lee, auf die er ein Auge geworfen hat. Er kennt sich nicht nur mit Musik, sondern auch mit Horrorfilmen aus, ist aber eher ein unscheinbarer und sch\u00fcchterner Typ. Und dann ist da noch Ted, der seine Partner am liebsten ganz nah bei sich hat und f\u00fcr den Verlassenwerden keine Option ist. Was verbindet diese beiden grundverschiedenen M\u00e4nner?<\/span><\/p>\n<p><img loading=\"lazy\" decoding=\"async\" class=\"alignnone size-full wp-image-18573\" src=\"https:\/\/vollausgebucht.net\/wp-content\/uploads\/und-mit-mir-die-schuld-1.png\" alt=\"\" width=\"700\" height=\"700\" srcset=\"https:\/\/vollausgebucht.net\/wp-content\/uploads\/und-mit-mir-die-schuld-1.png 700w, https:\/\/vollausgebucht.net\/wp-content\/uploads\/und-mit-mir-die-schuld-1-150x150.png 150w, https:\/\/vollausgebucht.net\/wp-content\/uploads\/und-mit-mir-die-schuld-1-350x350.png 350w\" sizes=\"auto, (max-width: 700px) 100vw, 700px\" \/><\/p>\n<p><img loading=\"lazy\" decoding=\"async\" class=\"size-full wp-image-125 aligncenter\" src=\"https:\/\/vollausgebucht.net\/wp-content\/uploads\/meine-meinung.png\" alt=\"\" width=\"146\" height=\"32\" \/><span style=\"font-family: georgia, palatino, serif; color: #000000;\">Der vierte Band von Velvet Cove ist wie eine Reise zur\u00fcck in die Kindheit, die Musik, die Horrorfilme, aber nat\u00fcrlich war meine weniger verst\u00f6rend. Das \u00e4ndert jedoch nichts daran, dass ich mich in dem Buch fast ein wenig zu Hause f\u00fchle. Und mal ganz ehrlich, kennen wir nicht alle so einen kleinen Nerd wie Frank, wenn wir nicht gar selbst einer sind? Frank verdient seinen Lebensunterhalt in einem Plattenladen, er lebt Musik und Horrorfilme, keiner kennt sich so gut aus wie er. Nebenbei schw\u00e4rmt er heimlich f\u00fcr seine Kollegin Lee, die ihn schlie\u00dflich unverhofft zu einem Konzert einl\u00e4dt.<\/span><br \/>\n<span style=\"font-family: georgia, palatino, serif; color: #000000;\">Dann ist da noch Ted. Der zieht nachts durch die Bars und hat keine Probleme damit, M\u00e4nner mit nach Hause zu nehmen. Sie danach wieder gehen zu lassen, ist f\u00fcr ihn allerdings so gut wie unm\u00f6glich, denn er kann es nicht ertragen, verlassen zu werden und daf\u00fcr tut er so einiges<\/span>.<br \/>\n<span style=\"font-family: georgia, palatino, serif; color: #000000;\">&#8222;Und mit mir die Schuld&#8220; vermittelt ein tolles 80er Feeling, da sind Billy Idol, Bronksi Beat, Alice Cooper, Duran Duran und &#8222;Freitag, der 13&#8220;, man k\u00f6nnte die Stimmung fast genie\u00dfen. Doch wie immer hat die Sache einen Haken: Man befindet sich in Velvet Cove und dort ging es auch in den vorherigen 3 B\u00e4nden alles andere als gesittet oder gar nett zu. Diesmal schafft es Daniel Leitner allerdings, dass man sich noch unwohler f\u00fchlt als \u00fcblich. Das liegt vor allem daran, dass er sich mit sehr unangenehmen Themen auseinandersetzt. Die innere Einsamkeit, die Angst, verlassen zu werden, ich denke, jeder von uns hat da schon eigene Erfahrungen gesammelt und kann so zumindest bis zu einem gewissen Punkt mitf\u00fchlen. Doch wer meint, das ist das Schlimmste, was auf den Leser zukommt, der hat sich m\u00e4chtig geirrt. Es ist so ein bisschen wie ein dunkler Strudel, der einen immer weiter nach unten zieht und am Ende fassungslos zur\u00fcckl\u00e4sst. Zumindest ging es mir so, denn mit dieser Aufl\u00f6sung habe ich mit keiner Silbe gerechnet und war total \u00fcberrumpelt. Aber hey, wie sagte schon Simon Le Bon? &#8222;<span class=\"ReferentFragmentdesktop__Highlight-sc-110r0d9-1 kQXerT\">Don&#8217;t say a prayer for me now, save it till the morning after&#8220;. Ob man den in Velvet Cove erlebt, ist allerdings eher fraglich.^^<\/span><br \/>\n<\/span><\/p>\n<p><img loading=\"lazy\" decoding=\"async\" class=\"size-full wp-image-298 aligncenter\" src=\"https:\/\/vollausgebucht.net\/wp-content\/uploads\/2020\/05\/fazit2.png\" alt=\"\" width=\"58\" height=\"28\" \/><\/p>\n<p><span style=\"font-family: georgia, palatino, serif; color: #000000;\">Okay, ich hab mit viel gerechnet, aber das war eine harte Nummer. Mehr kann man dazu auch gar nicht sagen ohne zu spoilern. Muss man auch nicht, der vierte Teil der Velvet Cove Reihe spricht f\u00fcr sich und daf\u00fcr vergebe ich wohlverdiente 4,5 von 5 Miezekatzen.<\/span><\/p>\n<p><img loading=\"lazy\" decoding=\"async\" class=\"size-full wp-image-454 aligncenter\" src=\"https:\/\/vollausgebucht.net\/wp-content\/uploads\/miezk45.png\" alt=\"\" width=\"267\" height=\"45\" \/><\/p>\n<p><span style=\"text-decoration: underline;\"><span style=\"color: #000000; text-decoration: underline;\"><a style=\"color: #000000; text-decoration: underline;\" href=\"https:\/\/vollausgebucht.net\/?p=18341\"><span style=\"font-family: georgia, palatino, serif;\">01. &#8222;Und mit mir die Dunkelheit&#8220;<\/span><\/a><\/span><\/span><br \/>\n<span style=\"text-decoration: underline;\"><span style=\"color: #000000; text-decoration: underline;\"><a style=\"color: #000000; text-decoration: underline;\" href=\"https:\/\/vollausgebucht.net\/?p=10567\"><span style=\"font-family: georgia, palatino, serif;\">02. &#8222;Und mit mir die Angst&#8220;<\/span><\/a><\/span><\/span><br \/>\n<span style=\"font-family: georgia, palatino, serif; color: #3366ff;\"><span style=\"color: #000000;\"><span style=\"text-decoration: underline;\"><a style=\"color: #000000; text-decoration: underline;\" href=\"https:\/\/vollausgebucht.net\/?p=17190\">03. &#8222;Und mit mir die Unzucht&#8220;<\/a><\/span><br \/>\n<span style=\"color: #3366ff;\">04. &#8222;Und mit mir die Schuld&#8220;<\/span><\/span><\/span><\/p>\n<p><img loading=\"lazy\" decoding=\"async\" class=\"alignnone size-full wp-image-18572\" src=\"https:\/\/vollausgebucht.net\/wp-content\/uploads\/und-mit-mir-die-schuld-2.png\" alt=\"\" width=\"700\" height=\"350\" srcset=\"https:\/\/vollausgebucht.net\/wp-content\/uploads\/und-mit-mir-die-schuld-2.png 700w, https:\/\/vollausgebucht.net\/wp-content\/uploads\/und-mit-mir-die-schuld-2-300x150.png 300w, https:\/\/vollausgebucht.net\/wp-content\/uploads\/und-mit-mir-die-schuld-2-350x175.png 350w\" sizes=\"auto, (max-width: 700px) 100vw, 700px\" \/><\/p>\n","protected":false},"excerpt":{"rendered":"<p>&#8220; &#8230; Wer behauptet, dass sich mit der Zeit der Schleier des Vergessens \u00fcber l\u00e4ngst vergangene Geschehnisse legt, hat in seinem ganzen Leben kaum etwas erlebt. Auch wenn man an den sch\u00f6nen Erinnerungen festhalten will, sind es gerade die schrecklichen, <a class=\"more-link\" href=\"https:\/\/vollausgebucht.net\/?p=18551\">Weiterlesen\u00a0\u2026<\/a><\/p>\n","protected":false},"author":1,"featured_media":18552,"comment_status":"open","ping_status":"closed","sticky":false,"template":"","format":"standard","meta":{"sfsi_plus_gutenberg_text_before_share":"","sfsi_plus_gutenberg_show_text_before_share":"","sfsi_plus_gutenberg_icon_type":"","sfsi_plus_gutenberg_icon_alignemt":"","sfsi_plus_gutenburg_max_per_row":"","_monsterinsights_skip_tracking":false,"_monsterinsights_sitenote_active":false,"_monsterinsights_sitenote_note":"","_monsterinsights_sitenote_category":0,"footnotes":""},"categories":[5],"tags":[550,485,482,22,450,499,481,491,494,489,492,483,11,493,486,1210,487,490,59,495,16,484,6,47,1951,1275],"class_list":["post-18551","post","type-post","status-publish","format-standard","has-post-thumbnail","hentry","category-rezension","tag-bookish","tag-bookjunkie","tag-booklover","tag-booknerd","tag-books","tag-books-of-instagramm","tag-bookstagram","tag-bookstagram-germany","tag-buchblog","tag-buchblogger","tag-buecher","tag-buecherliebe","tag-buechersuechtig","tag-buecherwurm","tag-buchtipp","tag-daniel-leitner","tag-instabooks","tag-leseliebe","tag-leseliste","tag-lesen","tag-leseratte","tag-reading","tag-rezension","tag-thriller","tag-und-mit-mir-die-schuld","tag-velvet-cove"],"yoast_head":"<!-- This site is optimized with the Yoast SEO plugin v27.5 - https:\/\/yoast.com\/product\/yoast-seo-wordpress\/ -->\n<title>&quot;Und mit mir die Schuld&quot; - Daniel Leitner - Voll ausgebucht<\/title>\n<meta name=\"robots\" content=\"index, follow, max-snippet:-1, max-image-preview:large, max-video-preview:-1\" \/>\n<link rel=\"canonical\" href=\"https:\/\/vollausgebucht.net\/?p=18551\" \/>\n<meta property=\"og:locale\" content=\"de_DE\" \/>\n<meta property=\"og:type\" content=\"article\" \/>\n<meta property=\"og:title\" content=\"&quot;Und mit mir die Schuld&quot; - Daniel Leitner - Voll ausgebucht\" \/>\n<meta property=\"og:description\" content=\"&#8220; &#8230; Wer behauptet, dass sich mit der Zeit der Schleier des Vergessens \u00fcber l\u00e4ngst vergangene Geschehnisse legt, hat in seinem ganzen Leben kaum etwas erlebt. Auch wenn man an den sch\u00f6nen Erinnerungen festhalten will, sind es gerade die schrecklichen, Weiterlesen\u00a0\u2026\" \/>\n<meta property=\"og:url\" content=\"https:\/\/vollausgebucht.net\/?p=18551\" \/>\n<meta property=\"og:site_name\" content=\"Voll ausgebucht\" \/>\n<meta property=\"article:published_time\" content=\"2024-08-27T16:01:38+00:00\" \/>\n<meta property=\"article:modified_time\" content=\"2024-08-28T14:43:40+00:00\" \/>\n<meta property=\"og:image\" content=\"https:\/\/vollausgebucht.net\/wp-content\/uploads\/rezi-und-mit-mir-die-schuld-n.png\" \/>\n\t<meta property=\"og:image:width\" content=\"700\" \/>\n\t<meta property=\"og:image:height\" content=\"330\" \/>\n\t<meta property=\"og:image:type\" content=\"image\/png\" \/>\n<meta name=\"author\" content=\"DesKing\" \/>\n<script type=\"application\/ld+json\" class=\"yoast-schema-graph\">{\"@context\":\"https:\\\/\\\/schema.org\",\"@graph\":[{\"@type\":\"Article\",\"@id\":\"https:\\\/\\\/vollausgebucht.net\\\/?p=18551#article\",\"isPartOf\":{\"@id\":\"https:\\\/\\\/vollausgebucht.net\\\/?p=18551\"},\"author\":{\"name\":\"DesKing\",\"@id\":\"https:\\\/\\\/vollausgebucht.net\\\/#\\\/schema\\\/person\\\/a4c2c6f703cf1bac8cf4974558e405c6\"},\"headline\":\"&#8222;Und mit mir die Schuld&#8220; &#8211; Daniel Leitner\",\"datePublished\":\"2024-08-27T16:01:38+00:00\",\"dateModified\":\"2024-08-28T14:43:40+00:00\",\"mainEntityOfPage\":{\"@id\":\"https:\\\/\\\/vollausgebucht.net\\\/?p=18551\"},\"wordCount\":686,\"commentCount\":0,\"publisher\":{\"@id\":\"https:\\\/\\\/vollausgebucht.net\\\/#\\\/schema\\\/person\\\/a4c2c6f703cf1bac8cf4974558e405c6\"},\"image\":{\"@id\":\"https:\\\/\\\/vollausgebucht.net\\\/?p=18551#primaryimage\"},\"thumbnailUrl\":\"https:\\\/\\\/vollausgebucht.net\\\/wp-content\\\/uploads\\\/rezi-und-mit-mir-die-schuld-n.png\",\"keywords\":[\"Bookish\",\"Bookjunkie\",\"Booklover\",\"Booknerd\",\"Books\",\"Books of Instagramm\",\"Bookstagram\",\"Bookstagram Germany\",\"Buchblog\",\"Buchblogger\",\"B\u00fccher\",\"B\u00fccherliebe\",\"B\u00fcchers\u00fcchtig\",\"B\u00fccherwurm\",\"Buchtipp\",\"Daniel Leitner\",\"Instabooks\",\"Leseliebe\",\"Leseliste\",\"Lesen\",\"Leseratte\",\"Reading\",\"Rezension\",\"Thriller\",\"Und mit mir die Schuld\",\"Velvet Cove\"],\"articleSection\":[\"Rezension\"],\"inLanguage\":\"de\",\"potentialAction\":[{\"@type\":\"CommentAction\",\"name\":\"Comment\",\"target\":[\"https:\\\/\\\/vollausgebucht.net\\\/?p=18551#respond\"]}]},{\"@type\":\"WebPage\",\"@id\":\"https:\\\/\\\/vollausgebucht.net\\\/?p=18551\",\"url\":\"https:\\\/\\\/vollausgebucht.net\\\/?p=18551\",\"name\":\"\\\"Und mit mir die Schuld\\\" - Daniel Leitner - Voll ausgebucht\",\"isPartOf\":{\"@id\":\"https:\\\/\\\/vollausgebucht.net\\\/#website\"},\"primaryImageOfPage\":{\"@id\":\"https:\\\/\\\/vollausgebucht.net\\\/?p=18551#primaryimage\"},\"image\":{\"@id\":\"https:\\\/\\\/vollausgebucht.net\\\/?p=18551#primaryimage\"},\"thumbnailUrl\":\"https:\\\/\\\/vollausgebucht.net\\\/wp-content\\\/uploads\\\/rezi-und-mit-mir-die-schuld-n.png\",\"datePublished\":\"2024-08-27T16:01:38+00:00\",\"dateModified\":\"2024-08-28T14:43:40+00:00\",\"breadcrumb\":{\"@id\":\"https:\\\/\\\/vollausgebucht.net\\\/?p=18551#breadcrumb\"},\"inLanguage\":\"de\",\"potentialAction\":[{\"@type\":\"ReadAction\",\"target\":[\"https:\\\/\\\/vollausgebucht.net\\\/?p=18551\"]}]},{\"@type\":\"ImageObject\",\"inLanguage\":\"de\",\"@id\":\"https:\\\/\\\/vollausgebucht.net\\\/?p=18551#primaryimage\",\"url\":\"https:\\\/\\\/vollausgebucht.net\\\/wp-content\\\/uploads\\\/rezi-und-mit-mir-die-schuld-n.png\",\"contentUrl\":\"https:\\\/\\\/vollausgebucht.net\\\/wp-content\\\/uploads\\\/rezi-und-mit-mir-die-schuld-n.png\",\"width\":700,\"height\":330},{\"@type\":\"BreadcrumbList\",\"@id\":\"https:\\\/\\\/vollausgebucht.net\\\/?p=18551#breadcrumb\",\"itemListElement\":[{\"@type\":\"ListItem\",\"position\":1,\"name\":\"Startseite\",\"item\":\"https:\\\/\\\/vollausgebucht.net\\\/\"},{\"@type\":\"ListItem\",\"position\":2,\"name\":\"&#8222;Und mit mir die Schuld&#8220; &#8211; Daniel Leitner\"}]},{\"@type\":\"WebSite\",\"@id\":\"https:\\\/\\\/vollausgebucht.net\\\/#website\",\"url\":\"https:\\\/\\\/vollausgebucht.net\\\/\",\"name\":\"Voll ausgebucht\",\"description\":\"\",\"publisher\":{\"@id\":\"https:\\\/\\\/vollausgebucht.net\\\/#\\\/schema\\\/person\\\/a4c2c6f703cf1bac8cf4974558e405c6\"},\"potentialAction\":[{\"@type\":\"SearchAction\",\"target\":{\"@type\":\"EntryPoint\",\"urlTemplate\":\"https:\\\/\\\/vollausgebucht.net\\\/?s={search_term_string}\"},\"query-input\":{\"@type\":\"PropertyValueSpecification\",\"valueRequired\":true,\"valueName\":\"search_term_string\"}}],\"inLanguage\":\"de\"},{\"@type\":[\"Person\",\"Organization\"],\"@id\":\"https:\\\/\\\/vollausgebucht.net\\\/#\\\/schema\\\/person\\\/a4c2c6f703cf1bac8cf4974558e405c6\",\"name\":\"DesKing\",\"logo\":{\"@id\":\"https:\\\/\\\/vollausgebucht.net\\\/#\\\/schema\\\/person\\\/image\\\/\"},\"sameAs\":[\"https:\\\/\\\/vollausgebucht.net\"],\"url\":\"https:\\\/\\\/vollausgebucht.net\\\/?author=1\"}]}<\/script>\n<!-- \/ Yoast SEO plugin. -->","yoast_head_json":{"title":"\"Und mit mir die Schuld\" - Daniel Leitner - Voll ausgebucht","robots":{"index":"index","follow":"follow","max-snippet":"max-snippet:-1","max-image-preview":"max-image-preview:large","max-video-preview":"max-video-preview:-1"},"canonical":"https:\/\/vollausgebucht.net\/?p=18551","og_locale":"de_DE","og_type":"article","og_title":"\"Und mit mir die Schuld\" - Daniel Leitner - Voll ausgebucht","og_description":"&#8220; &#8230; Wer behauptet, dass sich mit der Zeit der Schleier des Vergessens \u00fcber l\u00e4ngst vergangene Geschehnisse legt, hat in seinem ganzen Leben kaum etwas erlebt. Auch wenn man an den sch\u00f6nen Erinnerungen festhalten will, sind es gerade die schrecklichen, Weiterlesen\u00a0\u2026","og_url":"https:\/\/vollausgebucht.net\/?p=18551","og_site_name":"Voll ausgebucht","article_published_time":"2024-08-27T16:01:38+00:00","article_modified_time":"2024-08-28T14:43:40+00:00","og_image":[{"width":700,"height":330,"url":"https:\/\/vollausgebucht.net\/wp-content\/uploads\/rezi-und-mit-mir-die-schuld-n.png","type":"image\/png"}],"author":"DesKing","schema":{"@context":"https:\/\/schema.org","@graph":[{"@type":"Article","@id":"https:\/\/vollausgebucht.net\/?p=18551#article","isPartOf":{"@id":"https:\/\/vollausgebucht.net\/?p=18551"},"author":{"name":"DesKing","@id":"https:\/\/vollausgebucht.net\/#\/schema\/person\/a4c2c6f703cf1bac8cf4974558e405c6"},"headline":"&#8222;Und mit mir die Schuld&#8220; &#8211; Daniel Leitner","datePublished":"2024-08-27T16:01:38+00:00","dateModified":"2024-08-28T14:43:40+00:00","mainEntityOfPage":{"@id":"https:\/\/vollausgebucht.net\/?p=18551"},"wordCount":686,"commentCount":0,"publisher":{"@id":"https:\/\/vollausgebucht.net\/#\/schema\/person\/a4c2c6f703cf1bac8cf4974558e405c6"},"image":{"@id":"https:\/\/vollausgebucht.net\/?p=18551#primaryimage"},"thumbnailUrl":"https:\/\/vollausgebucht.net\/wp-content\/uploads\/rezi-und-mit-mir-die-schuld-n.png","keywords":["Bookish","Bookjunkie","Booklover","Booknerd","Books","Books of Instagramm","Bookstagram","Bookstagram Germany","Buchblog","Buchblogger","B\u00fccher","B\u00fccherliebe","B\u00fcchers\u00fcchtig","B\u00fccherwurm","Buchtipp","Daniel Leitner","Instabooks","Leseliebe","Leseliste","Lesen","Leseratte","Reading","Rezension","Thriller","Und mit mir die Schuld","Velvet Cove"],"articleSection":["Rezension"],"inLanguage":"de","potentialAction":[{"@type":"CommentAction","name":"Comment","target":["https:\/\/vollausgebucht.net\/?p=18551#respond"]}]},{"@type":"WebPage","@id":"https:\/\/vollausgebucht.net\/?p=18551","url":"https:\/\/vollausgebucht.net\/?p=18551","name":"\"Und mit mir die Schuld\" - Daniel Leitner - Voll ausgebucht","isPartOf":{"@id":"https:\/\/vollausgebucht.net\/#website"},"primaryImageOfPage":{"@id":"https:\/\/vollausgebucht.net\/?p=18551#primaryimage"},"image":{"@id":"https:\/\/vollausgebucht.net\/?p=18551#primaryimage"},"thumbnailUrl":"https:\/\/vollausgebucht.net\/wp-content\/uploads\/rezi-und-mit-mir-die-schuld-n.png","datePublished":"2024-08-27T16:01:38+00:00","dateModified":"2024-08-28T14:43:40+00:00","breadcrumb":{"@id":"https:\/\/vollausgebucht.net\/?p=18551#breadcrumb"},"inLanguage":"de","potentialAction":[{"@type":"ReadAction","target":["https:\/\/vollausgebucht.net\/?p=18551"]}]},{"@type":"ImageObject","inLanguage":"de","@id":"https:\/\/vollausgebucht.net\/?p=18551#primaryimage","url":"https:\/\/vollausgebucht.net\/wp-content\/uploads\/rezi-und-mit-mir-die-schuld-n.png","contentUrl":"https:\/\/vollausgebucht.net\/wp-content\/uploads\/rezi-und-mit-mir-die-schuld-n.png","width":700,"height":330},{"@type":"BreadcrumbList","@id":"https:\/\/vollausgebucht.net\/?p=18551#breadcrumb","itemListElement":[{"@type":"ListItem","position":1,"name":"Startseite","item":"https:\/\/vollausgebucht.net\/"},{"@type":"ListItem","position":2,"name":"&#8222;Und mit mir die Schuld&#8220; &#8211; Daniel Leitner"}]},{"@type":"WebSite","@id":"https:\/\/vollausgebucht.net\/#website","url":"https:\/\/vollausgebucht.net\/","name":"Voll ausgebucht","description":"","publisher":{"@id":"https:\/\/vollausgebucht.net\/#\/schema\/person\/a4c2c6f703cf1bac8cf4974558e405c6"},"potentialAction":[{"@type":"SearchAction","target":{"@type":"EntryPoint","urlTemplate":"https:\/\/vollausgebucht.net\/?s={search_term_string}"},"query-input":{"@type":"PropertyValueSpecification","valueRequired":true,"valueName":"search_term_string"}}],"inLanguage":"de"},{"@type":["Person","Organization"],"@id":"https:\/\/vollausgebucht.net\/#\/schema\/person\/a4c2c6f703cf1bac8cf4974558e405c6","name":"DesKing","logo":{"@id":"https:\/\/vollausgebucht.net\/#\/schema\/person\/image\/"},"sameAs":["https:\/\/vollausgebucht.net"],"url":"https:\/\/vollausgebucht.net\/?author=1"}]}},"_links":{"self":[{"href":"https:\/\/vollausgebucht.net\/index.php?rest_route=\/wp\/v2\/posts\/18551","targetHints":{"allow":["GET"]}}],"collection":[{"href":"https:\/\/vollausgebucht.net\/index.php?rest_route=\/wp\/v2\/posts"}],"about":[{"href":"https:\/\/vollausgebucht.net\/index.php?rest_route=\/wp\/v2\/types\/post"}],"author":[{"embeddable":true,"href":"https:\/\/vollausgebucht.net\/index.php?rest_route=\/wp\/v2\/users\/1"}],"replies":[{"embeddable":true,"href":"https:\/\/vollausgebucht.net\/index.php?rest_route=%2Fwp%2Fv2%2Fcomments&post=18551"}],"version-history":[{"count":0,"href":"https:\/\/vollausgebucht.net\/index.php?rest_route=\/wp\/v2\/posts\/18551\/revisions"}],"wp:featuredmedia":[{"embeddable":true,"href":"https:\/\/vollausgebucht.net\/index.php?rest_route=\/wp\/v2\/media\/18552"}],"wp:attachment":[{"href":"https:\/\/vollausgebucht.net\/index.php?rest_route=%2Fwp%2Fv2%2Fmedia&parent=18551"}],"wp:term":[{"taxonomy":"category","embeddable":true,"href":"https:\/\/vollausgebucht.net\/index.php?rest_route=%2Fwp%2Fv2%2Fcategories&post=18551"},{"taxonomy":"post_tag","embeddable":true,"href":"https:\/\/vollausgebucht.net\/index.php?rest_route=%2Fwp%2Fv2%2Ftags&post=18551"}],"curies":[{"name":"wp","href":"https:\/\/api.w.org\/{rel}","templated":true}]}}