{"id":20673,"date":"2025-03-26T16:31:21","date_gmt":"2025-03-26T14:31:21","guid":{"rendered":"https:\/\/vollausgebucht.net\/?p=20673"},"modified":"2025-03-27T23:14:58","modified_gmt":"2025-03-27T21:14:58","slug":"weisser-schrecken-thomas-finn","status":"publish","type":"post","link":"https:\/\/vollausgebucht.net\/?p=20673","title":{"rendered":"&#8222;Wei\u00dfer Schrecken&#8220; &#8211; Thomas Finn"},"content":{"rendered":"<blockquote><p><span style=\"font-family: georgia, palatino, serif; color: #ffffff;\">&#8220; &#8230; Das Schicksal hat uns eingeholt. Es h\u00e4lt uns fest im Griff. Dich. Mich. Uns alle. Glaubst du ernsthaft, es sei Zufall, dass du ausgerechnet im Dezember wieder zur\u00fcck in Deutschland bist? P\u00fcnktlich in diesem Jahr? In diesem Monat? &#8230;&#8220;\u00a0\u00a0<\/span><\/p><\/blockquote>\n<p><img loading=\"lazy\" decoding=\"async\" class=\"size-full wp-image-291 aligncenter\" src=\"https:\/\/vollausgebucht.net\/wp-content\/uploads\/2020\/05\/klap.png\" alt=\"\" width=\"112\" height=\"31\" \/><\/p>\n<p style=\"text-align: center;\"><span style=\"font-family: georgia, palatino, serif; color: #000000;\">Ein frostiger Winter hat Einzug gehalten in der kleinen Berchtesgadener Ortschaft Perchtal. Es herrscht eine besinnliche vorweihnachtliche Stimmung und alle freuen sich auf den traditionellen Perchtenlauf.<\/span><br \/>\n<span style=\"font-family: georgia, palatino, serif; color: #000000;\">Da entdecken die Zwillinge Miriam und Elke die Leiche eines M\u00e4dchens im zugefrorenen Perchtensee, die ihnen wie aus dem Gesicht geschnitten ist. Gemeinsam mit ihren Freunden Andy, Robert und Niklas gehen sie dem unheimlichen R\u00e4tsel nach \u2013 und kommen so einer eisigen Macht auf die Spur, die schon seit Jahrtausenden in der Bergwelt lauert.<\/span><\/p>\n<p><img loading=\"lazy\" decoding=\"async\" class=\"size-full wp-image-128 aligncenter\" src=\"https:\/\/vollausgebucht.net\/wp-content\/uploads\/daru.png\" alt=\"\" width=\"122\" height=\"35\" \/><\/p>\n<p><span style=\"font-family: georgia, palatino, serif; color: #000000;\">Weihnachtszeit. Aus den Radios ert\u00f6nt &#8222;Last Christmas&#8220;. Andreas sitzt im Aufnahmestudio beim Radio und gibt ein Interview \u00fcber seine Arbeit bei &#8222;\u00c4rzte ohne Grenzen&#8220;, als sein Jugendfreund Niklas anruft und ihn fragt, warum er lieber im Ausland Fremden hilft als Zuhause seinen Freunden beizustehen. Und dann kehrt sie zur\u00fcck, die Erinnerung an damals, an seine Freunde und ihren Kampf gegen den &#8222;Kinderfresser&#8220;.<\/span><\/p>\n<p><img loading=\"lazy\" decoding=\"async\" class=\"alignnone size-full wp-image-20848\" src=\"https:\/\/vollausgebucht.net\/wp-content\/uploads\/weisser-schrecken-1.png\" alt=\"\" width=\"700\" height=\"700\" srcset=\"https:\/\/vollausgebucht.net\/wp-content\/uploads\/weisser-schrecken-1.png 700w, https:\/\/vollausgebucht.net\/wp-content\/uploads\/weisser-schrecken-1-150x150.png 150w, https:\/\/vollausgebucht.net\/wp-content\/uploads\/weisser-schrecken-1-350x350.png 350w\" sizes=\"auto, (max-width: 700px) 100vw, 700px\" \/><\/p>\n<p><img loading=\"lazy\" decoding=\"async\" class=\"size-full wp-image-125 aligncenter\" src=\"https:\/\/vollausgebucht.net\/wp-content\/uploads\/meine-meinung.png\" alt=\"\" width=\"146\" height=\"32\" \/><\/p>\n<p><span style=\"font-family: georgia, palatino, serif; color: #000000;\">Weihnachten ist die besinnlichste Zeit des Jahres. Nicht so in Perchtal, einem kleinen St\u00e4dtchen bei Berchtesga<\/span><span style=\"font-family: georgia, palatino, serif; color: #000000;\">den. Dort werden die alten Traditionen am Leben erhalten, Knecht Ruprecht ist hier nicht der gute Mann mit der Rute und dann gibt es ja auch noch den Krampus. <\/span><br \/>\n<span style=\"font-family: georgia, palatino, serif; color: #000000;\">Andreas, Niklas, Robert und die Zwillingsschwestern Elke und Miriam sind eine eingeschworene Gemeinschaft. Sie genie\u00dfen die Wintertage und den Schnee, bis Elke beim Schlittschuhlaufen st\u00fcrzt und unter dem Eis eine Leiche erblickt. Ein M\u00e4dchen, dass ihr und ihrer Schwester erschreckend \u00e4hnlich sieht. Aber wer ist die Unbekannte? Hat sie etwas mit der \u00fcbertriebenen Fr\u00f6mmigkeit ihrer Eltern zu tun?<br \/>\nDie Teenager sind neugierig, wollen herausfinden, was es mit der Toten auf sich hat und warum die Erwachsenen schweigen. Oder sich merkw\u00fcrdig verhalten, so wie der Pfarrer. Warum h\u00f6ren sie immer wieder einen Kinderchor, der Weihnachtslieder singt?<br \/>\nThomas Finn l\u00e4sst seine Geschichte auf zwei Zeitebenen spielen und schon da beginnt die \u00c4hnlichkeit mit Stephen Kings &#8222;Es&#8220;. Auch hier kehrt der Protagonist nach vielen Jahren in die Heimat zu seinen alten Freunden zur\u00fcck, allerdings nicht f\u00fcr ein fr\u00f6hliches Wiedersehensfest. In der Vergangenheit ist etwas geschehen, dass sich massiv auf das Leben der Freunde ausgewirkt hat. Vor 16 Jahren haben die Jugendlichen nach dem Fund der Leiche Nachforschungen angestellt und sind dabei auf seltsame Ereignisse in ihrem Dorf gesto\u00dfen. Im Gegensatz zu King geht Thomas Finn hier jedoch einen etwas anderen Weg, denn er widmet sich den Mythen und Br\u00e4uchen rund um den Nikolaustag. Da gibt es alte G\u00f6tter, M\u00e4rchen, Sagen und, das d\u00fcrfte dem einen oder anderen dann wieder bekannt vorkommen, nat\u00fcrlich kaputte Elternh\u00e4user. W\u00e4hrend Elkes und Miriams Erziehungsberechtigte extrem religi\u00f6s sind und ihren T\u00f6chtern alles verbieten, was Spa\u00df macht, wird Niklas von seiner Mutter verh\u00e4tschelt und Andreas von seinem seinem Vater zwar mit Geschenken \u00fcbersch\u00fcttet, ansonsten aber komplett ignoriert. Was erstmal nach Klischees ohne Ende klingt, hat jedoch durchaus Gr\u00fcnde, die sich im Laufe des Buches immer deutlicher herauskristallisieren.<br \/>\nDoch nicht nur das Setting und der Plott wissen zu fesseln, auch der Schreibstil von Thomas Finn sorgt daf\u00fcr, dass man das Buch ungern zur Seite legt um in die Realit\u00e4t zur\u00fcckzukehren, aber ab und zu muss man sich einfach einen hei\u00dfen Kakao holen und die kalten F\u00fc\u00dfe in noch w\u00e4rmere Socken packen. Dazu muss ich erw\u00e4hnen, dass ich das Buch zu Beginn des Jahres gelesen habe, als es drau\u00dfen noch richtig ungem\u00fctlich war.<br \/>\nSolltet ihr vorhaben, euch nach Perchtal zu begeben, dann hebt euch die Lekt\u00fcre unbedingt f\u00fcr die Weihnachtszeit oder kalte Wintertage auf, denn erst dann kommt die richtige Stimmung daf\u00fcr auf. Ja,<\/span><span style=\"font-family: georgia, palatino, serif; color: #000000;\"> &#8222;Wei\u00dfer Schrecken&#8220; erinnert nicht nur ein bisschen an &#8222;Es&#8220; von Stephen King, geht es hier doch ebenfalls um eine Gruppe von Teenagern, die feststellen m\u00fcssen, dass ihr D\u00f6rfchen oder St\u00e4dtchen nicht so beschaulich ist wie sie immer dachten. Aber es geht eben auch seinen ganz eigenen Weg und gerade diese alten Br\u00e4uche und Geschichten, f\u00fcr die mit Sicherheit eine ganze Menge Recherche n\u00f6tig war, haben mich gefesselt. Und sein wir mal ehrlich, Coming of Age und Horror sind einfach eine perfekte Kombination.<br \/>\n&#8222;Wei\u00dfer Schrecken&#8220; gibt es im Buchheim Verlag \u00fcbrigens in einer wirklich toll aufgemachten signierten und limitierten Ausgabe, ich muss zu meiner Schande allerdings gestehen, dass ich hier nur das eBook gelesen habe.<\/span><\/p>\n<p><img loading=\"lazy\" decoding=\"async\" class=\"size-full wp-image-298 aligncenter\" src=\"https:\/\/vollausgebucht.net\/wp-content\/uploads\/2020\/05\/fazit2.png\" alt=\"\" width=\"58\" height=\"28\" \/><\/p>\n<p><span style=\"font-family: georgia, palatino, serif; color: #000000;\">Muss Thomas Finn den Vergleich mit Stephen King scheuen? Zugegeben, beide B\u00fccher haben viel gemeinsam und das muss ja nicht schlecht sein, zumal der Autor hier einen eigenen Weg geht und deutsche Mythen und Brauchtum einbezieht, was der Story ein ganz eigenes Flair verleiht, vorrausgesetzt nat\u00fcrlich, dass man sich daf\u00fcr interessiert. Wer mir schon ein bisschen folgt, wei\u00df, dass das Ganze voll mein Ding ist. Ich war also das perfekte Leseopfer und habe die unheimliche winterliche Stimmung von der ersten bis zur letzten Seite genossen, inclusive G\u00e4nsehaut und kalte F\u00fc\u00dfe und daf\u00fcr vergebe ich 4,5 von 5 Miezekatzen.<\/span><\/p>\n<p><img loading=\"lazy\" decoding=\"async\" class=\"size-full wp-image-454 aligncenter\" src=\"https:\/\/vollausgebucht.net\/wp-content\/uploads\/miezk45.png\" alt=\"\" width=\"267\" height=\"45\" \/><\/p>\n<p><img loading=\"lazy\" decoding=\"async\" class=\"alignnone size-full wp-image-20845\" src=\"https:\/\/vollausgebucht.net\/wp-content\/uploads\/weisser-schrecken-2.jpg\" alt=\"\" width=\"1280\" height=\"829\" srcset=\"https:\/\/vollausgebucht.net\/wp-content\/uploads\/weisser-schrecken-2.jpg 1280w, https:\/\/vollausgebucht.net\/wp-content\/uploads\/weisser-schrecken-2-232x150.jpg 232w, https:\/\/vollausgebucht.net\/wp-content\/uploads\/weisser-schrecken-2-350x227.jpg 350w, https:\/\/vollausgebucht.net\/wp-content\/uploads\/weisser-schrecken-2-768x497.jpg 768w, https:\/\/vollausgebucht.net\/wp-content\/uploads\/weisser-schrecken-2-1024x663.jpg 1024w\" sizes=\"auto, (max-width: 1280px) 100vw, 1280px\" \/><\/p>\n","protected":false},"excerpt":{"rendered":"<p>&#8220; &#8230; Das Schicksal hat uns eingeholt. Es h\u00e4lt uns fest im Griff. Dich. Mich. Uns alle. Glaubst du ernsthaft, es sei Zufall, dass du ausgerechnet im Dezember wieder zur\u00fcck in Deutschland bist? P\u00fcnktlich in diesem Jahr? In diesem Monat? <a class=\"more-link\" href=\"https:\/\/vollausgebucht.net\/?p=20673\">Weiterlesen\u00a0\u2026<\/a><\/p>\n","protected":false},"author":1,"featured_media":20674,"comment_status":"open","ping_status":"closed","sticky":false,"template":"","format":"standard","meta":{"sfsi_plus_gutenberg_text_before_share":"","sfsi_plus_gutenberg_show_text_before_share":"","sfsi_plus_gutenberg_icon_type":"","sfsi_plus_gutenberg_icon_alignemt":"","sfsi_plus_gutenburg_max_per_row":"","_monsterinsights_skip_tracking":false,"_monsterinsights_sitenote_active":false,"_monsterinsights_sitenote_note":"","_monsterinsights_sitenote_category":0,"footnotes":""},"categories":[5],"tags":[550,485,482,22,450,499,481,491,494,489,492,483,11,493,1971,486,27,487,490,59,495,16,484,6,2072,2096],"class_list":["post-20673","post","type-post","status-publish","format-standard","has-post-thumbnail","hentry","category-rezension","tag-bookish","tag-bookjunkie","tag-booklover","tag-booknerd","tag-books","tag-books-of-instagramm","tag-bookstagram","tag-bookstagram-germany","tag-buchblog","tag-buchblogger","tag-buecher","tag-buecherliebe","tag-buechersuechtig","tag-buecherwurm","tag-buchheim-verlag","tag-buchtipp","tag-horror","tag-instabooks","tag-leseliebe","tag-leseliste","tag-lesen","tag-leseratte","tag-reading","tag-rezension","tag-thomas-finn","tag-weisser-schrecken"],"yoast_head":"<!-- This site is optimized with the Yoast SEO plugin v27.5 - https:\/\/yoast.com\/product\/yoast-seo-wordpress\/ -->\n<title>&quot;Wei\u00dfer Schrecken&quot; - Thomas Finn - Voll ausgebucht<\/title>\n<meta name=\"robots\" content=\"index, follow, max-snippet:-1, max-image-preview:large, max-video-preview:-1\" \/>\n<link rel=\"canonical\" href=\"https:\/\/vollausgebucht.net\/?p=20673\" \/>\n<meta property=\"og:locale\" content=\"de_DE\" \/>\n<meta property=\"og:type\" content=\"article\" \/>\n<meta property=\"og:title\" content=\"&quot;Wei\u00dfer Schrecken&quot; - Thomas Finn - Voll ausgebucht\" \/>\n<meta property=\"og:description\" content=\"&#8220; &#8230; Das Schicksal hat uns eingeholt. Es h\u00e4lt uns fest im Griff. Dich. Mich. Uns alle. Glaubst du ernsthaft, es sei Zufall, dass du ausgerechnet im Dezember wieder zur\u00fcck in Deutschland bist? P\u00fcnktlich in diesem Jahr? In diesem Monat? Weiterlesen\u00a0\u2026\" \/>\n<meta property=\"og:url\" content=\"https:\/\/vollausgebucht.net\/?p=20673\" \/>\n<meta property=\"og:site_name\" content=\"Voll ausgebucht\" \/>\n<meta property=\"article:published_time\" content=\"2025-03-26T14:31:21+00:00\" \/>\n<meta property=\"article:modified_time\" content=\"2025-03-27T21:14:58+00:00\" \/>\n<meta property=\"og:image\" content=\"https:\/\/vollausgebucht.net\/wp-content\/uploads\/rezi-weisser-schrecken.png\" \/>\n\t<meta property=\"og:image:width\" content=\"700\" \/>\n\t<meta property=\"og:image:height\" content=\"330\" \/>\n\t<meta property=\"og:image:type\" content=\"image\/png\" \/>\n<meta name=\"author\" content=\"DesKing\" \/>\n<script type=\"application\/ld+json\" class=\"yoast-schema-graph\">{\"@context\":\"https:\\\/\\\/schema.org\",\"@graph\":[{\"@type\":\"Article\",\"@id\":\"https:\\\/\\\/vollausgebucht.net\\\/?p=20673#article\",\"isPartOf\":{\"@id\":\"https:\\\/\\\/vollausgebucht.net\\\/?p=20673\"},\"author\":{\"name\":\"DesKing\",\"@id\":\"https:\\\/\\\/vollausgebucht.net\\\/#\\\/schema\\\/person\\\/a4c2c6f703cf1bac8cf4974558e405c6\"},\"headline\":\"&#8222;Wei\u00dfer Schrecken&#8220; &#8211; Thomas Finn\",\"datePublished\":\"2025-03-26T14:31:21+00:00\",\"dateModified\":\"2025-03-27T21:14:58+00:00\",\"mainEntityOfPage\":{\"@id\":\"https:\\\/\\\/vollausgebucht.net\\\/?p=20673\"},\"wordCount\":878,\"commentCount\":0,\"publisher\":{\"@id\":\"https:\\\/\\\/vollausgebucht.net\\\/#\\\/schema\\\/person\\\/a4c2c6f703cf1bac8cf4974558e405c6\"},\"image\":{\"@id\":\"https:\\\/\\\/vollausgebucht.net\\\/?p=20673#primaryimage\"},\"thumbnailUrl\":\"https:\\\/\\\/vollausgebucht.net\\\/wp-content\\\/uploads\\\/rezi-weisser-schrecken.png\",\"keywords\":[\"Bookish\",\"Bookjunkie\",\"Booklover\",\"Booknerd\",\"Books\",\"Books of Instagramm\",\"Bookstagram\",\"Bookstagram Germany\",\"Buchblog\",\"Buchblogger\",\"B\u00fccher\",\"B\u00fccherliebe\",\"B\u00fcchers\u00fcchtig\",\"B\u00fccherwurm\",\"Buchheim Verlag\",\"Buchtipp\",\"Horror\",\"Instabooks\",\"Leseliebe\",\"Leseliste\",\"Lesen\",\"Leseratte\",\"Reading\",\"Rezension\",\"Thomas Finn\",\"Wei\u00dfer Schrecken\"],\"articleSection\":[\"Rezension\"],\"inLanguage\":\"de\",\"potentialAction\":[{\"@type\":\"CommentAction\",\"name\":\"Comment\",\"target\":[\"https:\\\/\\\/vollausgebucht.net\\\/?p=20673#respond\"]}]},{\"@type\":\"WebPage\",\"@id\":\"https:\\\/\\\/vollausgebucht.net\\\/?p=20673\",\"url\":\"https:\\\/\\\/vollausgebucht.net\\\/?p=20673\",\"name\":\"\\\"Wei\u00dfer Schrecken\\\" - Thomas Finn - Voll ausgebucht\",\"isPartOf\":{\"@id\":\"https:\\\/\\\/vollausgebucht.net\\\/#website\"},\"primaryImageOfPage\":{\"@id\":\"https:\\\/\\\/vollausgebucht.net\\\/?p=20673#primaryimage\"},\"image\":{\"@id\":\"https:\\\/\\\/vollausgebucht.net\\\/?p=20673#primaryimage\"},\"thumbnailUrl\":\"https:\\\/\\\/vollausgebucht.net\\\/wp-content\\\/uploads\\\/rezi-weisser-schrecken.png\",\"datePublished\":\"2025-03-26T14:31:21+00:00\",\"dateModified\":\"2025-03-27T21:14:58+00:00\",\"breadcrumb\":{\"@id\":\"https:\\\/\\\/vollausgebucht.net\\\/?p=20673#breadcrumb\"},\"inLanguage\":\"de\",\"potentialAction\":[{\"@type\":\"ReadAction\",\"target\":[\"https:\\\/\\\/vollausgebucht.net\\\/?p=20673\"]}]},{\"@type\":\"ImageObject\",\"inLanguage\":\"de\",\"@id\":\"https:\\\/\\\/vollausgebucht.net\\\/?p=20673#primaryimage\",\"url\":\"https:\\\/\\\/vollausgebucht.net\\\/wp-content\\\/uploads\\\/rezi-weisser-schrecken.png\",\"contentUrl\":\"https:\\\/\\\/vollausgebucht.net\\\/wp-content\\\/uploads\\\/rezi-weisser-schrecken.png\",\"width\":700,\"height\":330},{\"@type\":\"BreadcrumbList\",\"@id\":\"https:\\\/\\\/vollausgebucht.net\\\/?p=20673#breadcrumb\",\"itemListElement\":[{\"@type\":\"ListItem\",\"position\":1,\"name\":\"Startseite\",\"item\":\"https:\\\/\\\/vollausgebucht.net\\\/\"},{\"@type\":\"ListItem\",\"position\":2,\"name\":\"&#8222;Wei\u00dfer Schrecken&#8220; &#8211; Thomas Finn\"}]},{\"@type\":\"WebSite\",\"@id\":\"https:\\\/\\\/vollausgebucht.net\\\/#website\",\"url\":\"https:\\\/\\\/vollausgebucht.net\\\/\",\"name\":\"Voll ausgebucht\",\"description\":\"\",\"publisher\":{\"@id\":\"https:\\\/\\\/vollausgebucht.net\\\/#\\\/schema\\\/person\\\/a4c2c6f703cf1bac8cf4974558e405c6\"},\"potentialAction\":[{\"@type\":\"SearchAction\",\"target\":{\"@type\":\"EntryPoint\",\"urlTemplate\":\"https:\\\/\\\/vollausgebucht.net\\\/?s={search_term_string}\"},\"query-input\":{\"@type\":\"PropertyValueSpecification\",\"valueRequired\":true,\"valueName\":\"search_term_string\"}}],\"inLanguage\":\"de\"},{\"@type\":[\"Person\",\"Organization\"],\"@id\":\"https:\\\/\\\/vollausgebucht.net\\\/#\\\/schema\\\/person\\\/a4c2c6f703cf1bac8cf4974558e405c6\",\"name\":\"DesKing\",\"logo\":{\"@id\":\"https:\\\/\\\/vollausgebucht.net\\\/#\\\/schema\\\/person\\\/image\\\/\"},\"sameAs\":[\"https:\\\/\\\/vollausgebucht.net\"],\"url\":\"https:\\\/\\\/vollausgebucht.net\\\/?author=1\"}]}<\/script>\n<!-- \/ Yoast SEO plugin. -->","yoast_head_json":{"title":"\"Wei\u00dfer Schrecken\" - Thomas Finn - Voll ausgebucht","robots":{"index":"index","follow":"follow","max-snippet":"max-snippet:-1","max-image-preview":"max-image-preview:large","max-video-preview":"max-video-preview:-1"},"canonical":"https:\/\/vollausgebucht.net\/?p=20673","og_locale":"de_DE","og_type":"article","og_title":"\"Wei\u00dfer Schrecken\" - Thomas Finn - Voll ausgebucht","og_description":"&#8220; &#8230; Das Schicksal hat uns eingeholt. Es h\u00e4lt uns fest im Griff. Dich. Mich. Uns alle. Glaubst du ernsthaft, es sei Zufall, dass du ausgerechnet im Dezember wieder zur\u00fcck in Deutschland bist? P\u00fcnktlich in diesem Jahr? In diesem Monat? Weiterlesen\u00a0\u2026","og_url":"https:\/\/vollausgebucht.net\/?p=20673","og_site_name":"Voll ausgebucht","article_published_time":"2025-03-26T14:31:21+00:00","article_modified_time":"2025-03-27T21:14:58+00:00","og_image":[{"width":700,"height":330,"url":"https:\/\/vollausgebucht.net\/wp-content\/uploads\/rezi-weisser-schrecken.png","type":"image\/png"}],"author":"DesKing","schema":{"@context":"https:\/\/schema.org","@graph":[{"@type":"Article","@id":"https:\/\/vollausgebucht.net\/?p=20673#article","isPartOf":{"@id":"https:\/\/vollausgebucht.net\/?p=20673"},"author":{"name":"DesKing","@id":"https:\/\/vollausgebucht.net\/#\/schema\/person\/a4c2c6f703cf1bac8cf4974558e405c6"},"headline":"&#8222;Wei\u00dfer Schrecken&#8220; &#8211; Thomas Finn","datePublished":"2025-03-26T14:31:21+00:00","dateModified":"2025-03-27T21:14:58+00:00","mainEntityOfPage":{"@id":"https:\/\/vollausgebucht.net\/?p=20673"},"wordCount":878,"commentCount":0,"publisher":{"@id":"https:\/\/vollausgebucht.net\/#\/schema\/person\/a4c2c6f703cf1bac8cf4974558e405c6"},"image":{"@id":"https:\/\/vollausgebucht.net\/?p=20673#primaryimage"},"thumbnailUrl":"https:\/\/vollausgebucht.net\/wp-content\/uploads\/rezi-weisser-schrecken.png","keywords":["Bookish","Bookjunkie","Booklover","Booknerd","Books","Books of Instagramm","Bookstagram","Bookstagram Germany","Buchblog","Buchblogger","B\u00fccher","B\u00fccherliebe","B\u00fcchers\u00fcchtig","B\u00fccherwurm","Buchheim Verlag","Buchtipp","Horror","Instabooks","Leseliebe","Leseliste","Lesen","Leseratte","Reading","Rezension","Thomas Finn","Wei\u00dfer Schrecken"],"articleSection":["Rezension"],"inLanguage":"de","potentialAction":[{"@type":"CommentAction","name":"Comment","target":["https:\/\/vollausgebucht.net\/?p=20673#respond"]}]},{"@type":"WebPage","@id":"https:\/\/vollausgebucht.net\/?p=20673","url":"https:\/\/vollausgebucht.net\/?p=20673","name":"\"Wei\u00dfer Schrecken\" - Thomas Finn - Voll ausgebucht","isPartOf":{"@id":"https:\/\/vollausgebucht.net\/#website"},"primaryImageOfPage":{"@id":"https:\/\/vollausgebucht.net\/?p=20673#primaryimage"},"image":{"@id":"https:\/\/vollausgebucht.net\/?p=20673#primaryimage"},"thumbnailUrl":"https:\/\/vollausgebucht.net\/wp-content\/uploads\/rezi-weisser-schrecken.png","datePublished":"2025-03-26T14:31:21+00:00","dateModified":"2025-03-27T21:14:58+00:00","breadcrumb":{"@id":"https:\/\/vollausgebucht.net\/?p=20673#breadcrumb"},"inLanguage":"de","potentialAction":[{"@type":"ReadAction","target":["https:\/\/vollausgebucht.net\/?p=20673"]}]},{"@type":"ImageObject","inLanguage":"de","@id":"https:\/\/vollausgebucht.net\/?p=20673#primaryimage","url":"https:\/\/vollausgebucht.net\/wp-content\/uploads\/rezi-weisser-schrecken.png","contentUrl":"https:\/\/vollausgebucht.net\/wp-content\/uploads\/rezi-weisser-schrecken.png","width":700,"height":330},{"@type":"BreadcrumbList","@id":"https:\/\/vollausgebucht.net\/?p=20673#breadcrumb","itemListElement":[{"@type":"ListItem","position":1,"name":"Startseite","item":"https:\/\/vollausgebucht.net\/"},{"@type":"ListItem","position":2,"name":"&#8222;Wei\u00dfer Schrecken&#8220; &#8211; Thomas Finn"}]},{"@type":"WebSite","@id":"https:\/\/vollausgebucht.net\/#website","url":"https:\/\/vollausgebucht.net\/","name":"Voll ausgebucht","description":"","publisher":{"@id":"https:\/\/vollausgebucht.net\/#\/schema\/person\/a4c2c6f703cf1bac8cf4974558e405c6"},"potentialAction":[{"@type":"SearchAction","target":{"@type":"EntryPoint","urlTemplate":"https:\/\/vollausgebucht.net\/?s={search_term_string}"},"query-input":{"@type":"PropertyValueSpecification","valueRequired":true,"valueName":"search_term_string"}}],"inLanguage":"de"},{"@type":["Person","Organization"],"@id":"https:\/\/vollausgebucht.net\/#\/schema\/person\/a4c2c6f703cf1bac8cf4974558e405c6","name":"DesKing","logo":{"@id":"https:\/\/vollausgebucht.net\/#\/schema\/person\/image\/"},"sameAs":["https:\/\/vollausgebucht.net"],"url":"https:\/\/vollausgebucht.net\/?author=1"}]}},"_links":{"self":[{"href":"https:\/\/vollausgebucht.net\/index.php?rest_route=\/wp\/v2\/posts\/20673","targetHints":{"allow":["GET"]}}],"collection":[{"href":"https:\/\/vollausgebucht.net\/index.php?rest_route=\/wp\/v2\/posts"}],"about":[{"href":"https:\/\/vollausgebucht.net\/index.php?rest_route=\/wp\/v2\/types\/post"}],"author":[{"embeddable":true,"href":"https:\/\/vollausgebucht.net\/index.php?rest_route=\/wp\/v2\/users\/1"}],"replies":[{"embeddable":true,"href":"https:\/\/vollausgebucht.net\/index.php?rest_route=%2Fwp%2Fv2%2Fcomments&post=20673"}],"version-history":[{"count":0,"href":"https:\/\/vollausgebucht.net\/index.php?rest_route=\/wp\/v2\/posts\/20673\/revisions"}],"wp:featuredmedia":[{"embeddable":true,"href":"https:\/\/vollausgebucht.net\/index.php?rest_route=\/wp\/v2\/media\/20674"}],"wp:attachment":[{"href":"https:\/\/vollausgebucht.net\/index.php?rest_route=%2Fwp%2Fv2%2Fmedia&parent=20673"}],"wp:term":[{"taxonomy":"category","embeddable":true,"href":"https:\/\/vollausgebucht.net\/index.php?rest_route=%2Fwp%2Fv2%2Fcategories&post=20673"},{"taxonomy":"post_tag","embeddable":true,"href":"https:\/\/vollausgebucht.net\/index.php?rest_route=%2Fwp%2Fv2%2Ftags&post=20673"}],"curies":[{"name":"wp","href":"https:\/\/api.w.org\/{rel}","templated":true}]}}