{"id":20864,"date":"2025-03-28T16:41:59","date_gmt":"2025-03-28T14:41:59","guid":{"rendered":"https:\/\/vollausgebucht.net\/?p=20864"},"modified":"2025-03-30T21:43:46","modified_gmt":"2025-03-30T19:43:46","slug":"der-keller-1-c-s-mahn","status":"publish","type":"post","link":"https:\/\/vollausgebucht.net\/?p=20864","title":{"rendered":"&#8222;Der Keller Part 1&#8220; &#8211; C. S. Mahn"},"content":{"rendered":"<blockquote><p><span style=\"font-family: georgia, palatino, serif; color: #ffffff;\">&#8220; &#8230;Du kannst machen, was du m\u00f6chtest, solange du keinen Unsinn baust. F\u00fcr dich gibt es nur eine einzige, unumst\u00f6\u00dfliche Regel: Der Keller ist tabu! Hast du das verstanden? &#8230;&#8220;<\/span><\/p><\/blockquote>\n<p><img loading=\"lazy\" decoding=\"async\" class=\"size-full wp-image-291 aligncenter\" src=\"https:\/\/vollausgebucht.net\/wp-content\/uploads\/2020\/05\/klap.png\" alt=\"\" width=\"112\" height=\"31\" \/><\/p>\n<p style=\"text-align: center;\"><span style=\"font-family: georgia, palatino, serif; color: #000000;\"><span class=\"a-text-bold\">In jedem Keller gibt es dunkle Ecken. In\u00a0<\/span><span class=\"a-text-bold a-text-italic\">DIESEM<\/span><span class=\"a-text-bold\">\u00a0lauert das Grauen.<\/span><\/span><\/p>\n<p style=\"text-align: center;\"><span style=\"font-family: georgia, palatino, serif; color: #000000;\">Die vierzehnj\u00e4hrige Grace muss zu ihrem Unmut die Sommerferien bei ihrer Gro\u00dfmutter Amanda verbringen. Grace kennt ihre Gro\u00dfmutter kaum und hat eigentlich auch kein Interesse daran, dies zu \u00e4ndern.<\/span><br \/>\n<span style=\"font-family: georgia, palatino, serif; color: #000000;\">Amanda ist ein eigenwilliger und raubeiniger Charakter. Nach dem mysteri\u00f6sen Verschwinden ihres Mannes hat sie sich aus der Gesellschaft zur\u00fcckgezogen und ein Eigenbr\u00f6tlerdasein am Rande einer kleinen Gemeinde gef\u00fchrt.<\/span><br \/>\n<span style=\"font-family: georgia, palatino, serif; color: #000000;\">Eigentlich will sie nur ihre Ruhe haben. Solange Grace ihr nicht auf die Nerven geht, kann sie machen, was sie will.<\/span><br \/>\n<span style=\"font-family: georgia, palatino, serif; color: #000000;\">Es gibt nur eine unumst\u00f6\u00dfliche Regel im Haus. GEHE NIEMALS IN DEN KELLER!<\/span><br \/>\n<span style=\"font-family: georgia, palatino, serif; color: #000000;\">Doch eines Nachts steht die sonst hermetisch abgeriegelte Kellert\u00fcr offen. Und das, was f\u00fcr immer eingesperrt h\u00e4tte sein sollen, steigt aus der tiefen Dunkelheit des Kellers empor &#8230;<\/span><\/p>\n<p><img loading=\"lazy\" decoding=\"async\" class=\"size-full wp-image-128 aligncenter\" src=\"https:\/\/vollausgebucht.net\/wp-content\/uploads\/daru.png\" alt=\"\" width=\"122\" height=\"35\" \/><\/p>\n<p><span style=\"font-family: georgia, palatino, serif; color: #000000;\">Da ihre Mutter Sophia gesch\u00e4ftlich f\u00fcr einige Wochen unterwegs ist, bringt sie Grace und deren Hund Bailey kurzerhand zu Amanda. Die kennt ihre Gro\u00dfmutter kaum und trifft auf eine verbitterte Frau, die seit dem Verschwinden ihres Mannes zur\u00fcckgezogen lebt und seit Jahren keinen Kontakt zu ihrer Tochter hat. Statt der erwarteten Vorschriften kann sie tun und lassen was sie will, nur vom Keller muss sie sich fernhalten. Doch ausgerechnet von da h\u00f6rt sie immer wieder merkw\u00fcrdige Ger\u00e4usche.\u00a0<\/span><\/p>\n<p><img loading=\"lazy\" decoding=\"async\" class=\"alignnone size-full wp-image-20873\" src=\"https:\/\/vollausgebucht.net\/wp-content\/uploads\/der-keller-1-cov.jpg.png\" alt=\"\" width=\"700\" height=\"700\" srcset=\"https:\/\/vollausgebucht.net\/wp-content\/uploads\/der-keller-1-cov.jpg.png 700w, https:\/\/vollausgebucht.net\/wp-content\/uploads\/der-keller-1-cov.jpg-150x150.png 150w, https:\/\/vollausgebucht.net\/wp-content\/uploads\/der-keller-1-cov.jpg-350x350.png 350w\" sizes=\"auto, (max-width: 700px) 100vw, 700px\" \/><\/p>\n<p><img loading=\"lazy\" decoding=\"async\" class=\"size-full wp-image-125 aligncenter\" src=\"https:\/\/vollausgebucht.net\/wp-content\/uploads\/meine-meinung.png\" alt=\"\" width=\"146\" height=\"32\" \/><\/p>\n<p><span style=\"font-family: georgia, palatino, serif; color: #000000;\">Der 14-j\u00e4hrigen Grace passt es gar nicht, dass sie die Ferien bei ihrer Oma Amanda verbringen muss, die sie nicht kennt. Lange vor ihrer Geburt verschwand Amandas Mann, dar\u00fcber ist die nie wirklich hinweggekommen, im Gegenteil, sie hofft noch immer auf seine R\u00fcckkehr. Darunter hat auch das Verh\u00e4ltnis zu ihrer Tochter gelitten, die beiden haben vor Jahren miteinander gebrochen und nur sp\u00e4rlichen Kontakt. Amanda hat ihre Enkelin ewig nicht gesehen und ist alles andere als begeistert, als sie sieht, dass die ihren Hund Bailey mitgebracht hat. Das Haus ist alt, es gibt kein Internet und Grace wird im Zimmer ihrer Mutter untergebracht. Dann<\/span><span style=\"font-family: georgia, palatino, serif; color: #000000;\"> ist da noch der Keller, dessen T\u00fcr mit Ketten gesichert ist, aus dem seltsame Ger\u00e4usche kommen und den Grace nicht betreten darf.<br \/>\nBereits zu Beginn wird klar, dass im Keller von Amanda etwas nicht stimmt. Irgendetwas ist dort und macht ihr Angst, was die Schl\u00f6sser und Ketten an der T\u00fcr erkl\u00e4rt. Doch davon wei\u00df Grace nat\u00fcrlich nichts, die zu ihrer Gro\u00dfmutter abgeschoben wird. Als Teenager steht ihr in den Ferien der Sinn nicht unbedingt danach, in der K\u00fcche mit einer alten Frau zu backen.<br \/>\nMit dem rebellischem Teenager und der verbitterten Gro\u00dfmutter hat C. S. Mahn zwei interessante Charaktere erschaffen. Grace ist neugierig ist und rebellisch, wie alle Teenager macht sie ihr eigenes Ding und gibt nicht viel auf Vorschriften. Ganz anders als sie ist Amanda verschlossen, hat sich vom den Menschen in dem St\u00e4dtchen, in dem sie lebt, gr\u00f6\u00dftenteils zur\u00fcckgezogen und das nat\u00fcrlich nicht ohne Grund. Ich kann ihr Handeln und ihre Einstellung komplett nachvollziehen und tats\u00e4chlich ist sie f\u00fcr mich bis hierhin die eigentliche Heldin der Geschichte, vielleicht, weil ich selbst ein kleiner Griesgram bin und mich perfekt in ihre Lage versetzen kann, auch ohne solch einen Verlust. Auch Grace erkennt, dass ihre Oma gar nicht so \u00fcbel ist und genie\u00dft es, wenn sie in Erinnerungen an ihren verschwundenen Gro\u00dfvater schwelgt, der dem Stamm der Sioux angeh\u00f6rt, mit dem sie sich verbunden f\u00fchlt. Und wie sicherlich jeder wei\u00df, haben die indigenen V\u00f6lker in Amerika ihre ganz eigenen Riten, Br\u00e4uche, Geister und Monster, von denen Grace nichts wei\u00df. Das alles ist f\u00fcr das M\u00e4dchen faszinierend, sie ist neugierig auf ihre Wurzeln und ahnt nicht, dass sie schon bald mehr dar\u00fcber erf\u00e4hrt, als ihr lieb ist. Doch als es gerade so richtig spannend wird, ist der erste Teil nat\u00fcrlich zu Ende und der zweite muss her.^^<\/span>\u00a0<span style=\"font-family: georgia, palatino, serif; color: #000000;\"><br \/>\n<\/span><\/p>\n<p><img loading=\"lazy\" decoding=\"async\" class=\"size-full wp-image-298 aligncenter\" src=\"https:\/\/vollausgebucht.net\/wp-content\/uploads\/2020\/05\/fazit2.png\" alt=\"\" width=\"58\" height=\"28\" \/><\/p>\n<p><span style=\"font-family: georgia, palatino, serif; color: #000000;\">Der erste Teil von &#8222;Der Keller&#8220; hat mich gut unterhalten, vor allem, weil vollkommen offen ist, was dort vorgeht. Als Leser wei\u00df ich bereits nach den ersten Seiten, dass dort etwas nicht stimmt und bin damit Grace etwas voraus. Was genau dort unten vorgeht, wird aber erst St\u00fcck f\u00fcr St\u00fcck durch R\u00fcckblenden enth\u00fcllt und die fand ich besonders spannend und der Cliffh\u00e4nger lie\u00df mich gleich im Anschluss zur Fortsetzung greifen. Wer auf Monster und Mythen steht, macht hier nichts falsch, von mir gibt es 4 von 5 Miezekatzen.<\/span><\/p>\n<p><img loading=\"lazy\" decoding=\"async\" class=\"size-full wp-image-132 aligncenter\" src=\"https:\/\/vollausgebucht.net\/wp-content\/uploads\/miezk.png\" alt=\"\" width=\"267\" height=\"45\" \/><\/p>\n<p><span style=\"font-family: georgia, palatino, serif; color: #3366ff;\">&#8222;Der Keller 1&#8220;<\/span><br \/>\n<span style=\"font-family: georgia, palatino, serif; color: #000000;\">&#8222;Der Keller 2&#8220;<\/span><\/p>\n","protected":false},"excerpt":{"rendered":"<p>&#8220; &#8230;Du kannst machen, was du m\u00f6chtest, solange du keinen Unsinn baust. F\u00fcr dich gibt es nur eine einzige, unumst\u00f6\u00dfliche Regel: Der Keller ist tabu! Hast du das verstanden? &#8230;&#8220; In jedem Keller gibt es dunkle Ecken. In\u00a0DIESEM\u00a0lauert das Grauen. <a class=\"more-link\" href=\"https:\/\/vollausgebucht.net\/?p=20864\">Weiterlesen\u00a0\u2026<\/a><\/p>\n","protected":false},"author":1,"featured_media":20865,"comment_status":"open","ping_status":"closed","sticky":false,"template":"","format":"standard","meta":{"sfsi_plus_gutenberg_text_before_share":"","sfsi_plus_gutenberg_show_text_before_share":"","sfsi_plus_gutenberg_icon_type":"","sfsi_plus_gutenberg_icon_alignemt":"","sfsi_plus_gutenburg_max_per_row":"","_monsterinsights_skip_tracking":false,"_monsterinsights_sitenote_active":false,"_monsterinsights_sitenote_note":"","_monsterinsights_sitenote_category":0,"footnotes":""},"categories":[5],"tags":[550,485,482,22,450,499,481,491,494,489,492,483,11,493,486,2113,27,487,490,59,495,16,484,6,2154],"class_list":["post-20864","post","type-post","status-publish","format-standard","has-post-thumbnail","hentry","category-rezension","tag-bookish","tag-bookjunkie","tag-booklover","tag-booknerd","tag-books","tag-books-of-instagramm","tag-bookstagram","tag-bookstagram-germany","tag-buchblog","tag-buchblogger","tag-buecher","tag-buecherliebe","tag-buechersuechtig","tag-buecherwurm","tag-buchtipp","tag-c-s-mahn","tag-horror","tag-instabooks","tag-leseliebe","tag-leseliste","tag-lesen","tag-leseratte","tag-reading","tag-rezension","tag-wendigo"],"yoast_head":"<!-- This site is optimized with the Yoast SEO plugin v27.5 - https:\/\/yoast.com\/product\/yoast-seo-wordpress\/ -->\n<title>&quot;Der Keller Part 1&quot; - C. S. Mahn - Voll ausgebucht<\/title>\n<meta name=\"robots\" content=\"index, follow, max-snippet:-1, max-image-preview:large, max-video-preview:-1\" \/>\n<link rel=\"canonical\" href=\"https:\/\/vollausgebucht.net\/?p=20864\" \/>\n<meta property=\"og:locale\" content=\"de_DE\" \/>\n<meta property=\"og:type\" content=\"article\" \/>\n<meta property=\"og:title\" content=\"&quot;Der Keller Part 1&quot; - C. S. Mahn - Voll ausgebucht\" \/>\n<meta property=\"og:description\" content=\"&#8220; &#8230;Du kannst machen, was du m\u00f6chtest, solange du keinen Unsinn baust. F\u00fcr dich gibt es nur eine einzige, unumst\u00f6\u00dfliche Regel: Der Keller ist tabu! Hast du das verstanden? &#8230;&#8220; In jedem Keller gibt es dunkle Ecken. In\u00a0DIESEM\u00a0lauert das Grauen. Weiterlesen\u00a0\u2026\" \/>\n<meta property=\"og:url\" content=\"https:\/\/vollausgebucht.net\/?p=20864\" \/>\n<meta property=\"og:site_name\" content=\"Voll ausgebucht\" \/>\n<meta property=\"article:published_time\" content=\"2025-03-28T14:41:59+00:00\" \/>\n<meta property=\"article:modified_time\" content=\"2025-03-30T19:43:46+00:00\" \/>\n<meta property=\"og:image\" content=\"https:\/\/vollausgebucht.net\/wp-content\/uploads\/rezi-der-keller-1.png\" \/>\n\t<meta property=\"og:image:width\" content=\"700\" \/>\n\t<meta property=\"og:image:height\" content=\"330\" \/>\n\t<meta property=\"og:image:type\" content=\"image\/png\" \/>\n<meta name=\"author\" content=\"DesKing\" \/>\n<script type=\"application\/ld+json\" class=\"yoast-schema-graph\">{\"@context\":\"https:\\\/\\\/schema.org\",\"@graph\":[{\"@type\":\"Article\",\"@id\":\"https:\\\/\\\/vollausgebucht.net\\\/?p=20864#article\",\"isPartOf\":{\"@id\":\"https:\\\/\\\/vollausgebucht.net\\\/?p=20864\"},\"author\":{\"name\":\"DesKing\",\"@id\":\"https:\\\/\\\/vollausgebucht.net\\\/#\\\/schema\\\/person\\\/a4c2c6f703cf1bac8cf4974558e405c6\"},\"headline\":\"&#8222;Der Keller Part 1&#8220; &#8211; C. S. Mahn\",\"datePublished\":\"2025-03-28T14:41:59+00:00\",\"dateModified\":\"2025-03-30T19:43:46+00:00\",\"mainEntityOfPage\":{\"@id\":\"https:\\\/\\\/vollausgebucht.net\\\/?p=20864\"},\"wordCount\":790,\"commentCount\":0,\"publisher\":{\"@id\":\"https:\\\/\\\/vollausgebucht.net\\\/#\\\/schema\\\/person\\\/a4c2c6f703cf1bac8cf4974558e405c6\"},\"image\":{\"@id\":\"https:\\\/\\\/vollausgebucht.net\\\/?p=20864#primaryimage\"},\"thumbnailUrl\":\"https:\\\/\\\/vollausgebucht.net\\\/wp-content\\\/uploads\\\/rezi-der-keller-1.png\",\"keywords\":[\"Bookish\",\"Bookjunkie\",\"Booklover\",\"Booknerd\",\"Books\",\"Books of Instagramm\",\"Bookstagram\",\"Bookstagram Germany\",\"Buchblog\",\"Buchblogger\",\"B\u00fccher\",\"B\u00fccherliebe\",\"B\u00fcchers\u00fcchtig\",\"B\u00fccherwurm\",\"Buchtipp\",\"C. S. Mahn\",\"Horror\",\"Instabooks\",\"Leseliebe\",\"Leseliste\",\"Lesen\",\"Leseratte\",\"Reading\",\"Rezension\",\"Wendigo\"],\"articleSection\":[\"Rezension\"],\"inLanguage\":\"de\",\"potentialAction\":[{\"@type\":\"CommentAction\",\"name\":\"Comment\",\"target\":[\"https:\\\/\\\/vollausgebucht.net\\\/?p=20864#respond\"]}]},{\"@type\":\"WebPage\",\"@id\":\"https:\\\/\\\/vollausgebucht.net\\\/?p=20864\",\"url\":\"https:\\\/\\\/vollausgebucht.net\\\/?p=20864\",\"name\":\"\\\"Der Keller Part 1\\\" - C. S. Mahn - Voll ausgebucht\",\"isPartOf\":{\"@id\":\"https:\\\/\\\/vollausgebucht.net\\\/#website\"},\"primaryImageOfPage\":{\"@id\":\"https:\\\/\\\/vollausgebucht.net\\\/?p=20864#primaryimage\"},\"image\":{\"@id\":\"https:\\\/\\\/vollausgebucht.net\\\/?p=20864#primaryimage\"},\"thumbnailUrl\":\"https:\\\/\\\/vollausgebucht.net\\\/wp-content\\\/uploads\\\/rezi-der-keller-1.png\",\"datePublished\":\"2025-03-28T14:41:59+00:00\",\"dateModified\":\"2025-03-30T19:43:46+00:00\",\"breadcrumb\":{\"@id\":\"https:\\\/\\\/vollausgebucht.net\\\/?p=20864#breadcrumb\"},\"inLanguage\":\"de\",\"potentialAction\":[{\"@type\":\"ReadAction\",\"target\":[\"https:\\\/\\\/vollausgebucht.net\\\/?p=20864\"]}]},{\"@type\":\"ImageObject\",\"inLanguage\":\"de\",\"@id\":\"https:\\\/\\\/vollausgebucht.net\\\/?p=20864#primaryimage\",\"url\":\"https:\\\/\\\/vollausgebucht.net\\\/wp-content\\\/uploads\\\/rezi-der-keller-1.png\",\"contentUrl\":\"https:\\\/\\\/vollausgebucht.net\\\/wp-content\\\/uploads\\\/rezi-der-keller-1.png\",\"width\":700,\"height\":330},{\"@type\":\"BreadcrumbList\",\"@id\":\"https:\\\/\\\/vollausgebucht.net\\\/?p=20864#breadcrumb\",\"itemListElement\":[{\"@type\":\"ListItem\",\"position\":1,\"name\":\"Startseite\",\"item\":\"https:\\\/\\\/vollausgebucht.net\\\/\"},{\"@type\":\"ListItem\",\"position\":2,\"name\":\"&#8222;Der Keller Part 1&#8220; &#8211; C. S. Mahn\"}]},{\"@type\":\"WebSite\",\"@id\":\"https:\\\/\\\/vollausgebucht.net\\\/#website\",\"url\":\"https:\\\/\\\/vollausgebucht.net\\\/\",\"name\":\"Voll ausgebucht\",\"description\":\"\",\"publisher\":{\"@id\":\"https:\\\/\\\/vollausgebucht.net\\\/#\\\/schema\\\/person\\\/a4c2c6f703cf1bac8cf4974558e405c6\"},\"potentialAction\":[{\"@type\":\"SearchAction\",\"target\":{\"@type\":\"EntryPoint\",\"urlTemplate\":\"https:\\\/\\\/vollausgebucht.net\\\/?s={search_term_string}\"},\"query-input\":{\"@type\":\"PropertyValueSpecification\",\"valueRequired\":true,\"valueName\":\"search_term_string\"}}],\"inLanguage\":\"de\"},{\"@type\":[\"Person\",\"Organization\"],\"@id\":\"https:\\\/\\\/vollausgebucht.net\\\/#\\\/schema\\\/person\\\/a4c2c6f703cf1bac8cf4974558e405c6\",\"name\":\"DesKing\",\"logo\":{\"@id\":\"https:\\\/\\\/vollausgebucht.net\\\/#\\\/schema\\\/person\\\/image\\\/\"},\"sameAs\":[\"https:\\\/\\\/vollausgebucht.net\"],\"url\":\"https:\\\/\\\/vollausgebucht.net\\\/?author=1\"}]}<\/script>\n<!-- \/ Yoast SEO plugin. -->","yoast_head_json":{"title":"\"Der Keller Part 1\" - C. S. Mahn - Voll ausgebucht","robots":{"index":"index","follow":"follow","max-snippet":"max-snippet:-1","max-image-preview":"max-image-preview:large","max-video-preview":"max-video-preview:-1"},"canonical":"https:\/\/vollausgebucht.net\/?p=20864","og_locale":"de_DE","og_type":"article","og_title":"\"Der Keller Part 1\" - C. S. Mahn - Voll ausgebucht","og_description":"&#8220; &#8230;Du kannst machen, was du m\u00f6chtest, solange du keinen Unsinn baust. F\u00fcr dich gibt es nur eine einzige, unumst\u00f6\u00dfliche Regel: Der Keller ist tabu! Hast du das verstanden? &#8230;&#8220; In jedem Keller gibt es dunkle Ecken. In\u00a0DIESEM\u00a0lauert das Grauen. Weiterlesen\u00a0\u2026","og_url":"https:\/\/vollausgebucht.net\/?p=20864","og_site_name":"Voll ausgebucht","article_published_time":"2025-03-28T14:41:59+00:00","article_modified_time":"2025-03-30T19:43:46+00:00","og_image":[{"width":700,"height":330,"url":"https:\/\/vollausgebucht.net\/wp-content\/uploads\/rezi-der-keller-1.png","type":"image\/png"}],"author":"DesKing","schema":{"@context":"https:\/\/schema.org","@graph":[{"@type":"Article","@id":"https:\/\/vollausgebucht.net\/?p=20864#article","isPartOf":{"@id":"https:\/\/vollausgebucht.net\/?p=20864"},"author":{"name":"DesKing","@id":"https:\/\/vollausgebucht.net\/#\/schema\/person\/a4c2c6f703cf1bac8cf4974558e405c6"},"headline":"&#8222;Der Keller Part 1&#8220; &#8211; C. S. Mahn","datePublished":"2025-03-28T14:41:59+00:00","dateModified":"2025-03-30T19:43:46+00:00","mainEntityOfPage":{"@id":"https:\/\/vollausgebucht.net\/?p=20864"},"wordCount":790,"commentCount":0,"publisher":{"@id":"https:\/\/vollausgebucht.net\/#\/schema\/person\/a4c2c6f703cf1bac8cf4974558e405c6"},"image":{"@id":"https:\/\/vollausgebucht.net\/?p=20864#primaryimage"},"thumbnailUrl":"https:\/\/vollausgebucht.net\/wp-content\/uploads\/rezi-der-keller-1.png","keywords":["Bookish","Bookjunkie","Booklover","Booknerd","Books","Books of Instagramm","Bookstagram","Bookstagram Germany","Buchblog","Buchblogger","B\u00fccher","B\u00fccherliebe","B\u00fcchers\u00fcchtig","B\u00fccherwurm","Buchtipp","C. S. Mahn","Horror","Instabooks","Leseliebe","Leseliste","Lesen","Leseratte","Reading","Rezension","Wendigo"],"articleSection":["Rezension"],"inLanguage":"de","potentialAction":[{"@type":"CommentAction","name":"Comment","target":["https:\/\/vollausgebucht.net\/?p=20864#respond"]}]},{"@type":"WebPage","@id":"https:\/\/vollausgebucht.net\/?p=20864","url":"https:\/\/vollausgebucht.net\/?p=20864","name":"\"Der Keller Part 1\" - C. S. Mahn - Voll ausgebucht","isPartOf":{"@id":"https:\/\/vollausgebucht.net\/#website"},"primaryImageOfPage":{"@id":"https:\/\/vollausgebucht.net\/?p=20864#primaryimage"},"image":{"@id":"https:\/\/vollausgebucht.net\/?p=20864#primaryimage"},"thumbnailUrl":"https:\/\/vollausgebucht.net\/wp-content\/uploads\/rezi-der-keller-1.png","datePublished":"2025-03-28T14:41:59+00:00","dateModified":"2025-03-30T19:43:46+00:00","breadcrumb":{"@id":"https:\/\/vollausgebucht.net\/?p=20864#breadcrumb"},"inLanguage":"de","potentialAction":[{"@type":"ReadAction","target":["https:\/\/vollausgebucht.net\/?p=20864"]}]},{"@type":"ImageObject","inLanguage":"de","@id":"https:\/\/vollausgebucht.net\/?p=20864#primaryimage","url":"https:\/\/vollausgebucht.net\/wp-content\/uploads\/rezi-der-keller-1.png","contentUrl":"https:\/\/vollausgebucht.net\/wp-content\/uploads\/rezi-der-keller-1.png","width":700,"height":330},{"@type":"BreadcrumbList","@id":"https:\/\/vollausgebucht.net\/?p=20864#breadcrumb","itemListElement":[{"@type":"ListItem","position":1,"name":"Startseite","item":"https:\/\/vollausgebucht.net\/"},{"@type":"ListItem","position":2,"name":"&#8222;Der Keller Part 1&#8220; &#8211; C. S. Mahn"}]},{"@type":"WebSite","@id":"https:\/\/vollausgebucht.net\/#website","url":"https:\/\/vollausgebucht.net\/","name":"Voll ausgebucht","description":"","publisher":{"@id":"https:\/\/vollausgebucht.net\/#\/schema\/person\/a4c2c6f703cf1bac8cf4974558e405c6"},"potentialAction":[{"@type":"SearchAction","target":{"@type":"EntryPoint","urlTemplate":"https:\/\/vollausgebucht.net\/?s={search_term_string}"},"query-input":{"@type":"PropertyValueSpecification","valueRequired":true,"valueName":"search_term_string"}}],"inLanguage":"de"},{"@type":["Person","Organization"],"@id":"https:\/\/vollausgebucht.net\/#\/schema\/person\/a4c2c6f703cf1bac8cf4974558e405c6","name":"DesKing","logo":{"@id":"https:\/\/vollausgebucht.net\/#\/schema\/person\/image\/"},"sameAs":["https:\/\/vollausgebucht.net"],"url":"https:\/\/vollausgebucht.net\/?author=1"}]}},"_links":{"self":[{"href":"https:\/\/vollausgebucht.net\/index.php?rest_route=\/wp\/v2\/posts\/20864","targetHints":{"allow":["GET"]}}],"collection":[{"href":"https:\/\/vollausgebucht.net\/index.php?rest_route=\/wp\/v2\/posts"}],"about":[{"href":"https:\/\/vollausgebucht.net\/index.php?rest_route=\/wp\/v2\/types\/post"}],"author":[{"embeddable":true,"href":"https:\/\/vollausgebucht.net\/index.php?rest_route=\/wp\/v2\/users\/1"}],"replies":[{"embeddable":true,"href":"https:\/\/vollausgebucht.net\/index.php?rest_route=%2Fwp%2Fv2%2Fcomments&post=20864"}],"version-history":[{"count":0,"href":"https:\/\/vollausgebucht.net\/index.php?rest_route=\/wp\/v2\/posts\/20864\/revisions"}],"wp:featuredmedia":[{"embeddable":true,"href":"https:\/\/vollausgebucht.net\/index.php?rest_route=\/wp\/v2\/media\/20865"}],"wp:attachment":[{"href":"https:\/\/vollausgebucht.net\/index.php?rest_route=%2Fwp%2Fv2%2Fmedia&parent=20864"}],"wp:term":[{"taxonomy":"category","embeddable":true,"href":"https:\/\/vollausgebucht.net\/index.php?rest_route=%2Fwp%2Fv2%2Fcategories&post=20864"},{"taxonomy":"post_tag","embeddable":true,"href":"https:\/\/vollausgebucht.net\/index.php?rest_route=%2Fwp%2Fv2%2Ftags&post=20864"}],"curies":[{"name":"wp","href":"https:\/\/api.w.org\/{rel}","templated":true}]}}