{"id":20929,"date":"2025-04-18T18:31:41","date_gmt":"2025-04-18T16:31:41","guid":{"rendered":"https:\/\/vollausgebucht.net\/?p=20929"},"modified":"2025-04-18T23:57:06","modified_gmt":"2025-04-18T21:57:06","slug":"der-schlachter-chris-meyer","status":"publish","type":"post","link":"https:\/\/vollausgebucht.net\/?p=20929","title":{"rendered":"&#8222;Der Schlachter&#8220; &#8211; Chris Meyer"},"content":{"rendered":"<blockquote><p><span style=\"font-family: georgia, palatino, serif; color: #ffffff;\">&#8220; &#8230; Er blickte absch\u00e4tzend auf ihren vertrockneten K\u00f6rper. Es sollte kein Problem sein, ihn in die gro\u00dfe Sporttasche zu zw\u00e4ngen und unbemerkt aus dem Haus zu bringen. Vielleicht w\u00fcrde er das schon morgen erledigen. Jetzt hatte er keine Zeit. Er musste nach unten. In den Schlachtraum. &#8230;&#8220;<\/span><\/p><\/blockquote>\n<p><img loading=\"lazy\" decoding=\"async\" class=\"size-full wp-image-291 aligncenter\" src=\"https:\/\/vollausgebucht.net\/wp-content\/uploads\/2020\/05\/klap.png\" alt=\"\" width=\"112\" height=\"31\" \/><\/p>\n<p style=\"text-align: center;\"><span class=\"a-text-bold a-text-italic\" style=\"font-family: georgia, palatino, serif; color: #000000;\">Du willst nicht aufwachen, denn vor dir steht das B\u00f6se<\/span><\/p>\n<p style=\"text-align: center;\"><span style=\"font-family: georgia, palatino, serif; color: #000000;\">Ein Mann h\u00e4ngt nackt und gefesselt an einem Fleischerhaken. Vor ihm steht ein Killer, der fachkundig ein Messer sch\u00e4rft. Das Opfer w\u00fcnscht sich vergeblich, alles sei nur ein Albtraum.<br \/>\n<\/span><span style=\"font-family: georgia, palatino, serif; color: #000000;\">Auf dem noch ruhigen Wochenmarkt baut die Metzgersfrau gerade ihren Stand auf, als sie unter einer Plane einen bestialisch zugerichteten Toten findet, dem ein St\u00fcck aus dem Bauch fehlt.<br \/>\n<\/span><span style=\"font-family: georgia, palatino, serif; color: #000000;\">Tom Bachmann, Spezialist beim BKA f\u00fcr gest\u00f6rte Psychokiller, jagt einen M\u00f6rder, der vor nichts zur\u00fcckschreckt. Und der schon bald wieder nach dem Messer greift.<\/span><\/p>\n<p><img loading=\"lazy\" decoding=\"async\" class=\"size-full wp-image-128 aligncenter\" src=\"https:\/\/vollausgebucht.net\/wp-content\/uploads\/daru.png\" alt=\"\" width=\"122\" height=\"35\" \/><\/p>\n<p><span style=\"font-family: georgia, palatino, serif; color: #000000;\">Eine Leiche auf dem Wochenmarkt, ein neues Teammitglied und die Aufzeichnungen seines k\u00fcrzlich verstorbenen Vaters, Tom Bachmann hat wieder eine Menge um die Ohren. Nat\u00fcrlich bleibt es nicht bei einem Toten, irgendwo da drau\u00dfen gibt es jemanden, der es auf das Fleisch seiner Opfer abgesehen hat.<\/span><\/p>\n<p><img loading=\"lazy\" decoding=\"async\" class=\"alignnone size-full wp-image-21091\" src=\"https:\/\/vollausgebucht.net\/wp-content\/uploads\/der-schlachter-1.png\" alt=\"\" width=\"700\" height=\"700\" srcset=\"https:\/\/vollausgebucht.net\/wp-content\/uploads\/der-schlachter-1.png 700w, https:\/\/vollausgebucht.net\/wp-content\/uploads\/der-schlachter-1-150x150.png 150w, https:\/\/vollausgebucht.net\/wp-content\/uploads\/der-schlachter-1-350x350.png 350w\" sizes=\"auto, (max-width: 700px) 100vw, 700px\" \/><\/p>\n<p><img loading=\"lazy\" decoding=\"async\" class=\"size-full wp-image-125 aligncenter\" src=\"https:\/\/vollausgebucht.net\/wp-content\/uploads\/meine-meinung.png\" alt=\"\" width=\"146\" height=\"32\" \/><span style=\"font-family: georgia, palatino, serif; color: #000000;\">Eine verst\u00fcmmelte Leiche auf dem Wochenmarkt gibt Tom R\u00e4tsel auf. Warum wurde ihr ein gro\u00dfes St\u00fcck Fleisch aus dem Buch geschnitten und sie dann ausgerechnet dort abgelegt? Geht es um Kannibalismus? Au\u00dferdem bekommt sein Team Zuwachs und bis mit Ausnahme von ihm scheinen alle schon zu wissen, dass sie ab jetzt Paul Steller, ein Kollege aus einer anderen Abteilung unterst\u00fctzen wird. Tom ist dar\u00fcber alles andere als erfreut, genauso wie \u00fcber den Anruf von Aaron, der mit Lisa die alten Unterlagen von Dr. Bachmann durchgegangen ist. Die beiden sind auf einige interessante Fakten gesto\u00dfen, auch zu Tom, aber will der wirklich wissen, was dort steht? Und w\u00e4hrend er noch dar\u00fcber gr\u00fcbelt, ob es gut ist, in Erinnerungen zu schwelgen, gibt es einen zweiten \u00fcbel zugerichteten Toten &#8230;<br \/>\nAls Fallanalytiker bekommt es Tom immer wieder mit brutalen Morden zu tun, der Killer in &#8222;Der Schlachter&#8220; geht , wie es der Titel schon vermuten l\u00e4sst, besonders grausam vor. Es reicht ihm nicht, seine Opfer an Haken aufzuh\u00e4ngen und zu verst\u00fcmmeln, nein, er verlangt noch ganz andere Dinge von ihnen &#8230;<br \/>\nDoch nicht nur die Ermittlungsarbeit von Tom und seinem Team ist spannend, mir pers\u00f6nlich haben die erneuten Ausfl\u00fcge in die Vergangenheit, die zeigen, wie Dr. Bachmann seine Kinder um sich geschart und manipuliert hat, fast noch besser gefallen. Mit jedem R\u00fcckblick versteht man besser, wie Tom, Aaron und auch Lisa zu eben den Menschen wurden, die sie jetzt sind. Lisa, die Profikillerin, Aaron, Toms ehemals bester Freund, der ihn verraten hat und schlie\u00dflich Tom selbst, der sich als Profiler in Amerika einen guten Ruf aufgebaut hat, bevor er zur\u00fcck nach Deutschland kam. Doch auch Tom ist verkorkst, so wie alle Kinder, die sich damals in der Obhut seines Vaters befanden. Er kann keine Bindung zu seinen Mitmenschen aufbauen, schl\u00e4gt sich stattdessen die N\u00e4chte mit Ballerspielen um die Ohren und erinnert mich immer wieder an den guten Dexter, wahrscheinlich mag ich ihn deshalb.^^<br \/>\nAber auch die anderen Charaktere m\u00fcssen sich nicht hinter ihm verstecken, Chris Meyer hat ihnen eine eigene Geschichte und damit Tiefgang gegeben, seien es Aaron oder Lisa, mit denen Tom aufgewachsen ist, sein Team oder gar der M\u00f6rder.<\/span><\/p>\n<p><img loading=\"lazy\" decoding=\"async\" class=\"size-full wp-image-298 aligncenter\" src=\"https:\/\/vollausgebucht.net\/wp-content\/uploads\/2020\/05\/fazit2.png\" alt=\"\" width=\"58\" height=\"28\" \/><\/p>\n<p><span style=\"font-family: georgia, palatino, serif; color: #000000;\">Auch &#8222;Der Schlachter&#8220;, der 4. Band der Tom Bachmann Reihe, wei\u00df wieder zu \u00fcberzeugen und es wird verdammt b\u00f6se, in der Haut der Opfer m\u00f6chte man definitiv nicht stecken. Okay, das will man eigentlich nie, aber hier eben noch weniger als sonst und allein schon daf\u00fcr verdient das Buch 4 von 5 Miezekatzen.<br \/>\nWer es blutig, spannend und \u00fcberraschend mag, dem kann ich diese Reihe w\u00e4rmstens empfehlen, aber bitte unbedingt mit dem ersten Teil anfangen. Zwar sind die einzelnen F\u00e4lle abgeschlossen, aber im Laufe der Zeit erf\u00e4hrt man immer mehr \u00fcber Toms Vergangenheit, die eine wichtige Rolle spielt. Weiter geht es leider erst im August, bis dahin muss ich mich jetzt noch gedulden<\/span><\/p>\n<p><img loading=\"lazy\" decoding=\"async\" class=\"size-full wp-image-132 aligncenter\" src=\"https:\/\/vollausgebucht.net\/wp-content\/uploads\/miezk.png\" alt=\"\" width=\"267\" height=\"45\" \/><\/p>\n<p><span style=\"text-decoration: underline;\"><a href=\"https:\/\/vollausgebucht.net\/?p=19939\"><span style=\"font-family: georgia, palatino, serif; color: #000000; text-decoration: underline;\">01. &#8222;Der Blutk\u00fcnstler&#8220;<\/span><\/a><\/span><br \/>\n<span style=\"text-decoration: underline;\"><span style=\"color: #000000;\"><a style=\"color: #000000;\" href=\"https:\/\/vollausgebucht.net\/?p=19954\"><span style=\"font-family: georgia, palatino, serif;\">02. &#8222;Der Zoom-Killer&#8220;<\/span><\/a><\/span><\/span><br \/>\n<span style=\"text-decoration: underline; color: #000000;\"><a style=\"color: #000000;\" href=\"https:\/\/vollausgebucht.net\/?p=20665\"><span style=\"font-family: georgia, palatino, serif;\">03. &#8222;Der Follower&#8220;<\/span><\/a><\/span><br \/>\n<span style=\"font-family: georgia, palatino, serif; color: #3366ff;\">04. &#8222;Der Schlachter&#8220;<\/span><br \/>\n<span style=\"font-family: georgia, palatino, serif; color: #000000;\">05. &#8222;Die Blutbestie&#8220;<\/span><\/p>\n<p><img loading=\"lazy\" decoding=\"async\" class=\"alignnone size-full wp-image-21095\" src=\"https:\/\/vollausgebucht.net\/wp-content\/uploads\/der-schlachter-2.png\" alt=\"\" width=\"700\" height=\"350\" srcset=\"https:\/\/vollausgebucht.net\/wp-content\/uploads\/der-schlachter-2.png 700w, https:\/\/vollausgebucht.net\/wp-content\/uploads\/der-schlachter-2-300x150.png 300w, https:\/\/vollausgebucht.net\/wp-content\/uploads\/der-schlachter-2-350x175.png 350w\" sizes=\"auto, (max-width: 700px) 100vw, 700px\" \/><\/p>\n","protected":false},"excerpt":{"rendered":"<p>&#8220; &#8230; Er blickte absch\u00e4tzend auf ihren vertrockneten K\u00f6rper. Es sollte kein Problem sein, ihn in die gro\u00dfe Sporttasche zu zw\u00e4ngen und unbemerkt aus dem Haus zu bringen. Vielleicht w\u00fcrde er das schon morgen erledigen. Jetzt hatte er keine Zeit. <a class=\"more-link\" href=\"https:\/\/vollausgebucht.net\/?p=20929\">Weiterlesen\u00a0\u2026<\/a><\/p>\n","protected":false},"author":1,"featured_media":20930,"comment_status":"open","ping_status":"closed","sticky":false,"template":"","format":"standard","meta":{"sfsi_plus_gutenberg_text_before_share":"","sfsi_plus_gutenberg_show_text_before_share":"","sfsi_plus_gutenberg_icon_type":"","sfsi_plus_gutenberg_icon_alignemt":"","sfsi_plus_gutenburg_max_per_row":"","_monsterinsights_skip_tracking":false,"_monsterinsights_sitenote_active":false,"_monsterinsights_sitenote_note":"","_monsterinsights_sitenote_category":0,"footnotes":""},"categories":[5],"tags":[550,485,482,22,450,499,481,491,494,489,492,483,11,493,486,2028,2108,487,490,59,495,16,484,6,47,2165,1869],"class_list":["post-20929","post","type-post","status-publish","format-standard","has-post-thumbnail","hentry","category-rezension","tag-bookish","tag-bookjunkie","tag-booklover","tag-booknerd","tag-books","tag-books-of-instagramm","tag-bookstagram","tag-bookstagram-germany","tag-buchblog","tag-buchblogger","tag-buecher","tag-buecherliebe","tag-buechersuechtig","tag-buecherwurm","tag-buchtipp","tag-chris-meyer","tag-der-schlaechter","tag-instabooks","tag-leseliebe","tag-leseliste","tag-lesen","tag-leseratte","tag-reading","tag-rezension","tag-thriller","tag-tom-bachmann","tag-ullstein-verlag"],"yoast_head":"<!-- This site is optimized with the Yoast SEO plugin v27.5 - https:\/\/yoast.com\/product\/yoast-seo-wordpress\/ -->\n<title>&quot;Der Schlachter&quot; - Chris Meyer - Voll ausgebucht<\/title>\n<meta name=\"robots\" content=\"index, follow, max-snippet:-1, max-image-preview:large, max-video-preview:-1\" \/>\n<link rel=\"canonical\" href=\"https:\/\/vollausgebucht.net\/?p=20929\" \/>\n<meta property=\"og:locale\" content=\"de_DE\" \/>\n<meta property=\"og:type\" content=\"article\" \/>\n<meta property=\"og:title\" content=\"&quot;Der Schlachter&quot; - Chris Meyer - Voll ausgebucht\" \/>\n<meta property=\"og:description\" content=\"&#8220; &#8230; Er blickte absch\u00e4tzend auf ihren vertrockneten K\u00f6rper. Es sollte kein Problem sein, ihn in die gro\u00dfe Sporttasche zu zw\u00e4ngen und unbemerkt aus dem Haus zu bringen. Vielleicht w\u00fcrde er das schon morgen erledigen. Jetzt hatte er keine Zeit. Weiterlesen\u00a0\u2026\" \/>\n<meta property=\"og:url\" content=\"https:\/\/vollausgebucht.net\/?p=20929\" \/>\n<meta property=\"og:site_name\" content=\"Voll ausgebucht\" \/>\n<meta property=\"article:published_time\" content=\"2025-04-18T16:31:41+00:00\" \/>\n<meta property=\"article:modified_time\" content=\"2025-04-18T21:57:06+00:00\" \/>\n<meta property=\"og:image\" content=\"https:\/\/vollausgebucht.net\/wp-content\/uploads\/rezi-der-schlachter.png\" \/>\n\t<meta property=\"og:image:width\" content=\"700\" \/>\n\t<meta property=\"og:image:height\" content=\"330\" \/>\n\t<meta property=\"og:image:type\" content=\"image\/png\" \/>\n<meta name=\"author\" content=\"DesKing\" \/>\n<script type=\"application\/ld+json\" class=\"yoast-schema-graph\">{\"@context\":\"https:\\\/\\\/schema.org\",\"@graph\":[{\"@type\":\"Article\",\"@id\":\"https:\\\/\\\/vollausgebucht.net\\\/?p=20929#article\",\"isPartOf\":{\"@id\":\"https:\\\/\\\/vollausgebucht.net\\\/?p=20929\"},\"author\":{\"name\":\"DesKing\",\"@id\":\"https:\\\/\\\/vollausgebucht.net\\\/#\\\/schema\\\/person\\\/a4c2c6f703cf1bac8cf4974558e405c6\"},\"headline\":\"&#8222;Der Schlachter&#8220; &#8211; Chris Meyer\",\"datePublished\":\"2025-04-18T16:31:41+00:00\",\"dateModified\":\"2025-04-18T21:57:06+00:00\",\"mainEntityOfPage\":{\"@id\":\"https:\\\/\\\/vollausgebucht.net\\\/?p=20929\"},\"wordCount\":710,\"commentCount\":0,\"publisher\":{\"@id\":\"https:\\\/\\\/vollausgebucht.net\\\/#\\\/schema\\\/person\\\/a4c2c6f703cf1bac8cf4974558e405c6\"},\"image\":{\"@id\":\"https:\\\/\\\/vollausgebucht.net\\\/?p=20929#primaryimage\"},\"thumbnailUrl\":\"https:\\\/\\\/vollausgebucht.net\\\/wp-content\\\/uploads\\\/rezi-der-schlachter.png\",\"keywords\":[\"Bookish\",\"Bookjunkie\",\"Booklover\",\"Booknerd\",\"Books\",\"Books of Instagramm\",\"Bookstagram\",\"Bookstagram Germany\",\"Buchblog\",\"Buchblogger\",\"B\u00fccher\",\"B\u00fccherliebe\",\"B\u00fcchers\u00fcchtig\",\"B\u00fccherwurm\",\"Buchtipp\",\"Chris Meyer\",\"Der Schl\u00e4chter\",\"Instabooks\",\"Leseliebe\",\"Leseliste\",\"Lesen\",\"Leseratte\",\"Reading\",\"Rezension\",\"Thriller\",\"Tom Bachmann\",\"Ullstein Verlag\"],\"articleSection\":[\"Rezension\"],\"inLanguage\":\"de\",\"potentialAction\":[{\"@type\":\"CommentAction\",\"name\":\"Comment\",\"target\":[\"https:\\\/\\\/vollausgebucht.net\\\/?p=20929#respond\"]}]},{\"@type\":\"WebPage\",\"@id\":\"https:\\\/\\\/vollausgebucht.net\\\/?p=20929\",\"url\":\"https:\\\/\\\/vollausgebucht.net\\\/?p=20929\",\"name\":\"\\\"Der Schlachter\\\" - Chris Meyer - Voll ausgebucht\",\"isPartOf\":{\"@id\":\"https:\\\/\\\/vollausgebucht.net\\\/#website\"},\"primaryImageOfPage\":{\"@id\":\"https:\\\/\\\/vollausgebucht.net\\\/?p=20929#primaryimage\"},\"image\":{\"@id\":\"https:\\\/\\\/vollausgebucht.net\\\/?p=20929#primaryimage\"},\"thumbnailUrl\":\"https:\\\/\\\/vollausgebucht.net\\\/wp-content\\\/uploads\\\/rezi-der-schlachter.png\",\"datePublished\":\"2025-04-18T16:31:41+00:00\",\"dateModified\":\"2025-04-18T21:57:06+00:00\",\"breadcrumb\":{\"@id\":\"https:\\\/\\\/vollausgebucht.net\\\/?p=20929#breadcrumb\"},\"inLanguage\":\"de\",\"potentialAction\":[{\"@type\":\"ReadAction\",\"target\":[\"https:\\\/\\\/vollausgebucht.net\\\/?p=20929\"]}]},{\"@type\":\"ImageObject\",\"inLanguage\":\"de\",\"@id\":\"https:\\\/\\\/vollausgebucht.net\\\/?p=20929#primaryimage\",\"url\":\"https:\\\/\\\/vollausgebucht.net\\\/wp-content\\\/uploads\\\/rezi-der-schlachter.png\",\"contentUrl\":\"https:\\\/\\\/vollausgebucht.net\\\/wp-content\\\/uploads\\\/rezi-der-schlachter.png\",\"width\":700,\"height\":330},{\"@type\":\"BreadcrumbList\",\"@id\":\"https:\\\/\\\/vollausgebucht.net\\\/?p=20929#breadcrumb\",\"itemListElement\":[{\"@type\":\"ListItem\",\"position\":1,\"name\":\"Startseite\",\"item\":\"https:\\\/\\\/vollausgebucht.net\\\/\"},{\"@type\":\"ListItem\",\"position\":2,\"name\":\"&#8222;Der Schlachter&#8220; &#8211; Chris Meyer\"}]},{\"@type\":\"WebSite\",\"@id\":\"https:\\\/\\\/vollausgebucht.net\\\/#website\",\"url\":\"https:\\\/\\\/vollausgebucht.net\\\/\",\"name\":\"Voll ausgebucht\",\"description\":\"\",\"publisher\":{\"@id\":\"https:\\\/\\\/vollausgebucht.net\\\/#\\\/schema\\\/person\\\/a4c2c6f703cf1bac8cf4974558e405c6\"},\"potentialAction\":[{\"@type\":\"SearchAction\",\"target\":{\"@type\":\"EntryPoint\",\"urlTemplate\":\"https:\\\/\\\/vollausgebucht.net\\\/?s={search_term_string}\"},\"query-input\":{\"@type\":\"PropertyValueSpecification\",\"valueRequired\":true,\"valueName\":\"search_term_string\"}}],\"inLanguage\":\"de\"},{\"@type\":[\"Person\",\"Organization\"],\"@id\":\"https:\\\/\\\/vollausgebucht.net\\\/#\\\/schema\\\/person\\\/a4c2c6f703cf1bac8cf4974558e405c6\",\"name\":\"DesKing\",\"logo\":{\"@id\":\"https:\\\/\\\/vollausgebucht.net\\\/#\\\/schema\\\/person\\\/image\\\/\"},\"sameAs\":[\"https:\\\/\\\/vollausgebucht.net\"],\"url\":\"https:\\\/\\\/vollausgebucht.net\\\/?author=1\"}]}<\/script>\n<!-- \/ Yoast SEO plugin. -->","yoast_head_json":{"title":"\"Der Schlachter\" - Chris Meyer - Voll ausgebucht","robots":{"index":"index","follow":"follow","max-snippet":"max-snippet:-1","max-image-preview":"max-image-preview:large","max-video-preview":"max-video-preview:-1"},"canonical":"https:\/\/vollausgebucht.net\/?p=20929","og_locale":"de_DE","og_type":"article","og_title":"\"Der Schlachter\" - Chris Meyer - Voll ausgebucht","og_description":"&#8220; &#8230; Er blickte absch\u00e4tzend auf ihren vertrockneten K\u00f6rper. Es sollte kein Problem sein, ihn in die gro\u00dfe Sporttasche zu zw\u00e4ngen und unbemerkt aus dem Haus zu bringen. Vielleicht w\u00fcrde er das schon morgen erledigen. Jetzt hatte er keine Zeit. Weiterlesen\u00a0\u2026","og_url":"https:\/\/vollausgebucht.net\/?p=20929","og_site_name":"Voll ausgebucht","article_published_time":"2025-04-18T16:31:41+00:00","article_modified_time":"2025-04-18T21:57:06+00:00","og_image":[{"width":700,"height":330,"url":"https:\/\/vollausgebucht.net\/wp-content\/uploads\/rezi-der-schlachter.png","type":"image\/png"}],"author":"DesKing","schema":{"@context":"https:\/\/schema.org","@graph":[{"@type":"Article","@id":"https:\/\/vollausgebucht.net\/?p=20929#article","isPartOf":{"@id":"https:\/\/vollausgebucht.net\/?p=20929"},"author":{"name":"DesKing","@id":"https:\/\/vollausgebucht.net\/#\/schema\/person\/a4c2c6f703cf1bac8cf4974558e405c6"},"headline":"&#8222;Der Schlachter&#8220; &#8211; Chris Meyer","datePublished":"2025-04-18T16:31:41+00:00","dateModified":"2025-04-18T21:57:06+00:00","mainEntityOfPage":{"@id":"https:\/\/vollausgebucht.net\/?p=20929"},"wordCount":710,"commentCount":0,"publisher":{"@id":"https:\/\/vollausgebucht.net\/#\/schema\/person\/a4c2c6f703cf1bac8cf4974558e405c6"},"image":{"@id":"https:\/\/vollausgebucht.net\/?p=20929#primaryimage"},"thumbnailUrl":"https:\/\/vollausgebucht.net\/wp-content\/uploads\/rezi-der-schlachter.png","keywords":["Bookish","Bookjunkie","Booklover","Booknerd","Books","Books of Instagramm","Bookstagram","Bookstagram Germany","Buchblog","Buchblogger","B\u00fccher","B\u00fccherliebe","B\u00fcchers\u00fcchtig","B\u00fccherwurm","Buchtipp","Chris Meyer","Der Schl\u00e4chter","Instabooks","Leseliebe","Leseliste","Lesen","Leseratte","Reading","Rezension","Thriller","Tom Bachmann","Ullstein Verlag"],"articleSection":["Rezension"],"inLanguage":"de","potentialAction":[{"@type":"CommentAction","name":"Comment","target":["https:\/\/vollausgebucht.net\/?p=20929#respond"]}]},{"@type":"WebPage","@id":"https:\/\/vollausgebucht.net\/?p=20929","url":"https:\/\/vollausgebucht.net\/?p=20929","name":"\"Der Schlachter\" - Chris Meyer - Voll ausgebucht","isPartOf":{"@id":"https:\/\/vollausgebucht.net\/#website"},"primaryImageOfPage":{"@id":"https:\/\/vollausgebucht.net\/?p=20929#primaryimage"},"image":{"@id":"https:\/\/vollausgebucht.net\/?p=20929#primaryimage"},"thumbnailUrl":"https:\/\/vollausgebucht.net\/wp-content\/uploads\/rezi-der-schlachter.png","datePublished":"2025-04-18T16:31:41+00:00","dateModified":"2025-04-18T21:57:06+00:00","breadcrumb":{"@id":"https:\/\/vollausgebucht.net\/?p=20929#breadcrumb"},"inLanguage":"de","potentialAction":[{"@type":"ReadAction","target":["https:\/\/vollausgebucht.net\/?p=20929"]}]},{"@type":"ImageObject","inLanguage":"de","@id":"https:\/\/vollausgebucht.net\/?p=20929#primaryimage","url":"https:\/\/vollausgebucht.net\/wp-content\/uploads\/rezi-der-schlachter.png","contentUrl":"https:\/\/vollausgebucht.net\/wp-content\/uploads\/rezi-der-schlachter.png","width":700,"height":330},{"@type":"BreadcrumbList","@id":"https:\/\/vollausgebucht.net\/?p=20929#breadcrumb","itemListElement":[{"@type":"ListItem","position":1,"name":"Startseite","item":"https:\/\/vollausgebucht.net\/"},{"@type":"ListItem","position":2,"name":"&#8222;Der Schlachter&#8220; &#8211; Chris Meyer"}]},{"@type":"WebSite","@id":"https:\/\/vollausgebucht.net\/#website","url":"https:\/\/vollausgebucht.net\/","name":"Voll ausgebucht","description":"","publisher":{"@id":"https:\/\/vollausgebucht.net\/#\/schema\/person\/a4c2c6f703cf1bac8cf4974558e405c6"},"potentialAction":[{"@type":"SearchAction","target":{"@type":"EntryPoint","urlTemplate":"https:\/\/vollausgebucht.net\/?s={search_term_string}"},"query-input":{"@type":"PropertyValueSpecification","valueRequired":true,"valueName":"search_term_string"}}],"inLanguage":"de"},{"@type":["Person","Organization"],"@id":"https:\/\/vollausgebucht.net\/#\/schema\/person\/a4c2c6f703cf1bac8cf4974558e405c6","name":"DesKing","logo":{"@id":"https:\/\/vollausgebucht.net\/#\/schema\/person\/image\/"},"sameAs":["https:\/\/vollausgebucht.net"],"url":"https:\/\/vollausgebucht.net\/?author=1"}]}},"_links":{"self":[{"href":"https:\/\/vollausgebucht.net\/index.php?rest_route=\/wp\/v2\/posts\/20929","targetHints":{"allow":["GET"]}}],"collection":[{"href":"https:\/\/vollausgebucht.net\/index.php?rest_route=\/wp\/v2\/posts"}],"about":[{"href":"https:\/\/vollausgebucht.net\/index.php?rest_route=\/wp\/v2\/types\/post"}],"author":[{"embeddable":true,"href":"https:\/\/vollausgebucht.net\/index.php?rest_route=\/wp\/v2\/users\/1"}],"replies":[{"embeddable":true,"href":"https:\/\/vollausgebucht.net\/index.php?rest_route=%2Fwp%2Fv2%2Fcomments&post=20929"}],"version-history":[{"count":0,"href":"https:\/\/vollausgebucht.net\/index.php?rest_route=\/wp\/v2\/posts\/20929\/revisions"}],"wp:featuredmedia":[{"embeddable":true,"href":"https:\/\/vollausgebucht.net\/index.php?rest_route=\/wp\/v2\/media\/20930"}],"wp:attachment":[{"href":"https:\/\/vollausgebucht.net\/index.php?rest_route=%2Fwp%2Fv2%2Fmedia&parent=20929"}],"wp:term":[{"taxonomy":"category","embeddable":true,"href":"https:\/\/vollausgebucht.net\/index.php?rest_route=%2Fwp%2Fv2%2Fcategories&post=20929"},{"taxonomy":"post_tag","embeddable":true,"href":"https:\/\/vollausgebucht.net\/index.php?rest_route=%2Fwp%2Fv2%2Ftags&post=20929"}],"curies":[{"name":"wp","href":"https:\/\/api.w.org\/{rel}","templated":true}]}}