{"id":21623,"date":"2025-06-16T19:53:20","date_gmt":"2025-06-16T17:53:20","guid":{"rendered":"https:\/\/vollausgebucht.net\/?p=21623"},"modified":"2025-06-17T12:12:31","modified_gmt":"2025-06-17T10:12:31","slug":"finster-ivar-leon-menger","status":"publish","type":"post","link":"https:\/\/vollausgebucht.net\/?p=21623","title":{"rendered":"&#8222;Finster&#8220; &#8211; Ivar Leon Menger"},"content":{"rendered":"<blockquote>\n<p style=\"text-align: left;\"><span style=\"font-family: georgia, palatino, serif; color: #ffffff;\">&#8220; &#8230; Er hatte es immer geahnt. Und nicht nur das, er hatte sie alle gewarnt. Die Kollegen, den B\u00fcrgermeister, die Gemeinde. Doch niemand wollte es h\u00f6ren. Nun ist es wieder passiert, zehn Jahre sp\u00e4ter. &#8230;&#8220; (Seite 20)\u00a0<\/span><\/p>\n<\/blockquote>\n<p><img loading=\"lazy\" decoding=\"async\" class=\"size-full wp-image-291 aligncenter\" src=\"https:\/\/vollausgebucht.net\/wp-content\/uploads\/2020\/05\/klap.png\" alt=\"\" width=\"112\" height=\"31\" \/><\/p>\n<p style=\"text-align: center;\"><span class=\"a-text-bold\" style=\"font-family: georgia, palatino, serif; color: #000000;\">Im Dorf der Verlorenen<br \/>\n<\/span><span style=\"font-family: georgia, palatino, serif; color: #000000;\">Mai 1986. Ein 13-j\u00e4hriger Junge verschwindet spurlos vom Jahrmarkt in Katzenbrunn. Das passiert nicht zum ersten Mal. Seit Jahren werden in dem kleinen Dorf im Odenwald immer wieder Kinder als vermisst gemeldet. Hans J. Stahl, Kriminalkommissar a. D., beschlie\u00dft daraufhin, die Ermittlungen an den seither ungel\u00f6sten F\u00e4llen wieder aufzunehmen und auf eigene Faust weiterzuf\u00fchren. Er kehrt zur\u00fcck nach Katzenbrunn, das vor allem f\u00fcr seine psychiatrische Klinik bekannt ist. Dabei st\u00f6\u00dft er auf verst\u00f6rende Geheimnisse. W\u00e4hrend er den wenigen Spuren nachgeht, verschwindet ein weiterer Junge. Stahl l\u00e4uft die Zeit davon.<\/span><\/p>\n<p><img loading=\"lazy\" decoding=\"async\" class=\"size-full wp-image-128 aligncenter\" src=\"https:\/\/vollausgebucht.net\/wp-content\/uploads\/daru.png\" alt=\"\" width=\"122\" height=\"35\" \/><span style=\"font-family: georgia, palatino, serif; color: #000000;\">Ein kleines Dorf, in dem immer wieder Kinder verschwinden und ein Kommissar a.D., den der Fall einfach nicht losl\u00e4sst. Vor 10 Jahren hat er einer Mutter versprochen, dass er ihren Sohn findet. Nun ist er wieder zur\u00fcck, denn erneut ist ein Junge verschwunden und da ist ja noch dieses alte Versprechen.<\/span><\/p>\n<p><img loading=\"lazy\" decoding=\"async\" class=\"alignnone size-full wp-image-21650\" src=\"https:\/\/vollausgebucht.net\/wp-content\/uploads\/finster-1.png\" alt=\"\" width=\"700\" height=\"700\" srcset=\"https:\/\/vollausgebucht.net\/wp-content\/uploads\/finster-1.png 700w, https:\/\/vollausgebucht.net\/wp-content\/uploads\/finster-1-150x150.png 150w, https:\/\/vollausgebucht.net\/wp-content\/uploads\/finster-1-350x350.png 350w\" sizes=\"auto, (max-width: 700px) 100vw, 700px\" \/><\/p>\n<p><img loading=\"lazy\" decoding=\"async\" class=\"size-full wp-image-125 aligncenter\" src=\"https:\/\/vollausgebucht.net\/wp-content\/uploads\/meine-meinung.png\" alt=\"\" width=\"146\" height=\"32\" \/><\/p>\n<p><span style=\"font-family: georgia, palatino, serif; color: #000000;\">Was soll ich sagen, ich mochte &#8222;Finster&#8220; wirklich gern. Schon allein, weil das Buch zeigt, dass man die \u00e4ltere Generation nicht einfach an die Seite schieben sollte, denn sie geh\u00f6ren nicht automatisch zum alten Eisen, nein, manchmal sind sie hart wie Stahl. Sorry f\u00fcr das miese Wortspiel, aber es musste einfach raus, denn der pensionierte Ermittler, der hier einen alten Fall l\u00f6sen will, der ihm auch nach Jahren keine Ruhe l\u00e4sst, hei\u00dft Stahl.<br \/>\nKatzenbrunn ist ein kleines Dorf im Odenwald mit 50 Einwohnern und einer psychiatrischen Klinik in den anliegenden W\u00e4lder. Vor zehn Jahren hat Hans J\u00f6rg Stahl hier nach einem verschwundenen Jungen gesucht und der Mutter versprochen, ihr Kind zu finden, doch er ist gescheitert. Inzwischen ist er 72 und in Rente , als er an den Ort seiner gr\u00f6\u00dften Niederlage zur\u00fcckkehrt, wo bereits 1969, 1973, 1975 und 1976 Jungs verschwanden. Und jetzt, im Mai 1986 wird wieder nach einem Kind gesucht.<br \/>\nDie Dorfbev\u00f6lkerung ist schrullig, verschlossen und nicht begeistert \u00fcber die R\u00fcckkehr des ehemaligen Kommissars. Dabei sollten doch gerade sie Interesse daran haben, zu erfahren, was den verschwundenen Kindern passiert ist. Doch nur Geli, die Wirtin der Pension, in der er sich eingemietet hat, ist bereit ihm zu helfen. Das Ermittlerduo in &#8222;Finster&#8220; besteht also aus einem verdammt cleveren Rentnerp\u00e4rchen und das finde ich genial. Geli und Stahl erg\u00e4nzen sich perfekt und sind liebenswerte Figuren, mit denen man sich identifiziert und mitfiebert, auch wenn sie eben nicht mehr die j\u00fcngsten sind.<br \/>\nDas kleine \u00d6rtchen mit seinen ganz eigenen Einwohnern ist ein faszinierter Schauplatz, der f\u00fcr d\u00fcstere Stimmung sorgt. Wobei man hier auch sagen muss, dass das 80er Jahre Feeling gro\u00dfartig eingefangen wurde. Damals musste man noch ganz anders recherchieren, es gab keine Handys, man hatte keinen PC oder Laptop zu Hause, auf dem man mal schnell etwas googlen konnte. Und so schwingt trotz all der Finsterniss eben auch eine gewisse Nostalgie mit.<br \/>\nIvar Leon Menger l\u00e4sst in seinem Buch nicht nur Geli und Stahl, sondern auch andere Dorfbewohner zu Wort kommen, so ist man als Leser zwar immer ein bisschen schlauer als der ehemalige Kommissar, wei\u00df aber dennoch nicht, was gespielt wird, ein verdammt cleverer Schachzug.<br \/>\nIhr seht, mich hat &#8222;Finster&#8220; begeistert, so sehr, dass ich mir unbedingt die anderen beiden B\u00fccher des Autors zulegen muss, ich bin jetzt schon gespannt, was mich da erwartet.<\/span><\/p>\n<p><img loading=\"lazy\" decoding=\"async\" class=\"size-full wp-image-298 aligncenter\" src=\"https:\/\/vollausgebucht.net\/wp-content\/uploads\/2020\/05\/fazit2.png\" alt=\"\" width=\"58\" height=\"28\" \/><\/p>\n<p><span style=\"font-family: georgia, palatino, serif; color: #000000;\">&#8222;Finster&#8220; macht seinem Titel alle Ehre, ein d\u00fcsteres Buch, das den Leser tief in menschliche Abgr\u00fcnde blicken l\u00e4sst und einmal mehr zeigt, dass das B\u00f6se mitten unter uns lebt und viele Masken tr\u00e4gt. Hinzu kommen \u00fcberzeugende Charaktere und Ort, der einem Schauer \u00fcber den R\u00fccken jagt und so gibt es f\u00fcr &#8222;Finster&#8220; von mir wohlverdiente 4,5 von 5 Miezekatzen und eine unbedingte Leseempfehlung f\u00fcr alle Thrillers Fans.<\/span><\/p>\n<p><img loading=\"lazy\" decoding=\"async\" class=\"size-full wp-image-454 aligncenter\" src=\"https:\/\/vollausgebucht.net\/wp-content\/uploads\/miezk45.png\" alt=\"\" width=\"267\" height=\"45\" \/><\/p>\n<p><img loading=\"lazy\" decoding=\"async\" class=\"alignnone size-full wp-image-21652\" src=\"https:\/\/vollausgebucht.net\/wp-content\/uploads\/finster-2.png\" alt=\"\" width=\"700\" height=\"350\" srcset=\"https:\/\/vollausgebucht.net\/wp-content\/uploads\/finster-2.png 700w, https:\/\/vollausgebucht.net\/wp-content\/uploads\/finster-2-300x150.png 300w, https:\/\/vollausgebucht.net\/wp-content\/uploads\/finster-2-350x175.png 350w\" sizes=\"auto, (max-width: 700px) 100vw, 700px\" \/><\/p>\n","protected":false},"excerpt":{"rendered":"<p>&#8220; &#8230; Er hatte es immer geahnt. Und nicht nur das, er hatte sie alle gewarnt. Die Kollegen, den B\u00fcrgermeister, die Gemeinde. Doch niemand wollte es h\u00f6ren. Nun ist es wieder passiert, zehn Jahre sp\u00e4ter. &#8230;&#8220; (Seite 20)\u00a0 Im Dorf <a class=\"more-link\" href=\"https:\/\/vollausgebucht.net\/?p=21623\">Weiterlesen\u00a0\u2026<\/a><\/p>\n","protected":false},"author":1,"featured_media":21624,"comment_status":"open","ping_status":"closed","sticky":false,"template":"","format":"standard","meta":{"sfsi_plus_gutenberg_text_before_share":"","sfsi_plus_gutenberg_show_text_before_share":"","sfsi_plus_gutenberg_icon_type":"","sfsi_plus_gutenberg_icon_alignemt":"","sfsi_plus_gutenburg_max_per_row":"","_monsterinsights_skip_tracking":false,"_monsterinsights_sitenote_active":false,"_monsterinsights_sitenote_note":"","_monsterinsights_sitenote_category":0,"footnotes":""},"categories":[5],"tags":[550,485,482,22,450,499,481,491,494,489,492,483,11,493,486,2250,2142,487,2143,490,59,495,16,484,6,47],"class_list":["post-21623","post","type-post","status-publish","format-standard","has-post-thumbnail","hentry","category-rezension","tag-bookish","tag-bookjunkie","tag-booklover","tag-booknerd","tag-books","tag-books-of-instagramm","tag-bookstagram","tag-bookstagram-germany","tag-buchblog","tag-buchblogger","tag-buecher","tag-buecherliebe","tag-buechersuechtig","tag-buecherwurm","tag-buchtipp","tag-dtv","tag-finster","tag-instabooks","tag-ivar-leon-menger","tag-leseliebe","tag-leseliste","tag-lesen","tag-leseratte","tag-reading","tag-rezension","tag-thriller"],"yoast_head":"<!-- This site is optimized with the Yoast SEO plugin v27.5 - https:\/\/yoast.com\/product\/yoast-seo-wordpress\/ -->\n<title>&quot;Finster&quot; - Ivar Leon Menger - Voll ausgebucht<\/title>\n<meta name=\"robots\" content=\"index, follow, max-snippet:-1, max-image-preview:large, max-video-preview:-1\" \/>\n<link rel=\"canonical\" href=\"https:\/\/vollausgebucht.net\/?p=21623\" \/>\n<meta property=\"og:locale\" content=\"de_DE\" \/>\n<meta property=\"og:type\" content=\"article\" \/>\n<meta property=\"og:title\" content=\"&quot;Finster&quot; - Ivar Leon Menger - Voll ausgebucht\" \/>\n<meta property=\"og:description\" content=\"&#8220; &#8230; Er hatte es immer geahnt. Und nicht nur das, er hatte sie alle gewarnt. Die Kollegen, den B\u00fcrgermeister, die Gemeinde. Doch niemand wollte es h\u00f6ren. Nun ist es wieder passiert, zehn Jahre sp\u00e4ter. &#8230;&#8220; (Seite 20)\u00a0 Im Dorf Weiterlesen\u00a0\u2026\" \/>\n<meta property=\"og:url\" content=\"https:\/\/vollausgebucht.net\/?p=21623\" \/>\n<meta property=\"og:site_name\" content=\"Voll ausgebucht\" \/>\n<meta property=\"article:published_time\" content=\"2025-06-16T17:53:20+00:00\" \/>\n<meta property=\"article:modified_time\" content=\"2025-06-17T10:12:31+00:00\" \/>\n<meta property=\"og:image\" content=\"https:\/\/vollausgebucht.net\/wp-content\/uploads\/rezi-finster.png\" \/>\n\t<meta property=\"og:image:width\" content=\"700\" \/>\n\t<meta property=\"og:image:height\" content=\"330\" \/>\n\t<meta property=\"og:image:type\" content=\"image\/png\" \/>\n<meta name=\"author\" content=\"DesKing\" \/>\n<script type=\"application\/ld+json\" class=\"yoast-schema-graph\">{\"@context\":\"https:\\\/\\\/schema.org\",\"@graph\":[{\"@type\":\"Article\",\"@id\":\"https:\\\/\\\/vollausgebucht.net\\\/?p=21623#article\",\"isPartOf\":{\"@id\":\"https:\\\/\\\/vollausgebucht.net\\\/?p=21623\"},\"author\":{\"name\":\"DesKing\",\"@id\":\"https:\\\/\\\/vollausgebucht.net\\\/#\\\/schema\\\/person\\\/a4c2c6f703cf1bac8cf4974558e405c6\"},\"headline\":\"&#8222;Finster&#8220; &#8211; Ivar Leon Menger\",\"datePublished\":\"2025-06-16T17:53:20+00:00\",\"dateModified\":\"2025-06-17T10:12:31+00:00\",\"mainEntityOfPage\":{\"@id\":\"https:\\\/\\\/vollausgebucht.net\\\/?p=21623\"},\"wordCount\":669,\"commentCount\":0,\"publisher\":{\"@id\":\"https:\\\/\\\/vollausgebucht.net\\\/#\\\/schema\\\/person\\\/a4c2c6f703cf1bac8cf4974558e405c6\"},\"image\":{\"@id\":\"https:\\\/\\\/vollausgebucht.net\\\/?p=21623#primaryimage\"},\"thumbnailUrl\":\"https:\\\/\\\/vollausgebucht.net\\\/wp-content\\\/uploads\\\/rezi-finster.png\",\"keywords\":[\"Bookish\",\"Bookjunkie\",\"Booklover\",\"Booknerd\",\"Books\",\"Books of Instagramm\",\"Bookstagram\",\"Bookstagram Germany\",\"Buchblog\",\"Buchblogger\",\"B\u00fccher\",\"B\u00fccherliebe\",\"B\u00fcchers\u00fcchtig\",\"B\u00fccherwurm\",\"Buchtipp\",\"dtv\",\"Finster\",\"Instabooks\",\"Ivar Leon Menger\",\"Leseliebe\",\"Leseliste\",\"Lesen\",\"Leseratte\",\"Reading\",\"Rezension\",\"Thriller\"],\"articleSection\":[\"Rezension\"],\"inLanguage\":\"de\",\"potentialAction\":[{\"@type\":\"CommentAction\",\"name\":\"Comment\",\"target\":[\"https:\\\/\\\/vollausgebucht.net\\\/?p=21623#respond\"]}]},{\"@type\":\"WebPage\",\"@id\":\"https:\\\/\\\/vollausgebucht.net\\\/?p=21623\",\"url\":\"https:\\\/\\\/vollausgebucht.net\\\/?p=21623\",\"name\":\"\\\"Finster\\\" - Ivar Leon Menger - Voll ausgebucht\",\"isPartOf\":{\"@id\":\"https:\\\/\\\/vollausgebucht.net\\\/#website\"},\"primaryImageOfPage\":{\"@id\":\"https:\\\/\\\/vollausgebucht.net\\\/?p=21623#primaryimage\"},\"image\":{\"@id\":\"https:\\\/\\\/vollausgebucht.net\\\/?p=21623#primaryimage\"},\"thumbnailUrl\":\"https:\\\/\\\/vollausgebucht.net\\\/wp-content\\\/uploads\\\/rezi-finster.png\",\"datePublished\":\"2025-06-16T17:53:20+00:00\",\"dateModified\":\"2025-06-17T10:12:31+00:00\",\"breadcrumb\":{\"@id\":\"https:\\\/\\\/vollausgebucht.net\\\/?p=21623#breadcrumb\"},\"inLanguage\":\"de\",\"potentialAction\":[{\"@type\":\"ReadAction\",\"target\":[\"https:\\\/\\\/vollausgebucht.net\\\/?p=21623\"]}]},{\"@type\":\"ImageObject\",\"inLanguage\":\"de\",\"@id\":\"https:\\\/\\\/vollausgebucht.net\\\/?p=21623#primaryimage\",\"url\":\"https:\\\/\\\/vollausgebucht.net\\\/wp-content\\\/uploads\\\/rezi-finster.png\",\"contentUrl\":\"https:\\\/\\\/vollausgebucht.net\\\/wp-content\\\/uploads\\\/rezi-finster.png\",\"width\":700,\"height\":330},{\"@type\":\"BreadcrumbList\",\"@id\":\"https:\\\/\\\/vollausgebucht.net\\\/?p=21623#breadcrumb\",\"itemListElement\":[{\"@type\":\"ListItem\",\"position\":1,\"name\":\"Startseite\",\"item\":\"https:\\\/\\\/vollausgebucht.net\\\/\"},{\"@type\":\"ListItem\",\"position\":2,\"name\":\"&#8222;Finster&#8220; &#8211; Ivar Leon Menger\"}]},{\"@type\":\"WebSite\",\"@id\":\"https:\\\/\\\/vollausgebucht.net\\\/#website\",\"url\":\"https:\\\/\\\/vollausgebucht.net\\\/\",\"name\":\"Voll ausgebucht\",\"description\":\"\",\"publisher\":{\"@id\":\"https:\\\/\\\/vollausgebucht.net\\\/#\\\/schema\\\/person\\\/a4c2c6f703cf1bac8cf4974558e405c6\"},\"potentialAction\":[{\"@type\":\"SearchAction\",\"target\":{\"@type\":\"EntryPoint\",\"urlTemplate\":\"https:\\\/\\\/vollausgebucht.net\\\/?s={search_term_string}\"},\"query-input\":{\"@type\":\"PropertyValueSpecification\",\"valueRequired\":true,\"valueName\":\"search_term_string\"}}],\"inLanguage\":\"de\"},{\"@type\":[\"Person\",\"Organization\"],\"@id\":\"https:\\\/\\\/vollausgebucht.net\\\/#\\\/schema\\\/person\\\/a4c2c6f703cf1bac8cf4974558e405c6\",\"name\":\"DesKing\",\"logo\":{\"@id\":\"https:\\\/\\\/vollausgebucht.net\\\/#\\\/schema\\\/person\\\/image\\\/\"},\"sameAs\":[\"https:\\\/\\\/vollausgebucht.net\"],\"url\":\"https:\\\/\\\/vollausgebucht.net\\\/?author=1\"}]}<\/script>\n<!-- \/ Yoast SEO plugin. -->","yoast_head_json":{"title":"\"Finster\" - Ivar Leon Menger - Voll ausgebucht","robots":{"index":"index","follow":"follow","max-snippet":"max-snippet:-1","max-image-preview":"max-image-preview:large","max-video-preview":"max-video-preview:-1"},"canonical":"https:\/\/vollausgebucht.net\/?p=21623","og_locale":"de_DE","og_type":"article","og_title":"\"Finster\" - Ivar Leon Menger - Voll ausgebucht","og_description":"&#8220; &#8230; Er hatte es immer geahnt. Und nicht nur das, er hatte sie alle gewarnt. Die Kollegen, den B\u00fcrgermeister, die Gemeinde. Doch niemand wollte es h\u00f6ren. Nun ist es wieder passiert, zehn Jahre sp\u00e4ter. &#8230;&#8220; (Seite 20)\u00a0 Im Dorf Weiterlesen\u00a0\u2026","og_url":"https:\/\/vollausgebucht.net\/?p=21623","og_site_name":"Voll ausgebucht","article_published_time":"2025-06-16T17:53:20+00:00","article_modified_time":"2025-06-17T10:12:31+00:00","og_image":[{"width":700,"height":330,"url":"https:\/\/vollausgebucht.net\/wp-content\/uploads\/rezi-finster.png","type":"image\/png"}],"author":"DesKing","schema":{"@context":"https:\/\/schema.org","@graph":[{"@type":"Article","@id":"https:\/\/vollausgebucht.net\/?p=21623#article","isPartOf":{"@id":"https:\/\/vollausgebucht.net\/?p=21623"},"author":{"name":"DesKing","@id":"https:\/\/vollausgebucht.net\/#\/schema\/person\/a4c2c6f703cf1bac8cf4974558e405c6"},"headline":"&#8222;Finster&#8220; &#8211; Ivar Leon Menger","datePublished":"2025-06-16T17:53:20+00:00","dateModified":"2025-06-17T10:12:31+00:00","mainEntityOfPage":{"@id":"https:\/\/vollausgebucht.net\/?p=21623"},"wordCount":669,"commentCount":0,"publisher":{"@id":"https:\/\/vollausgebucht.net\/#\/schema\/person\/a4c2c6f703cf1bac8cf4974558e405c6"},"image":{"@id":"https:\/\/vollausgebucht.net\/?p=21623#primaryimage"},"thumbnailUrl":"https:\/\/vollausgebucht.net\/wp-content\/uploads\/rezi-finster.png","keywords":["Bookish","Bookjunkie","Booklover","Booknerd","Books","Books of Instagramm","Bookstagram","Bookstagram Germany","Buchblog","Buchblogger","B\u00fccher","B\u00fccherliebe","B\u00fcchers\u00fcchtig","B\u00fccherwurm","Buchtipp","dtv","Finster","Instabooks","Ivar Leon Menger","Leseliebe","Leseliste","Lesen","Leseratte","Reading","Rezension","Thriller"],"articleSection":["Rezension"],"inLanguage":"de","potentialAction":[{"@type":"CommentAction","name":"Comment","target":["https:\/\/vollausgebucht.net\/?p=21623#respond"]}]},{"@type":"WebPage","@id":"https:\/\/vollausgebucht.net\/?p=21623","url":"https:\/\/vollausgebucht.net\/?p=21623","name":"\"Finster\" - Ivar Leon Menger - Voll ausgebucht","isPartOf":{"@id":"https:\/\/vollausgebucht.net\/#website"},"primaryImageOfPage":{"@id":"https:\/\/vollausgebucht.net\/?p=21623#primaryimage"},"image":{"@id":"https:\/\/vollausgebucht.net\/?p=21623#primaryimage"},"thumbnailUrl":"https:\/\/vollausgebucht.net\/wp-content\/uploads\/rezi-finster.png","datePublished":"2025-06-16T17:53:20+00:00","dateModified":"2025-06-17T10:12:31+00:00","breadcrumb":{"@id":"https:\/\/vollausgebucht.net\/?p=21623#breadcrumb"},"inLanguage":"de","potentialAction":[{"@type":"ReadAction","target":["https:\/\/vollausgebucht.net\/?p=21623"]}]},{"@type":"ImageObject","inLanguage":"de","@id":"https:\/\/vollausgebucht.net\/?p=21623#primaryimage","url":"https:\/\/vollausgebucht.net\/wp-content\/uploads\/rezi-finster.png","contentUrl":"https:\/\/vollausgebucht.net\/wp-content\/uploads\/rezi-finster.png","width":700,"height":330},{"@type":"BreadcrumbList","@id":"https:\/\/vollausgebucht.net\/?p=21623#breadcrumb","itemListElement":[{"@type":"ListItem","position":1,"name":"Startseite","item":"https:\/\/vollausgebucht.net\/"},{"@type":"ListItem","position":2,"name":"&#8222;Finster&#8220; &#8211; Ivar Leon Menger"}]},{"@type":"WebSite","@id":"https:\/\/vollausgebucht.net\/#website","url":"https:\/\/vollausgebucht.net\/","name":"Voll ausgebucht","description":"","publisher":{"@id":"https:\/\/vollausgebucht.net\/#\/schema\/person\/a4c2c6f703cf1bac8cf4974558e405c6"},"potentialAction":[{"@type":"SearchAction","target":{"@type":"EntryPoint","urlTemplate":"https:\/\/vollausgebucht.net\/?s={search_term_string}"},"query-input":{"@type":"PropertyValueSpecification","valueRequired":true,"valueName":"search_term_string"}}],"inLanguage":"de"},{"@type":["Person","Organization"],"@id":"https:\/\/vollausgebucht.net\/#\/schema\/person\/a4c2c6f703cf1bac8cf4974558e405c6","name":"DesKing","logo":{"@id":"https:\/\/vollausgebucht.net\/#\/schema\/person\/image\/"},"sameAs":["https:\/\/vollausgebucht.net"],"url":"https:\/\/vollausgebucht.net\/?author=1"}]}},"_links":{"self":[{"href":"https:\/\/vollausgebucht.net\/index.php?rest_route=\/wp\/v2\/posts\/21623","targetHints":{"allow":["GET"]}}],"collection":[{"href":"https:\/\/vollausgebucht.net\/index.php?rest_route=\/wp\/v2\/posts"}],"about":[{"href":"https:\/\/vollausgebucht.net\/index.php?rest_route=\/wp\/v2\/types\/post"}],"author":[{"embeddable":true,"href":"https:\/\/vollausgebucht.net\/index.php?rest_route=\/wp\/v2\/users\/1"}],"replies":[{"embeddable":true,"href":"https:\/\/vollausgebucht.net\/index.php?rest_route=%2Fwp%2Fv2%2Fcomments&post=21623"}],"version-history":[{"count":0,"href":"https:\/\/vollausgebucht.net\/index.php?rest_route=\/wp\/v2\/posts\/21623\/revisions"}],"wp:featuredmedia":[{"embeddable":true,"href":"https:\/\/vollausgebucht.net\/index.php?rest_route=\/wp\/v2\/media\/21624"}],"wp:attachment":[{"href":"https:\/\/vollausgebucht.net\/index.php?rest_route=%2Fwp%2Fv2%2Fmedia&parent=21623"}],"wp:term":[{"taxonomy":"category","embeddable":true,"href":"https:\/\/vollausgebucht.net\/index.php?rest_route=%2Fwp%2Fv2%2Fcategories&post=21623"},{"taxonomy":"post_tag","embeddable":true,"href":"https:\/\/vollausgebucht.net\/index.php?rest_route=%2Fwp%2Fv2%2Ftags&post=21623"}],"curies":[{"name":"wp","href":"https:\/\/api.w.org\/{rel}","templated":true}]}}