{"id":21684,"date":"2025-07-27T20:58:29","date_gmt":"2025-07-27T18:58:29","guid":{"rendered":"https:\/\/vollausgebucht.net\/?p=21684"},"modified":"2025-07-28T22:41:24","modified_gmt":"2025-07-28T20:41:24","slug":"das-boese-vor-deiner-tuer","status":"publish","type":"post","link":"https:\/\/vollausgebucht.net\/?p=21684","title":{"rendered":"&#8222;Das B\u00f6se vor deiner T\u00fcr&#8220; &#8211;  Wulf Dorn, Iver Niklas Schwarz"},"content":{"rendered":"<blockquote><p><span style=\"color: #ffffff;\"><em><span style=\"font-family: georgia, palatino, serif;\">&#8220; &#8230; Ihre K\u00f6rper waren miteinander zu einer bizarren menschlichen Form verschmolzen. Ihre Unterleiber schienen zu fehlen, aber genaueres konnte ich nicht erkennen, denn das, was ich sah, wurde von Muscheln und graugr\u00fcnem Seegras bedeckt. &#8230;&#8220;<\/span><\/em><\/span><br \/>\n<span style=\"color: #ffffff;\"><em><span style=\"font-family: georgia, palatino, serif;\">&#8222;Die Nacht unter der Teufelsbr\u00fccke&#8220; &#8211; Andreas Gruber)<\/span><\/em><\/span><\/p><\/blockquote>\n<p><img loading=\"lazy\" decoding=\"async\" class=\"size-full wp-image-291 aligncenter\" src=\"https:\/\/vollausgebucht.net\/wp-content\/uploads\/2020\/05\/klap.png\" alt=\"\" width=\"112\" height=\"31\" \/><\/p>\n<p style=\"text-align: center;\"><span style=\"color: #000000;\"><span class=\"a-text-bold\" style=\"font-family: georgia, palatino, serif;\">Das Grauen kommt nach Hause<br \/>\n<\/span><span class=\"a-text-bold\" style=\"font-family: georgia, palatino, serif;\">16 einzigartige Horror-Kurzgeschichten von den besten deutschsprachigen Spannungsautorinnen und -autoren<br \/>\n<\/span><span style=\"font-family: georgia, palatino, serif;\">Ob am tosenden Meer oder in den zerkl\u00fcfteten Bergen, ob hinter den Fassaden der Gro\u00dfstadt oder in einer kleinen Herberge im Wald: Das B\u00f6se lauert \u00fcberall! Und in diesem Buch steht es direkt vor eurer Haust\u00fcr.<br \/>\n<\/span><span class=\"a-text-bold\" style=\"font-family: georgia, palatino, serif;\">16 bekannte Autorinnen und Autoren haben sich zusammengetan, um euch in Angst und Schrecken zu versetzen. In bislang unver\u00f6ffentlichten Geschichten bringen sie den Horror nach Hause.<br \/>\n<\/span><span style=\"font-family: georgia, palatino, serif;\">Ihre Geschichten spielen in Berlin, K\u00f6ln, Dresden, Leipzig, Ulm, in der Eifel, in Franken, in Niedersachsen, im Odenwald, auf der Schw\u00e4bischen Alb, an der Ostsee, am Ufer der Donau oder in den Schweizer Bergen. Dabei ziehen sie alle Register der Spannung. Vom sich leise anschleichenden psychologischen Horror \u00fcber okkulte Beschw\u00f6rungszeremonien und Spukh\u00e4user bis hin zu ausgewachsenen Monstern ist alles mit dabei.<br \/>\n<\/span><span class=\"a-text-bold\" style=\"font-family: georgia, palatino, serif;\">Das perfekte Buch f\u00fcr alle Horror- und Thriller-Fans, denen es nicht spannend genug sein kann. Traust du dich?<\/span><\/span><\/p>\n<p><img loading=\"lazy\" decoding=\"async\" class=\"size-full wp-image-128 aligncenter\" src=\"https:\/\/vollausgebucht.net\/wp-content\/uploads\/daru.png\" alt=\"\" width=\"122\" height=\"35\" \/><\/p>\n<p style=\"text-align: left;\"><span style=\"font-family: georgia, palatino, serif; color: #000000;\"><span class=\"a-text-bold\">Autoren wie Andreas Gruber, Vera Buck oder Wulf Dorn zeigen, dass das B\u00f6se einfach \u00fcberall zu Hause ist. Sei es in einem Chor, Spiegeln oder in einem abgelegenen Tal, es findet dich einfach immer und \u00fcberall, egal ob in der Vergangenheit oder der Gegenwart, also haltet die Augen offen.<br \/>\nFolgende Kurzgeschichten sind im Buch enthalten:<br \/>\n<\/span>\u2022 &#8222;<span class=\"a-text-italic\">Die Nacht unter der Teufelsbr\u00fccke&#8220; &#8211; Andreas Gruber<br \/>\n<\/span>\u2022 &#8222;<span class=\"a-text-italic\">Kilometer 267&#8243; &#8211; Iver Niklas Schwarz<br \/>\n<\/span>\u2022 &#8222;<span class=\"a-text-italic\">Eichendorf&#8220; &#8211; Ivar Leon Menger<br \/>\n<\/span>\u2022 &#8222;<span class=\"a-text-italic\">Das Relikt&#8220; &#8211; Nina Blazon<br \/>\n<\/span>\u2022 &#8222;<span class=\"a-text-italic\">Convocantes&#8220; &#8211; Markus Heitz<br \/>\n<\/span>\u2022 &#8222;<span class=\"a-text-italic\">Schlaf, Mama, Schlaf&#8220; &#8211; Sarah Bestgen<br \/>\n<\/span>\u2022 &#8222;<span class=\"a-text-italic\">Nachtg\u00e4nger&#8220; &#8211; Wulf Dorn<br \/>\n<\/span>\u2022 &#8222;<span class=\"a-text-italic\">Das engste Tal&#8220; &#8211; Vera Buck<br \/>\n<\/span>\u2022 &#8222;<span class=\"a-text-italic\">Kalkm\u00e4nner&#8220; &#8211; Andreas Eschbach<br \/>\n<\/span>\u2022 &#8222;<span class=\"a-text-italic\">Nebelgrollen&#8220; &#8211; Uwe Laub<br \/>\n<\/span>\u2022 &#8222;<span class=\"a-text-italic\">Matilda&#8220; &#8211; Annika Strauss<br \/>\n<\/span>\u2022 &#8222;<span class=\"a-text-italic\">Der Fehler&#8220; &#8211; Frank Goldammer<br \/>\n<\/span>\u2022 &#8222;<span class=\"a-text-italic\">H\u00e4gglmoo&#8220; &#8211; Liza Grimm<br \/>\n<\/span>\u2022 &#8222;<span class=\"a-text-italic\">Der Spiegel&#8220; &#8211; Thomas Finn<br \/>\n<\/span>\u2022 &#8222;<span class=\"a-text-italic\">Frau Tutas und die Hexen aus Wakendorf II&#8220; &#8211; Vincent Voss<br \/>\n<\/span>\u2022 &#8222;<span class=\"a-text-italic\">Kalvarienberg&#8220; &#8211; Kai Meyer<\/span><\/span><\/p>\n<p><img loading=\"lazy\" decoding=\"async\" class=\"alignnone size-full wp-image-22081\" src=\"https:\/\/vollausgebucht.net\/wp-content\/uploads\/das-boese-vor-deiner-tuer-1n.png\" alt=\"\" width=\"700\" height=\"700\" srcset=\"https:\/\/vollausgebucht.net\/wp-content\/uploads\/das-boese-vor-deiner-tuer-1n.png 700w, https:\/\/vollausgebucht.net\/wp-content\/uploads\/das-boese-vor-deiner-tuer-1n-150x150.png 150w, https:\/\/vollausgebucht.net\/wp-content\/uploads\/das-boese-vor-deiner-tuer-1n-350x350.png 350w\" sizes=\"auto, (max-width: 700px) 100vw, 700px\" \/><\/p>\n<p><img loading=\"lazy\" decoding=\"async\" class=\"size-full wp-image-125 aligncenter\" src=\"https:\/\/vollausgebucht.net\/wp-content\/uploads\/meine-meinung.png\" alt=\"\" width=\"146\" height=\"32\" \/><\/p>\n<p><span style=\"font-family: georgia, palatino, serif; color: #000000;\">Mit Anthologien tue ich mich immer schwer, denn meistens gefallen mir nur ein paar der Kurzgeschichten, w\u00e4hrend der Rest mich v\u00f6llig kalt l\u00e4sst, oder anders gesagt, ich bin da sehr anspruchsvoll. Das beste Beispiel daf\u00fcr ist Stephen King. Ich liebe seine Romane, aber bei den Kurzgeschichten bin ich raus, wenn ich da 10 % gut finde, ist das schon viel. In der Beziehung bin ich ein schwieriger Leser und das ist mir durchaus bewusst. Sehe ich eine Kurzgeschichtensammlung, \u00fcberlege ich jedes Mal ewig lange, ob ich sie wirklich kaufen soll und meistens entscheide ich mich dagegen, wahrscheinlich ist mir das eine oder andere Highlight deswegen auch schon entgangen. Ab und an kommt es aber auch vor, dass ich zugreife ohne zu \u00fcberlegen, so wie hier, denn ich mag Andreas Gruber, Vera Buck, Ivar Leon Menger und Thomas Finn, habe aber mit Ausnahme von Andreas Gruber bisher keine Kurzgeschichten dieser Autoren gelesen und die Gelegenheit damit beim Schopfe gepackt.<br \/>\nDas Buch enth\u00e4lt 16 Storys, mit denen die Autoren ihre Leser auf eine ganz besondere Reise durch Deutschland schicken, mit einem kleinen Schlenker \u00fcber \u00d6sterreich und die Schweiz. Den Anfang dabei macht Andreas Gruber, bei dem sich einige sehr bekannte\u00a0 Horrorautoren w\u00e4hrend eines Unwetters in einem Gasthaus treffen. Sie alle wollen eigentlich zu einem Kongress nach Wien, sitzen aber erstmal fest. Definitiv ein gelungener Einstieg, au\u00dferdem mochte ich &#8222;Mathilda&#8220; und &#8222;Der Spiegel&#8220; sehr gern.<br \/>\nNat\u00fcrlich gibt es auch ein paar Short Storys, die mich nicht ganz so begeistert haben, aber schlecht war keine einzige, daf\u00fcr gibts schon mal einen fetten Daumen nach oben.<br \/>\n&#8222;Das B\u00f6se vor deiner T\u00fcr&#8220; lebt von der Abwechslung, den unterschiedlichen Orten und Zeiten und auch die verschiedenen Schreibstile der Autoren sorgen f\u00fcr frischen Wind, bei einigen muss ich tats\u00e4chlich mal einen zweiten Blick riskieren.<br \/>\n<\/span><\/p>\n<p><img loading=\"lazy\" decoding=\"async\" class=\"size-full wp-image-298 aligncenter\" src=\"https:\/\/vollausgebucht.net\/wp-content\/uploads\/2020\/05\/fazit2.png\" alt=\"\" width=\"58\" height=\"28\" \/><\/p>\n<p><span style=\"font-family: georgia, palatino, serif; color: #000000;\">Wer auf Grusel und Kurzgeschichten steht, sollte unbedingt ein Auge auf &#8222;Das B\u00f6se vor deiner T\u00fcr&#8220; werfen, denn hier haben die Herausgeber Wulf Dorn und Ivar Niklas Schwarz wirklich ganze Arbeit geleistet und dabei f\u00fcr jeden Geschmack etwas ausgew\u00e4hlt, au\u00dferdem ist es eine gute Gelegenheit, neue Autoren kennenzulernen. Und auch wenn ich nicht unbedingt der Short Story Fan bin, vergebe ich hier verdiente 4 von 5 Miezekatzen.<\/span><\/p>\n<p><img loading=\"lazy\" decoding=\"async\" class=\"size-full wp-image-132 aligncenter\" src=\"https:\/\/vollausgebucht.net\/wp-content\/uploads\/miezk.png\" alt=\"\" width=\"267\" height=\"45\" \/><\/p>\n","protected":false},"excerpt":{"rendered":"<p>&#8220; &#8230; Ihre K\u00f6rper waren miteinander zu einer bizarren menschlichen Form verschmolzen. Ihre Unterleiber schienen zu fehlen, aber genaueres konnte ich nicht erkennen, denn das, was ich sah, wurde von Muscheln und graugr\u00fcnem Seegras bedeckt. &#8230;&#8220; &#8222;Die Nacht unter der <a class=\"more-link\" href=\"https:\/\/vollausgebucht.net\/?p=21684\">Weiterlesen\u00a0\u2026<\/a><\/p>\n","protected":false},"author":1,"featured_media":21685,"comment_status":"open","ping_status":"closed","sticky":false,"template":"","format":"standard","meta":{"sfsi_plus_gutenberg_text_before_share":"","sfsi_plus_gutenberg_show_text_before_share":"","sfsi_plus_gutenberg_icon_type":"","sfsi_plus_gutenberg_icon_alignemt":"","sfsi_plus_gutenburg_max_per_row":"","_monsterinsights_skip_tracking":false,"_monsterinsights_sitenote_active":false,"_monsterinsights_sitenote_note":"","_monsterinsights_sitenote_category":0,"footnotes":""},"categories":[5],"tags":[2259,526,203,550,485,482,22,450,499,481,491,494,489,492,483,11,493,486,2250,487,2143,2262,2260,33,490,59,495,16,2261,484,6,2072,1461,452,2258],"class_list":["post-21684","post","type-post","status-publish","format-standard","has-post-thumbnail","hentry","category-rezension","tag-andreas-eschenbach","tag-andreas-gruber","tag-anthologie","tag-bookish","tag-bookjunkie","tag-booklover","tag-booknerd","tag-books","tag-books-of-instagramm","tag-bookstagram","tag-bookstagram-germany","tag-buchblog","tag-buchblogger","tag-buecher","tag-buecherliebe","tag-buechersuechtig","tag-buecherwurm","tag-buchtipp","tag-dtv","tag-instabooks","tag-ivar-leon-menger","tag-iver-niklas-schwarz","tag-kai-meyer","tag-kurzgeschichten","tag-leseliebe","tag-leseliste","tag-lesen","tag-leseratte","tag-markus-heitz","tag-reading","tag-rezension","tag-thomas-finn","tag-vera-buck","tag-vincent-voss","tag-wulf-dorn"],"yoast_head":"<!-- This site is optimized with the Yoast SEO plugin v27.4 - https:\/\/yoast.com\/product\/yoast-seo-wordpress\/ -->\n<title>&quot;Das B\u00f6se vor deiner T\u00fcr&quot; - Wulf Dorn, Iver Niklas Schwarz - Voll ausgebucht<\/title>\n<meta name=\"robots\" content=\"index, follow, max-snippet:-1, max-image-preview:large, max-video-preview:-1\" \/>\n<link rel=\"canonical\" href=\"https:\/\/vollausgebucht.net\/?p=21684\" \/>\n<meta property=\"og:locale\" content=\"de_DE\" \/>\n<meta property=\"og:type\" content=\"article\" \/>\n<meta property=\"og:title\" content=\"&quot;Das B\u00f6se vor deiner T\u00fcr&quot; - Wulf Dorn, Iver Niklas Schwarz - Voll ausgebucht\" \/>\n<meta property=\"og:description\" content=\"&#8220; &#8230; Ihre K\u00f6rper waren miteinander zu einer bizarren menschlichen Form verschmolzen. Ihre Unterleiber schienen zu fehlen, aber genaueres konnte ich nicht erkennen, denn das, was ich sah, wurde von Muscheln und graugr\u00fcnem Seegras bedeckt. &#8230;&#8220; &#8222;Die Nacht unter der Weiterlesen\u00a0\u2026\" \/>\n<meta property=\"og:url\" content=\"https:\/\/vollausgebucht.net\/?p=21684\" \/>\n<meta property=\"og:site_name\" content=\"Voll ausgebucht\" \/>\n<meta property=\"article:published_time\" content=\"2025-07-27T18:58:29+00:00\" \/>\n<meta property=\"article:modified_time\" content=\"2025-07-28T20:41:24+00:00\" \/>\n<meta property=\"og:image\" content=\"https:\/\/vollausgebucht.net\/wp-content\/uploads\/rezi-das-boese-vor-deiner-tuer.png\" \/>\n\t<meta property=\"og:image:width\" content=\"700\" \/>\n\t<meta property=\"og:image:height\" content=\"330\" \/>\n\t<meta property=\"og:image:type\" content=\"image\/png\" \/>\n<meta name=\"author\" content=\"DesKing\" \/>\n<script type=\"application\/ld+json\" class=\"yoast-schema-graph\">{\"@context\":\"https:\\\/\\\/schema.org\",\"@graph\":[{\"@type\":\"Article\",\"@id\":\"https:\\\/\\\/vollausgebucht.net\\\/?p=21684#article\",\"isPartOf\":{\"@id\":\"https:\\\/\\\/vollausgebucht.net\\\/?p=21684\"},\"author\":{\"name\":\"DesKing\",\"@id\":\"https:\\\/\\\/vollausgebucht.net\\\/#\\\/schema\\\/person\\\/a4c2c6f703cf1bac8cf4974558e405c6\"},\"headline\":\"&#8222;Das B\u00f6se vor deiner T\u00fcr&#8220; &#8211; Wulf Dorn, Iver Niklas Schwarz\",\"datePublished\":\"2025-07-27T18:58:29+00:00\",\"dateModified\":\"2025-07-28T20:41:24+00:00\",\"mainEntityOfPage\":{\"@id\":\"https:\\\/\\\/vollausgebucht.net\\\/?p=21684\"},\"wordCount\":741,\"commentCount\":0,\"publisher\":{\"@id\":\"https:\\\/\\\/vollausgebucht.net\\\/#\\\/schema\\\/person\\\/a4c2c6f703cf1bac8cf4974558e405c6\"},\"image\":{\"@id\":\"https:\\\/\\\/vollausgebucht.net\\\/?p=21684#primaryimage\"},\"thumbnailUrl\":\"https:\\\/\\\/vollausgebucht.net\\\/wp-content\\\/uploads\\\/rezi-das-boese-vor-deiner-tuer.png\",\"keywords\":[\"Andreas Eschenbach\",\"Andreas Gruber\",\"Anthologie\",\"Bookish\",\"Bookjunkie\",\"Booklover\",\"Booknerd\",\"Books\",\"Books of Instagramm\",\"Bookstagram\",\"Bookstagram Germany\",\"Buchblog\",\"Buchblogger\",\"B\u00fccher\",\"B\u00fccherliebe\",\"B\u00fcchers\u00fcchtig\",\"B\u00fccherwurm\",\"Buchtipp\",\"dtv\",\"Instabooks\",\"Ivar Leon Menger\",\"Iver Niklas Schwarz\",\"Kai Meyer\",\"Kurzgeschichten\",\"Leseliebe\",\"Leseliste\",\"Lesen\",\"Leseratte\",\"Markus Heitz\",\"Reading\",\"Rezension\",\"Thomas Finn\",\"Vera Buck\",\"Vincent Voss\",\"Wulf Dorn\"],\"articleSection\":[\"Rezension\"],\"inLanguage\":\"de\",\"potentialAction\":[{\"@type\":\"CommentAction\",\"name\":\"Comment\",\"target\":[\"https:\\\/\\\/vollausgebucht.net\\\/?p=21684#respond\"]}]},{\"@type\":\"WebPage\",\"@id\":\"https:\\\/\\\/vollausgebucht.net\\\/?p=21684\",\"url\":\"https:\\\/\\\/vollausgebucht.net\\\/?p=21684\",\"name\":\"\\\"Das B\u00f6se vor deiner T\u00fcr\\\" - Wulf Dorn, Iver Niklas Schwarz - Voll ausgebucht\",\"isPartOf\":{\"@id\":\"https:\\\/\\\/vollausgebucht.net\\\/#website\"},\"primaryImageOfPage\":{\"@id\":\"https:\\\/\\\/vollausgebucht.net\\\/?p=21684#primaryimage\"},\"image\":{\"@id\":\"https:\\\/\\\/vollausgebucht.net\\\/?p=21684#primaryimage\"},\"thumbnailUrl\":\"https:\\\/\\\/vollausgebucht.net\\\/wp-content\\\/uploads\\\/rezi-das-boese-vor-deiner-tuer.png\",\"datePublished\":\"2025-07-27T18:58:29+00:00\",\"dateModified\":\"2025-07-28T20:41:24+00:00\",\"breadcrumb\":{\"@id\":\"https:\\\/\\\/vollausgebucht.net\\\/?p=21684#breadcrumb\"},\"inLanguage\":\"de\",\"potentialAction\":[{\"@type\":\"ReadAction\",\"target\":[\"https:\\\/\\\/vollausgebucht.net\\\/?p=21684\"]}]},{\"@type\":\"ImageObject\",\"inLanguage\":\"de\",\"@id\":\"https:\\\/\\\/vollausgebucht.net\\\/?p=21684#primaryimage\",\"url\":\"https:\\\/\\\/vollausgebucht.net\\\/wp-content\\\/uploads\\\/rezi-das-boese-vor-deiner-tuer.png\",\"contentUrl\":\"https:\\\/\\\/vollausgebucht.net\\\/wp-content\\\/uploads\\\/rezi-das-boese-vor-deiner-tuer.png\",\"width\":700,\"height\":330},{\"@type\":\"BreadcrumbList\",\"@id\":\"https:\\\/\\\/vollausgebucht.net\\\/?p=21684#breadcrumb\",\"itemListElement\":[{\"@type\":\"ListItem\",\"position\":1,\"name\":\"Startseite\",\"item\":\"https:\\\/\\\/vollausgebucht.net\\\/\"},{\"@type\":\"ListItem\",\"position\":2,\"name\":\"&#8222;Das B\u00f6se vor deiner T\u00fcr&#8220; &#8211; Wulf Dorn, Iver Niklas Schwarz\"}]},{\"@type\":\"WebSite\",\"@id\":\"https:\\\/\\\/vollausgebucht.net\\\/#website\",\"url\":\"https:\\\/\\\/vollausgebucht.net\\\/\",\"name\":\"Voll ausgebucht\",\"description\":\"\",\"publisher\":{\"@id\":\"https:\\\/\\\/vollausgebucht.net\\\/#\\\/schema\\\/person\\\/a4c2c6f703cf1bac8cf4974558e405c6\"},\"potentialAction\":[{\"@type\":\"SearchAction\",\"target\":{\"@type\":\"EntryPoint\",\"urlTemplate\":\"https:\\\/\\\/vollausgebucht.net\\\/?s={search_term_string}\"},\"query-input\":{\"@type\":\"PropertyValueSpecification\",\"valueRequired\":true,\"valueName\":\"search_term_string\"}}],\"inLanguage\":\"de\"},{\"@type\":[\"Person\",\"Organization\"],\"@id\":\"https:\\\/\\\/vollausgebucht.net\\\/#\\\/schema\\\/person\\\/a4c2c6f703cf1bac8cf4974558e405c6\",\"name\":\"DesKing\",\"logo\":{\"@id\":\"https:\\\/\\\/vollausgebucht.net\\\/#\\\/schema\\\/person\\\/image\\\/\"},\"sameAs\":[\"https:\\\/\\\/vollausgebucht.net\"],\"url\":\"https:\\\/\\\/vollausgebucht.net\\\/?author=1\"}]}<\/script>\n<!-- \/ Yoast SEO plugin. -->","yoast_head_json":{"title":"\"Das B\u00f6se vor deiner T\u00fcr\" - Wulf Dorn, Iver Niklas Schwarz - Voll ausgebucht","robots":{"index":"index","follow":"follow","max-snippet":"max-snippet:-1","max-image-preview":"max-image-preview:large","max-video-preview":"max-video-preview:-1"},"canonical":"https:\/\/vollausgebucht.net\/?p=21684","og_locale":"de_DE","og_type":"article","og_title":"\"Das B\u00f6se vor deiner T\u00fcr\" - Wulf Dorn, Iver Niklas Schwarz - Voll ausgebucht","og_description":"&#8220; &#8230; Ihre K\u00f6rper waren miteinander zu einer bizarren menschlichen Form verschmolzen. Ihre Unterleiber schienen zu fehlen, aber genaueres konnte ich nicht erkennen, denn das, was ich sah, wurde von Muscheln und graugr\u00fcnem Seegras bedeckt. &#8230;&#8220; &#8222;Die Nacht unter der Weiterlesen\u00a0\u2026","og_url":"https:\/\/vollausgebucht.net\/?p=21684","og_site_name":"Voll ausgebucht","article_published_time":"2025-07-27T18:58:29+00:00","article_modified_time":"2025-07-28T20:41:24+00:00","og_image":[{"width":700,"height":330,"url":"https:\/\/vollausgebucht.net\/wp-content\/uploads\/rezi-das-boese-vor-deiner-tuer.png","type":"image\/png"}],"author":"DesKing","schema":{"@context":"https:\/\/schema.org","@graph":[{"@type":"Article","@id":"https:\/\/vollausgebucht.net\/?p=21684#article","isPartOf":{"@id":"https:\/\/vollausgebucht.net\/?p=21684"},"author":{"name":"DesKing","@id":"https:\/\/vollausgebucht.net\/#\/schema\/person\/a4c2c6f703cf1bac8cf4974558e405c6"},"headline":"&#8222;Das B\u00f6se vor deiner T\u00fcr&#8220; &#8211; Wulf Dorn, Iver Niklas Schwarz","datePublished":"2025-07-27T18:58:29+00:00","dateModified":"2025-07-28T20:41:24+00:00","mainEntityOfPage":{"@id":"https:\/\/vollausgebucht.net\/?p=21684"},"wordCount":741,"commentCount":0,"publisher":{"@id":"https:\/\/vollausgebucht.net\/#\/schema\/person\/a4c2c6f703cf1bac8cf4974558e405c6"},"image":{"@id":"https:\/\/vollausgebucht.net\/?p=21684#primaryimage"},"thumbnailUrl":"https:\/\/vollausgebucht.net\/wp-content\/uploads\/rezi-das-boese-vor-deiner-tuer.png","keywords":["Andreas Eschenbach","Andreas Gruber","Anthologie","Bookish","Bookjunkie","Booklover","Booknerd","Books","Books of Instagramm","Bookstagram","Bookstagram Germany","Buchblog","Buchblogger","B\u00fccher","B\u00fccherliebe","B\u00fcchers\u00fcchtig","B\u00fccherwurm","Buchtipp","dtv","Instabooks","Ivar Leon Menger","Iver Niklas Schwarz","Kai Meyer","Kurzgeschichten","Leseliebe","Leseliste","Lesen","Leseratte","Markus Heitz","Reading","Rezension","Thomas Finn","Vera Buck","Vincent Voss","Wulf Dorn"],"articleSection":["Rezension"],"inLanguage":"de","potentialAction":[{"@type":"CommentAction","name":"Comment","target":["https:\/\/vollausgebucht.net\/?p=21684#respond"]}]},{"@type":"WebPage","@id":"https:\/\/vollausgebucht.net\/?p=21684","url":"https:\/\/vollausgebucht.net\/?p=21684","name":"\"Das B\u00f6se vor deiner T\u00fcr\" - Wulf Dorn, Iver Niklas Schwarz - Voll ausgebucht","isPartOf":{"@id":"https:\/\/vollausgebucht.net\/#website"},"primaryImageOfPage":{"@id":"https:\/\/vollausgebucht.net\/?p=21684#primaryimage"},"image":{"@id":"https:\/\/vollausgebucht.net\/?p=21684#primaryimage"},"thumbnailUrl":"https:\/\/vollausgebucht.net\/wp-content\/uploads\/rezi-das-boese-vor-deiner-tuer.png","datePublished":"2025-07-27T18:58:29+00:00","dateModified":"2025-07-28T20:41:24+00:00","breadcrumb":{"@id":"https:\/\/vollausgebucht.net\/?p=21684#breadcrumb"},"inLanguage":"de","potentialAction":[{"@type":"ReadAction","target":["https:\/\/vollausgebucht.net\/?p=21684"]}]},{"@type":"ImageObject","inLanguage":"de","@id":"https:\/\/vollausgebucht.net\/?p=21684#primaryimage","url":"https:\/\/vollausgebucht.net\/wp-content\/uploads\/rezi-das-boese-vor-deiner-tuer.png","contentUrl":"https:\/\/vollausgebucht.net\/wp-content\/uploads\/rezi-das-boese-vor-deiner-tuer.png","width":700,"height":330},{"@type":"BreadcrumbList","@id":"https:\/\/vollausgebucht.net\/?p=21684#breadcrumb","itemListElement":[{"@type":"ListItem","position":1,"name":"Startseite","item":"https:\/\/vollausgebucht.net\/"},{"@type":"ListItem","position":2,"name":"&#8222;Das B\u00f6se vor deiner T\u00fcr&#8220; &#8211; Wulf Dorn, Iver Niklas Schwarz"}]},{"@type":"WebSite","@id":"https:\/\/vollausgebucht.net\/#website","url":"https:\/\/vollausgebucht.net\/","name":"Voll ausgebucht","description":"","publisher":{"@id":"https:\/\/vollausgebucht.net\/#\/schema\/person\/a4c2c6f703cf1bac8cf4974558e405c6"},"potentialAction":[{"@type":"SearchAction","target":{"@type":"EntryPoint","urlTemplate":"https:\/\/vollausgebucht.net\/?s={search_term_string}"},"query-input":{"@type":"PropertyValueSpecification","valueRequired":true,"valueName":"search_term_string"}}],"inLanguage":"de"},{"@type":["Person","Organization"],"@id":"https:\/\/vollausgebucht.net\/#\/schema\/person\/a4c2c6f703cf1bac8cf4974558e405c6","name":"DesKing","logo":{"@id":"https:\/\/vollausgebucht.net\/#\/schema\/person\/image\/"},"sameAs":["https:\/\/vollausgebucht.net"],"url":"https:\/\/vollausgebucht.net\/?author=1"}]}},"_links":{"self":[{"href":"https:\/\/vollausgebucht.net\/index.php?rest_route=\/wp\/v2\/posts\/21684","targetHints":{"allow":["GET"]}}],"collection":[{"href":"https:\/\/vollausgebucht.net\/index.php?rest_route=\/wp\/v2\/posts"}],"about":[{"href":"https:\/\/vollausgebucht.net\/index.php?rest_route=\/wp\/v2\/types\/post"}],"author":[{"embeddable":true,"href":"https:\/\/vollausgebucht.net\/index.php?rest_route=\/wp\/v2\/users\/1"}],"replies":[{"embeddable":true,"href":"https:\/\/vollausgebucht.net\/index.php?rest_route=%2Fwp%2Fv2%2Fcomments&post=21684"}],"version-history":[{"count":7,"href":"https:\/\/vollausgebucht.net\/index.php?rest_route=\/wp\/v2\/posts\/21684\/revisions"}],"predecessor-version":[{"id":22083,"href":"https:\/\/vollausgebucht.net\/index.php?rest_route=\/wp\/v2\/posts\/21684\/revisions\/22083"}],"wp:featuredmedia":[{"embeddable":true,"href":"https:\/\/vollausgebucht.net\/index.php?rest_route=\/wp\/v2\/media\/21685"}],"wp:attachment":[{"href":"https:\/\/vollausgebucht.net\/index.php?rest_route=%2Fwp%2Fv2%2Fmedia&parent=21684"}],"wp:term":[{"taxonomy":"category","embeddable":true,"href":"https:\/\/vollausgebucht.net\/index.php?rest_route=%2Fwp%2Fv2%2Fcategories&post=21684"},{"taxonomy":"post_tag","embeddable":true,"href":"https:\/\/vollausgebucht.net\/index.php?rest_route=%2Fwp%2Fv2%2Ftags&post=21684"}],"curies":[{"name":"wp","href":"https:\/\/api.w.org\/{rel}","templated":true}]}}