{"id":21778,"date":"2025-06-21T16:00:46","date_gmt":"2025-06-21T14:00:46","guid":{"rendered":"https:\/\/vollausgebucht.net\/?p=21778"},"modified":"2025-06-28T01:57:54","modified_gmt":"2025-06-27T23:57:54","slug":"die-jagd-paul-finch","status":"publish","type":"post","link":"https:\/\/vollausgebucht.net\/?p=21778","title":{"rendered":"&#8222;Die Jagd&#8220; &#8211; Paul Finch"},"content":{"rendered":"<blockquote><p><span style=\"color: #ffffff;\"><em><span style=\"font-family: georgia, palatino, serif;\">\u00a0&#8230; \u00bbNur um absolut sicher zu sein, was f\u00fcr einen Deal wir hier abschlie\u00dfen &#8230; Ich gehe mit Ihnen in diesen Streifenwagen, lasse Sie eine Nummer mit mir schieben, und im Gegenzug verpassen Sie mir keinen Strafzettel f\u00fcr zu schnelles Fahren. &#8230;\u00ab<\/span><\/em><\/span><\/p><\/blockquote>\n<p><img loading=\"lazy\" decoding=\"async\" class=\"size-full wp-image-291 aligncenter\" src=\"https:\/\/vollausgebucht.net\/wp-content\/uploads\/2020\/05\/klap.png\" alt=\"\" width=\"112\" height=\"31\" \/><\/p>\n<p style=\"text-align: center;\"><span style=\"font-family: georgia, palatino, serif; color: #000000;\">Alexa will den Polizisten nur kurz nach dem Weg fragen, doch dann durchbrechen drei Sch\u00fcsse die Stille der Nacht. Den Mann, der gefeuert hat, entdeckt sie zu sp\u00e4t. Aber der Unbekannte wird nicht aufgeben, ehe er die einzige Zeugin seiner Tat zum Schweigen gebracht hat \u2026<\/span><\/p>\n<p style=\"text-align: center;\"><span style=\"font-family: georgia, palatino, serif; color: #000000;\">Ein spannungsgeladener Kurzthriller vom Autor von \u00bbM\u00e4dchenj\u00e4ger\u00ab und \u00bbRattenf\u00e4nger\u00ab.<\/span><\/p>\n<p><img loading=\"lazy\" decoding=\"async\" class=\"size-full wp-image-128 aligncenter\" src=\"https:\/\/vollausgebucht.net\/wp-content\/uploads\/daru.png\" alt=\"\" width=\"122\" height=\"35\" \/><\/p>\n<p><span style=\"font-family: georgia, palatino, serif; color: #000000;\">Alex gibt gern mal etwas mehr Gas und steht kurz davor ihren F\u00fchrerschein zu verlieren. Als ein Polizist sie mit erh\u00f6hter Geschwindigkeit anh\u00e4lt, macht er ihr ein unmoralisches Angebot, das Alex ablehnt. Damit beginnt f\u00fcr sie eine Nacht voller Schrecken.<\/span><\/p>\n<p><img loading=\"lazy\" decoding=\"async\" class=\"alignnone size-full wp-image-21786\" src=\"https:\/\/vollausgebucht.net\/wp-content\/uploads\/die-jagd-1.png\" alt=\"\" width=\"700\" height=\"700\" srcset=\"https:\/\/vollausgebucht.net\/wp-content\/uploads\/die-jagd-1.png 700w, https:\/\/vollausgebucht.net\/wp-content\/uploads\/die-jagd-1-150x150.png 150w, https:\/\/vollausgebucht.net\/wp-content\/uploads\/die-jagd-1-350x350.png 350w\" sizes=\"auto, (max-width: 700px) 100vw, 700px\" \/><\/p>\n<p><img loading=\"lazy\" decoding=\"async\" class=\"size-full wp-image-125 aligncenter\" src=\"https:\/\/vollausgebucht.net\/wp-content\/uploads\/meine-meinung.png\" alt=\"\" width=\"146\" height=\"32\" \/><span style=\"font-family: georgia, palatino, serif; color: #000000;\">Nach einem Meeting will Alex nur noch nach Hause, die Landstra\u00dfe vor ihr ist leer und so gibt sie ein bisschen mehr Gas. Als der Polizist, der sie anh\u00e4lt sieht, dass ihr wegen \u00fcberh\u00f6hter Geschwindigkeit der Verlust des F\u00fchrerscheins droht, macht er der jungen Frau ein unmoralisches Angebot. Doch Alex wei\u00df sich zu wehren und braust davon. Da sie sich verfahren hat, bleibt ihr kurz darauf jedoch nichts anderes \u00fcbrig, als zu dem \u00fcbergriffigen Gesetzesh\u00fcter zur\u00fcckzukehren, um ihn nach dem Weg zu fragen. Eine ganz dumme Idee, denn als sie zum Streifenwagen zur\u00fcckkehrt, h\u00f6rt sie drei Sch\u00fcsse und erblickt einen Mann mit Sturmhaube, der nun auf sie schie\u00dft.<\/span><br \/>\n<span style=\"font-family: georgia, palatino, serif; color: #000000;\">Ja, Paul Finchs Kurzthriller startet spannend, trotzdem wei\u00df ich nicht so richtig, was ich von ihm halten soll. Dabei ist die Idee an sich gar nicht mal schlecht, wenn auch nicht neu, aber einige Dinge ergeben f\u00fcr mich einfach keinen Sinn und auch das Ende kommt etwas \u00fcberst\u00fcrzt. Die Geschichte selbst ist gut geschrieben, aber weiterempfehlen w\u00fcrde ich sie jetzt nicht unbedingt.<\/span><br \/>\n<span style=\"font-family: georgia, palatino, serif; color: #000000;\">Eigentlich habe ich mir das eBook gekauft, um einen Eindruck von Paul Finchs Erz\u00e4hl- und Schreibstil zu gewinnen, aber ich glaube, die paar Seiten reichen daf\u00fcr einfach nicht aus. Denn auch wenn beim eBook eine L\u00e4nge von 90 Seiten angegeben ist, endet &#8222;Die Jagd&#8220; bereits nach 49 ziemlich abrupt, danach folgt eine Leseprobe von &#8222;M\u00e4dchenj\u00e4ger&#8220;. Da es sich hier um ein Gratis.eBook handelt, kann und will ich das aber auch gar nicht anprangern.<\/span><\/p>\n<p><img loading=\"lazy\" decoding=\"async\" class=\"size-full wp-image-298 aligncenter\" src=\"https:\/\/vollausgebucht.net\/wp-content\/uploads\/2020\/05\/fazit2.png\" alt=\"\" width=\"58\" height=\"28\" \/><\/p>\n<p><span style=\"font-family: georgia, palatino, serif; color: #000000;\">F\u00fcr mich reicht &#8222;Die Jagd&#8220; nicht aus um herauszufinden, ob ich Paul Finchs Stil mag. Der Kurzthriller ist gut geschrieben, bietet inhaltlich allerdings nichts wirklich Neues und wirft mehr Fragen auf, als er beantwortet. Mehr als 3,5 von 5 Miezekatzen sind hier leider nicht drin.<\/span><img loading=\"lazy\" decoding=\"async\" class=\"size-full wp-image-372 aligncenter\" src=\"https:\/\/vollausgebucht.net\/wp-content\/uploads\/miez35.png\" alt=\"\" width=\"275\" height=\"74\" \/><\/p>\n","protected":false},"excerpt":{"rendered":"<p>\u00a0&#8230; \u00bbNur um absolut sicher zu sein, was f\u00fcr einen Deal wir hier abschlie\u00dfen &#8230; Ich gehe mit Ihnen in diesen Streifenwagen, lasse Sie eine Nummer mit mir schieben, und im Gegenzug verpassen Sie mir keinen Strafzettel f\u00fcr zu schnelles <a class=\"more-link\" href=\"https:\/\/vollausgebucht.net\/?p=21778\">Weiterlesen\u00a0\u2026<\/a><\/p>\n","protected":false},"author":1,"featured_media":21779,"comment_status":"open","ping_status":"closed","sticky":false,"template":"","format":"standard","meta":{"sfsi_plus_gutenberg_text_before_share":"","sfsi_plus_gutenberg_show_text_before_share":"","sfsi_plus_gutenberg_icon_type":"","sfsi_plus_gutenberg_icon_alignemt":"","sfsi_plus_gutenburg_max_per_row":"","_monsterinsights_skip_tracking":false,"_monsterinsights_sitenote_active":false,"_monsterinsights_sitenote_note":"","_monsterinsights_sitenote_category":0,"footnotes":""},"categories":[5],"tags":[550,485,482,22,450,499,481,491,494,489,492,483,11,493,486,2266,487,1954,490,59,495,16,2265,1744,484,6],"class_list":["post-21778","post","type-post","status-publish","format-standard","has-post-thumbnail","hentry","category-rezension","tag-bookish","tag-bookjunkie","tag-booklover","tag-booknerd","tag-books","tag-books-of-instagramm","tag-bookstagram","tag-bookstagram-germany","tag-buchblog","tag-buchblogger","tag-buecher","tag-buecherliebe","tag-buechersuechtig","tag-buecherwurm","tag-buchtipp","tag-die-jagd","tag-instabooks","tag-kurzthriller","tag-leseliebe","tag-leseliste","tag-lesen","tag-leseratte","tag-paul-finch","tag-piper-verlag","tag-reading","tag-rezension"],"yoast_head":"<!-- This site is optimized with the Yoast SEO plugin v27.5 - https:\/\/yoast.com\/product\/yoast-seo-wordpress\/ -->\n<title>&quot;Die Jagd&quot; - Paul Finch - Voll ausgebucht<\/title>\n<meta name=\"robots\" content=\"index, follow, max-snippet:-1, max-image-preview:large, max-video-preview:-1\" \/>\n<link rel=\"canonical\" href=\"https:\/\/vollausgebucht.net\/?p=21778\" \/>\n<meta property=\"og:locale\" content=\"de_DE\" \/>\n<meta property=\"og:type\" content=\"article\" \/>\n<meta property=\"og:title\" content=\"&quot;Die Jagd&quot; - Paul Finch - Voll ausgebucht\" \/>\n<meta property=\"og:description\" content=\"\u00a0&#8230; \u00bbNur um absolut sicher zu sein, was f\u00fcr einen Deal wir hier abschlie\u00dfen &#8230; Ich gehe mit Ihnen in diesen Streifenwagen, lasse Sie eine Nummer mit mir schieben, und im Gegenzug verpassen Sie mir keinen Strafzettel f\u00fcr zu schnelles Weiterlesen\u00a0\u2026\" \/>\n<meta property=\"og:url\" content=\"https:\/\/vollausgebucht.net\/?p=21778\" \/>\n<meta property=\"og:site_name\" content=\"Voll ausgebucht\" \/>\n<meta property=\"article:published_time\" content=\"2025-06-21T14:00:46+00:00\" \/>\n<meta property=\"article:modified_time\" content=\"2025-06-27T23:57:54+00:00\" \/>\n<meta property=\"og:image\" content=\"https:\/\/vollausgebucht.net\/wp-content\/uploads\/rezi-die-jagd-finch.png\" \/>\n\t<meta property=\"og:image:width\" content=\"700\" \/>\n\t<meta property=\"og:image:height\" content=\"330\" \/>\n\t<meta property=\"og:image:type\" content=\"image\/png\" \/>\n<meta name=\"author\" content=\"DesKing\" \/>\n<script type=\"application\/ld+json\" class=\"yoast-schema-graph\">{\"@context\":\"https:\\\/\\\/schema.org\",\"@graph\":[{\"@type\":\"Article\",\"@id\":\"https:\\\/\\\/vollausgebucht.net\\\/?p=21778#article\",\"isPartOf\":{\"@id\":\"https:\\\/\\\/vollausgebucht.net\\\/?p=21778\"},\"author\":{\"name\":\"DesKing\",\"@id\":\"https:\\\/\\\/vollausgebucht.net\\\/#\\\/schema\\\/person\\\/a4c2c6f703cf1bac8cf4974558e405c6\"},\"headline\":\"&#8222;Die Jagd&#8220; &#8211; Paul Finch\",\"datePublished\":\"2025-06-21T14:00:46+00:00\",\"dateModified\":\"2025-06-27T23:57:54+00:00\",\"mainEntityOfPage\":{\"@id\":\"https:\\\/\\\/vollausgebucht.net\\\/?p=21778\"},\"wordCount\":454,\"commentCount\":0,\"publisher\":{\"@id\":\"https:\\\/\\\/vollausgebucht.net\\\/#\\\/schema\\\/person\\\/a4c2c6f703cf1bac8cf4974558e405c6\"},\"image\":{\"@id\":\"https:\\\/\\\/vollausgebucht.net\\\/?p=21778#primaryimage\"},\"thumbnailUrl\":\"https:\\\/\\\/vollausgebucht.net\\\/wp-content\\\/uploads\\\/rezi-die-jagd-finch.png\",\"keywords\":[\"Bookish\",\"Bookjunkie\",\"Booklover\",\"Booknerd\",\"Books\",\"Books of Instagramm\",\"Bookstagram\",\"Bookstagram Germany\",\"Buchblog\",\"Buchblogger\",\"B\u00fccher\",\"B\u00fccherliebe\",\"B\u00fcchers\u00fcchtig\",\"B\u00fccherwurm\",\"Buchtipp\",\"Die Jagd\",\"Instabooks\",\"Kurzthriller\",\"Leseliebe\",\"Leseliste\",\"Lesen\",\"Leseratte\",\"Paul Finch\",\"Piper Verlag\",\"Reading\",\"Rezension\"],\"articleSection\":[\"Rezension\"],\"inLanguage\":\"de\",\"potentialAction\":[{\"@type\":\"CommentAction\",\"name\":\"Comment\",\"target\":[\"https:\\\/\\\/vollausgebucht.net\\\/?p=21778#respond\"]}]},{\"@type\":\"WebPage\",\"@id\":\"https:\\\/\\\/vollausgebucht.net\\\/?p=21778\",\"url\":\"https:\\\/\\\/vollausgebucht.net\\\/?p=21778\",\"name\":\"\\\"Die Jagd\\\" - Paul Finch - Voll ausgebucht\",\"isPartOf\":{\"@id\":\"https:\\\/\\\/vollausgebucht.net\\\/#website\"},\"primaryImageOfPage\":{\"@id\":\"https:\\\/\\\/vollausgebucht.net\\\/?p=21778#primaryimage\"},\"image\":{\"@id\":\"https:\\\/\\\/vollausgebucht.net\\\/?p=21778#primaryimage\"},\"thumbnailUrl\":\"https:\\\/\\\/vollausgebucht.net\\\/wp-content\\\/uploads\\\/rezi-die-jagd-finch.png\",\"datePublished\":\"2025-06-21T14:00:46+00:00\",\"dateModified\":\"2025-06-27T23:57:54+00:00\",\"breadcrumb\":{\"@id\":\"https:\\\/\\\/vollausgebucht.net\\\/?p=21778#breadcrumb\"},\"inLanguage\":\"de\",\"potentialAction\":[{\"@type\":\"ReadAction\",\"target\":[\"https:\\\/\\\/vollausgebucht.net\\\/?p=21778\"]}]},{\"@type\":\"ImageObject\",\"inLanguage\":\"de\",\"@id\":\"https:\\\/\\\/vollausgebucht.net\\\/?p=21778#primaryimage\",\"url\":\"https:\\\/\\\/vollausgebucht.net\\\/wp-content\\\/uploads\\\/rezi-die-jagd-finch.png\",\"contentUrl\":\"https:\\\/\\\/vollausgebucht.net\\\/wp-content\\\/uploads\\\/rezi-die-jagd-finch.png\",\"width\":700,\"height\":330},{\"@type\":\"BreadcrumbList\",\"@id\":\"https:\\\/\\\/vollausgebucht.net\\\/?p=21778#breadcrumb\",\"itemListElement\":[{\"@type\":\"ListItem\",\"position\":1,\"name\":\"Startseite\",\"item\":\"https:\\\/\\\/vollausgebucht.net\\\/\"},{\"@type\":\"ListItem\",\"position\":2,\"name\":\"&#8222;Die Jagd&#8220; &#8211; Paul Finch\"}]},{\"@type\":\"WebSite\",\"@id\":\"https:\\\/\\\/vollausgebucht.net\\\/#website\",\"url\":\"https:\\\/\\\/vollausgebucht.net\\\/\",\"name\":\"Voll ausgebucht\",\"description\":\"\",\"publisher\":{\"@id\":\"https:\\\/\\\/vollausgebucht.net\\\/#\\\/schema\\\/person\\\/a4c2c6f703cf1bac8cf4974558e405c6\"},\"potentialAction\":[{\"@type\":\"SearchAction\",\"target\":{\"@type\":\"EntryPoint\",\"urlTemplate\":\"https:\\\/\\\/vollausgebucht.net\\\/?s={search_term_string}\"},\"query-input\":{\"@type\":\"PropertyValueSpecification\",\"valueRequired\":true,\"valueName\":\"search_term_string\"}}],\"inLanguage\":\"de\"},{\"@type\":[\"Person\",\"Organization\"],\"@id\":\"https:\\\/\\\/vollausgebucht.net\\\/#\\\/schema\\\/person\\\/a4c2c6f703cf1bac8cf4974558e405c6\",\"name\":\"DesKing\",\"logo\":{\"@id\":\"https:\\\/\\\/vollausgebucht.net\\\/#\\\/schema\\\/person\\\/image\\\/\"},\"sameAs\":[\"https:\\\/\\\/vollausgebucht.net\"],\"url\":\"https:\\\/\\\/vollausgebucht.net\\\/?author=1\"}]}<\/script>\n<!-- \/ Yoast SEO plugin. -->","yoast_head_json":{"title":"\"Die Jagd\" - Paul Finch - Voll ausgebucht","robots":{"index":"index","follow":"follow","max-snippet":"max-snippet:-1","max-image-preview":"max-image-preview:large","max-video-preview":"max-video-preview:-1"},"canonical":"https:\/\/vollausgebucht.net\/?p=21778","og_locale":"de_DE","og_type":"article","og_title":"\"Die Jagd\" - Paul Finch - Voll ausgebucht","og_description":"\u00a0&#8230; \u00bbNur um absolut sicher zu sein, was f\u00fcr einen Deal wir hier abschlie\u00dfen &#8230; Ich gehe mit Ihnen in diesen Streifenwagen, lasse Sie eine Nummer mit mir schieben, und im Gegenzug verpassen Sie mir keinen Strafzettel f\u00fcr zu schnelles Weiterlesen\u00a0\u2026","og_url":"https:\/\/vollausgebucht.net\/?p=21778","og_site_name":"Voll ausgebucht","article_published_time":"2025-06-21T14:00:46+00:00","article_modified_time":"2025-06-27T23:57:54+00:00","og_image":[{"width":700,"height":330,"url":"https:\/\/vollausgebucht.net\/wp-content\/uploads\/rezi-die-jagd-finch.png","type":"image\/png"}],"author":"DesKing","schema":{"@context":"https:\/\/schema.org","@graph":[{"@type":"Article","@id":"https:\/\/vollausgebucht.net\/?p=21778#article","isPartOf":{"@id":"https:\/\/vollausgebucht.net\/?p=21778"},"author":{"name":"DesKing","@id":"https:\/\/vollausgebucht.net\/#\/schema\/person\/a4c2c6f703cf1bac8cf4974558e405c6"},"headline":"&#8222;Die Jagd&#8220; &#8211; Paul Finch","datePublished":"2025-06-21T14:00:46+00:00","dateModified":"2025-06-27T23:57:54+00:00","mainEntityOfPage":{"@id":"https:\/\/vollausgebucht.net\/?p=21778"},"wordCount":454,"commentCount":0,"publisher":{"@id":"https:\/\/vollausgebucht.net\/#\/schema\/person\/a4c2c6f703cf1bac8cf4974558e405c6"},"image":{"@id":"https:\/\/vollausgebucht.net\/?p=21778#primaryimage"},"thumbnailUrl":"https:\/\/vollausgebucht.net\/wp-content\/uploads\/rezi-die-jagd-finch.png","keywords":["Bookish","Bookjunkie","Booklover","Booknerd","Books","Books of Instagramm","Bookstagram","Bookstagram Germany","Buchblog","Buchblogger","B\u00fccher","B\u00fccherliebe","B\u00fcchers\u00fcchtig","B\u00fccherwurm","Buchtipp","Die Jagd","Instabooks","Kurzthriller","Leseliebe","Leseliste","Lesen","Leseratte","Paul Finch","Piper Verlag","Reading","Rezension"],"articleSection":["Rezension"],"inLanguage":"de","potentialAction":[{"@type":"CommentAction","name":"Comment","target":["https:\/\/vollausgebucht.net\/?p=21778#respond"]}]},{"@type":"WebPage","@id":"https:\/\/vollausgebucht.net\/?p=21778","url":"https:\/\/vollausgebucht.net\/?p=21778","name":"\"Die Jagd\" - Paul Finch - Voll ausgebucht","isPartOf":{"@id":"https:\/\/vollausgebucht.net\/#website"},"primaryImageOfPage":{"@id":"https:\/\/vollausgebucht.net\/?p=21778#primaryimage"},"image":{"@id":"https:\/\/vollausgebucht.net\/?p=21778#primaryimage"},"thumbnailUrl":"https:\/\/vollausgebucht.net\/wp-content\/uploads\/rezi-die-jagd-finch.png","datePublished":"2025-06-21T14:00:46+00:00","dateModified":"2025-06-27T23:57:54+00:00","breadcrumb":{"@id":"https:\/\/vollausgebucht.net\/?p=21778#breadcrumb"},"inLanguage":"de","potentialAction":[{"@type":"ReadAction","target":["https:\/\/vollausgebucht.net\/?p=21778"]}]},{"@type":"ImageObject","inLanguage":"de","@id":"https:\/\/vollausgebucht.net\/?p=21778#primaryimage","url":"https:\/\/vollausgebucht.net\/wp-content\/uploads\/rezi-die-jagd-finch.png","contentUrl":"https:\/\/vollausgebucht.net\/wp-content\/uploads\/rezi-die-jagd-finch.png","width":700,"height":330},{"@type":"BreadcrumbList","@id":"https:\/\/vollausgebucht.net\/?p=21778#breadcrumb","itemListElement":[{"@type":"ListItem","position":1,"name":"Startseite","item":"https:\/\/vollausgebucht.net\/"},{"@type":"ListItem","position":2,"name":"&#8222;Die Jagd&#8220; &#8211; Paul Finch"}]},{"@type":"WebSite","@id":"https:\/\/vollausgebucht.net\/#website","url":"https:\/\/vollausgebucht.net\/","name":"Voll ausgebucht","description":"","publisher":{"@id":"https:\/\/vollausgebucht.net\/#\/schema\/person\/a4c2c6f703cf1bac8cf4974558e405c6"},"potentialAction":[{"@type":"SearchAction","target":{"@type":"EntryPoint","urlTemplate":"https:\/\/vollausgebucht.net\/?s={search_term_string}"},"query-input":{"@type":"PropertyValueSpecification","valueRequired":true,"valueName":"search_term_string"}}],"inLanguage":"de"},{"@type":["Person","Organization"],"@id":"https:\/\/vollausgebucht.net\/#\/schema\/person\/a4c2c6f703cf1bac8cf4974558e405c6","name":"DesKing","logo":{"@id":"https:\/\/vollausgebucht.net\/#\/schema\/person\/image\/"},"sameAs":["https:\/\/vollausgebucht.net"],"url":"https:\/\/vollausgebucht.net\/?author=1"}]}},"_links":{"self":[{"href":"https:\/\/vollausgebucht.net\/index.php?rest_route=\/wp\/v2\/posts\/21778","targetHints":{"allow":["GET"]}}],"collection":[{"href":"https:\/\/vollausgebucht.net\/index.php?rest_route=\/wp\/v2\/posts"}],"about":[{"href":"https:\/\/vollausgebucht.net\/index.php?rest_route=\/wp\/v2\/types\/post"}],"author":[{"embeddable":true,"href":"https:\/\/vollausgebucht.net\/index.php?rest_route=\/wp\/v2\/users\/1"}],"replies":[{"embeddable":true,"href":"https:\/\/vollausgebucht.net\/index.php?rest_route=%2Fwp%2Fv2%2Fcomments&post=21778"}],"version-history":[{"count":0,"href":"https:\/\/vollausgebucht.net\/index.php?rest_route=\/wp\/v2\/posts\/21778\/revisions"}],"wp:featuredmedia":[{"embeddable":true,"href":"https:\/\/vollausgebucht.net\/index.php?rest_route=\/wp\/v2\/media\/21779"}],"wp:attachment":[{"href":"https:\/\/vollausgebucht.net\/index.php?rest_route=%2Fwp%2Fv2%2Fmedia&parent=21778"}],"wp:term":[{"taxonomy":"category","embeddable":true,"href":"https:\/\/vollausgebucht.net\/index.php?rest_route=%2Fwp%2Fv2%2Fcategories&post=21778"},{"taxonomy":"post_tag","embeddable":true,"href":"https:\/\/vollausgebucht.net\/index.php?rest_route=%2Fwp%2Fv2%2Ftags&post=21778"}],"curies":[{"name":"wp","href":"https:\/\/api.w.org\/{rel}","templated":true}]}}