{"id":21910,"date":"2025-07-13T20:49:16","date_gmt":"2025-07-13T18:49:16","guid":{"rendered":"https:\/\/vollausgebucht.net\/?p=21910"},"modified":"2025-07-15T18:00:08","modified_gmt":"2025-07-15T16:00:08","slug":"das-grauen-von-cape-de-ville-g-s-foster","status":"publish","type":"post","link":"https:\/\/vollausgebucht.net\/?p=21910","title":{"rendered":"&#8222;Das Grauen von Cape De Ville&#8220; &#8211; G. S. Foster"},"content":{"rendered":"<blockquote><p><span style=\"color: #ffffff;\"><em><span style=\"font-family: georgia, palatino, serif;\">&#8220; &#8230; Der Turm zehrt an meinen Kr\u00e4ften und saugt mich bis aufs Blut aus. Noch mehr als mein K\u00f6rper leidet mein Geist. Einfach alles in diesen beengten Mauern raubt mir den Verstand.\u00a0 Was ist wahr? Was ist Einbildung? &#8230; &#8222;<\/span><\/em><\/span><\/p><\/blockquote>\n<p><img loading=\"lazy\" decoding=\"async\" class=\"size-full wp-image-291 aligncenter\" src=\"https:\/\/vollausgebucht.net\/wp-content\/uploads\/2020\/05\/klap.png\" alt=\"\" width=\"112\" height=\"31\" \/><\/p>\n<p style=\"text-align: center;\"><span style=\"font-family: georgia, palatino, serif; color: #000000;\">Um eine Schreibblockade zu \u00fcberwinden, zieht sich der Schriftsteller Xander Ripley in einen verlassenen Leuchtturm vor der K\u00fcste Neuenglands zur\u00fcck. In der stillen Abgeschiedenheit hofft er, Zeit und Mu\u00dfe f\u00fcr seinen l\u00e4ngst \u00fcberf\u00e4lligen Roman zu finden.<\/span><br \/>\n<span style=\"font-family: georgia, palatino, serif; color: #000000;\">Doch isoliert zwischen Klippen und Gezeiten erwartet Xander der pure Horror. Die triste Einsamkeit des Ortes zehrt schnell an seinen Nerven und treibt ihn an den Rand des Wahnsinns. Bald ist f\u00fcr ihn an Schreiben nicht mehr zu denken, denn er f\u00fcrchtet um sein Leben.<\/span><br \/>\n<span style=\"font-family: georgia, palatino, serif; color: #000000;\">Als der Autor im nahe gelegenen K\u00fcstenst\u00e4dtchen Cape De Ville der unheimlichen Geschichte des Leuchtturms auf den Grund geht, kommt er hinter ein d\u00fcsteres Geheimnis: Ein unbekanntes Grauen sucht den Ort seit Ewigkeiten heim und hat sich nun auch an Xanders Fersen geheftet \u2026<\/span><\/p>\n<p><img loading=\"lazy\" decoding=\"async\" class=\"size-full wp-image-128 aligncenter\" src=\"https:\/\/vollausgebucht.net\/wp-content\/uploads\/daru.png\" alt=\"\" width=\"122\" height=\"35\" \/><\/p>\n<p><span style=\"font-family: georgia, palatino, serif; color: #000000;\">Wenn Dein Bruder mit Grundst\u00fccken handelt und einen alten Leuchtturm im Angebot hat, w\u00e4hrend du auf der Suche nach einem Ort bist, an dem du dein \u00fcberf\u00e4lliges Buch schreiben kannst, klingt das erstmal nach einer gl\u00fccklichen F\u00fcgung. Die wird f\u00fcr Xander jedoch schon bald zum Albtraum, denn nicht nur in dem Turm gehen seltsame Dinge vor, auch die Einheimischen erweisen sich als \u00fcberraschend feindselig.<\/span><\/p>\n<p><img loading=\"lazy\" decoding=\"async\" class=\"alignnone size-full wp-image-21911\" src=\"https:\/\/vollausgebucht.net\/wp-content\/uploads\/das-grauen-von-cape-de-ville-1.png\" alt=\"\" width=\"700\" height=\"700\" srcset=\"https:\/\/vollausgebucht.net\/wp-content\/uploads\/das-grauen-von-cape-de-ville-1.png 700w, https:\/\/vollausgebucht.net\/wp-content\/uploads\/das-grauen-von-cape-de-ville-1-150x150.png 150w, https:\/\/vollausgebucht.net\/wp-content\/uploads\/das-grauen-von-cape-de-ville-1-350x350.png 350w\" sizes=\"auto, (max-width: 700px) 100vw, 700px\" \/><\/p>\n<p><img loading=\"lazy\" decoding=\"async\" class=\"size-full wp-image-125 aligncenter\" src=\"https:\/\/vollausgebucht.net\/wp-content\/uploads\/meine-meinung.png\" alt=\"\" width=\"146\" height=\"32\" \/><span style=\"font-family: georgia, palatino, serif; color: #000000;\">Ein Autor mit Schreibblockade, der sich in eine verlassene Gegend zur\u00fcckzieht in der Hoffnung, endlich das l\u00e4ngst \u00fcberf\u00e4llige Buch zu schreiben. Neu ist der Plot ja jetzt nicht unbedingt und trotzdem schafft es G. S. Foster schon auf den ersten Seiten der Geschichte seinen Stempel aufzudr\u00fccken und das meine ich keinesfalls negativ. Wer seine B\u00fccher gelesen hat, wei\u00df, dass es da einige Parallelen gibt. So sind seine Figuren so konstruiert, dass man sich ohne Probleme in sie hineinversetzen kann und so zwangsl\u00e4ufig einfach mit ihnen mitleiden muss. Und es schwingt immer so ein Hauch von &#8222;Supernatural&#8220; mit, wenn auch nicht unbedingt vordergr\u00fcndig. Aber kommen wir zum Buch, welches das erste ist, das in einem Verlag, n\u00e4mlich bei Blitz, erschienen ist.^^<br \/>\n&#8222;Das Grauen von Cape De Ville&#8220; startet mit einem Logbucheintrag des letzten Leuchtturmw\u00e4rters aus dem Jahr 1927, der danach seine Frau und seine Kinder umbringt und den Leser damit gleich mitten ins Geschehen katapultiert. Jetzt, Jahrzehnte sp\u00e4ter, ist Xander, der bereits 2 B\u00fccher ver\u00f6ffentlicht hat und seinem Verlag immer noch das dritte schuldet, f\u00fcr eine Woche dort untergekommen und hofft, dass er in der Abgeschiedenheit zumindest ein paar Wort zu Papier bringt. Die Einheimischen stehen dem Besucher kalt, ja fast schon feindlich, gegen\u00fcber. Alle, bis auf Sonja, die dort auch nur zu Gast ist. Allerdings macht sich Xander erstmal keine Gedanken \u00fcber das merkw\u00fcrdige Verhalten, immerhin will er schreiben und keine neuen Freundschaften schlie\u00dfen. Und das scheint tats\u00e4chlich zu funktionieren. Doch bereits in seiner ersten Nacht im bauf\u00e4lligen Leuchtturm geschehen merkw\u00fcrdige Dinge. Und es wird nicht besser &#8230;<br \/>\nHorror und Meer, oder hier in dem Fall ein alter Leuchtturm, 2 Dinge, die in meinen Augen einfach perfekt zusammenpassen. Das etwas in dem kleinen St\u00e4dtchen Cape De Ville nicht stimmt, merkt man schon bei Xanders Ankunft. Der Schriftsteller ist allerdings \u00e4hnlich gestrickt wie ich und denkt sich erstmal, hey, ich brauch hier niemanden, ich will eh nur meinen Frieden haben, schon allein deswegen war er mir sehr sympathisch. Wenn man sich aber selbst beim Besuch im \u00f6rtlichen Gasthaus unwillkommen f\u00fchlt, dann ist das nochmal ein ganz anderes Kaliber und macht nachdenklich. Aber Xander ist hart im Nehmen, will sich nicht wegekeln lassen. An seiner Stelle h\u00e4tte ich h\u00e4tte ich viel fr\u00fcher meinen Kram zusammengepackt und mich aus dem Staub gemacht, denn so ein Horrortrip ist kein Buch wert. Doch nicht nur Xander konnte punkten, auch der Ort des Grauens, der Leuchtturm, hat einen Stein bei mir im Brett. Alt, heruntergekommen, weit ab vom Schuss mit einer d\u00fcsteren Vergangenheit, ein gruseliger, aber auch sehr stimmungsvoller Schauplatz.<br \/>\nWie ihr seht, l\u00e4sst G. S. Foster sich auch diesmal nicht lumpen und erz\u00e4hlt eine fesselnde, gut durchdachte Geschichte, die au\u00dferdem mit einigen unerwarteten Twists \u00fcberrascht. Wen all das jetzt immer noch nicht \u00fcberzeugt zumindest einen Blick auf das Buch zu werfen, dem ist einfach nicht zu helfen. \ud83d\ude09<\/span><\/p>\n<p><img loading=\"lazy\" decoding=\"async\" class=\"size-full wp-image-298 aligncenter\" src=\"https:\/\/vollausgebucht.net\/wp-content\/uploads\/2020\/05\/fazit2.png\" alt=\"\" width=\"58\" height=\"28\" \/><\/p>\n<p><span style=\"font-family: georgia, palatino, serif; color: #000000;\">&#8222;Das Grauen von Cape De Ville&#8220; ist ein typisches G. S. Foster Buch, man wei\u00df, was man bekommt, n\u00e4mlich Blutvergie\u00dfen, Grusel, Spannung und \u00dcbernat\u00fcrliches. Wer jetzt glaubt, das wird mit der Zeit langweilig oder gar voraussehbar, der irrt sich, denn auch hier konnte ich das Buch kaum aus der Hand legen. Und ich werde wohl niemals in einem Leuchtturm \u00fcbernachten, 4 von 5 Miezekatzen gibt es aber trotzdem.<\/span><\/p>\n<p><img loading=\"lazy\" decoding=\"async\" class=\"size-full wp-image-132 aligncenter\" src=\"https:\/\/vollausgebucht.net\/wp-content\/uploads\/miezk.png\" alt=\"\" width=\"267\" height=\"45\" \/><\/p>\n<p><img loading=\"lazy\" decoding=\"async\" class=\"alignnone size-full wp-image-21917\" src=\"https:\/\/vollausgebucht.net\/wp-content\/uploads\/das-grauen-von-cape-de-ville-2.png\" alt=\"\" width=\"700\" height=\"350\" srcset=\"https:\/\/vollausgebucht.net\/wp-content\/uploads\/das-grauen-von-cape-de-ville-2.png 700w, https:\/\/vollausgebucht.net\/wp-content\/uploads\/das-grauen-von-cape-de-ville-2-300x150.png 300w, https:\/\/vollausgebucht.net\/wp-content\/uploads\/das-grauen-von-cape-de-ville-2-350x175.png 350w\" sizes=\"auto, (max-width: 700px) 100vw, 700px\" \/><\/p>\n","protected":false},"excerpt":{"rendered":"<p>&#8220; &#8230; Der Turm zehrt an meinen Kr\u00e4ften und saugt mich bis aufs Blut aus. Noch mehr als mein K\u00f6rper leidet mein Geist. Einfach alles in diesen beengten Mauern raubt mir den Verstand.\u00a0 Was ist wahr? Was ist Einbildung? &#8230; <a class=\"more-link\" href=\"https:\/\/vollausgebucht.net\/?p=21910\">Weiterlesen\u00a0\u2026<\/a><\/p>\n","protected":false},"author":1,"featured_media":21912,"comment_status":"open","ping_status":"closed","sticky":false,"template":"","format":"standard","meta":{"sfsi_plus_gutenberg_text_before_share":"","sfsi_plus_gutenberg_show_text_before_share":"","sfsi_plus_gutenberg_icon_type":"","sfsi_plus_gutenberg_icon_alignemt":"","sfsi_plus_gutenburg_max_per_row":"","_monsterinsights_skip_tracking":false,"_monsterinsights_sitenote_active":false,"_monsterinsights_sitenote_note":"","_monsterinsights_sitenote_category":0,"footnotes":""},"categories":[5],"tags":[2277,550,485,482,22,450,499,481,491,494,489,492,483,11,493,486,2279,1121,1021,27,487,490,59,495,16,2276,484,6,2278],"class_list":["post-21910","post","type-post","status-publish","format-standard","has-post-thumbnail","hentry","category-rezension","tag-autor","tag-bookish","tag-bookjunkie","tag-booklover","tag-booknerd","tag-books","tag-books-of-instagramm","tag-bookstagram","tag-bookstagram-germany","tag-buchblog","tag-buchblogger","tag-buecher","tag-buecherliebe","tag-buechersuechtig","tag-buecherwurm","tag-buchtipp","tag-das-grauen-von-cape-de-ville","tag-g-s-foster","tag-geister","tag-horror","tag-instabooks","tag-leseliebe","tag-leseliste","tag-lesen","tag-leseratte","tag-leuchtturm","tag-reading","tag-rezension","tag-schreibblockade"],"yoast_head":"<!-- This site is optimized with the Yoast SEO plugin v27.5 - https:\/\/yoast.com\/product\/yoast-seo-wordpress\/ -->\n<title>&quot;Das Grauen von Cape De Ville&quot; - G. S. Foster - Voll ausgebucht<\/title>\n<meta name=\"robots\" content=\"index, follow, max-snippet:-1, max-image-preview:large, max-video-preview:-1\" \/>\n<link rel=\"canonical\" href=\"https:\/\/vollausgebucht.net\/?p=21910\" \/>\n<meta property=\"og:locale\" content=\"de_DE\" \/>\n<meta property=\"og:type\" content=\"article\" \/>\n<meta property=\"og:title\" content=\"&quot;Das Grauen von Cape De Ville&quot; - G. S. Foster - Voll ausgebucht\" \/>\n<meta property=\"og:description\" content=\"&#8220; &#8230; Der Turm zehrt an meinen Kr\u00e4ften und saugt mich bis aufs Blut aus. Noch mehr als mein K\u00f6rper leidet mein Geist. Einfach alles in diesen beengten Mauern raubt mir den Verstand.\u00a0 Was ist wahr? Was ist Einbildung? &#8230; Weiterlesen\u00a0\u2026\" \/>\n<meta property=\"og:url\" content=\"https:\/\/vollausgebucht.net\/?p=21910\" \/>\n<meta property=\"og:site_name\" content=\"Voll ausgebucht\" \/>\n<meta property=\"article:published_time\" content=\"2025-07-13T18:49:16+00:00\" \/>\n<meta property=\"article:modified_time\" content=\"2025-07-15T16:00:08+00:00\" \/>\n<meta property=\"og:image\" content=\"https:\/\/vollausgebucht.net\/wp-content\/uploads\/rezi-das-grauen-von-cape-de-ville.png\" \/>\n\t<meta property=\"og:image:width\" content=\"700\" \/>\n\t<meta property=\"og:image:height\" content=\"330\" \/>\n\t<meta property=\"og:image:type\" content=\"image\/png\" \/>\n<meta name=\"author\" content=\"DesKing\" \/>\n<script type=\"application\/ld+json\" class=\"yoast-schema-graph\">{\"@context\":\"https:\\\/\\\/schema.org\",\"@graph\":[{\"@type\":\"Article\",\"@id\":\"https:\\\/\\\/vollausgebucht.net\\\/?p=21910#article\",\"isPartOf\":{\"@id\":\"https:\\\/\\\/vollausgebucht.net\\\/?p=21910\"},\"author\":{\"name\":\"DesKing\",\"@id\":\"https:\\\/\\\/vollausgebucht.net\\\/#\\\/schema\\\/person\\\/a4c2c6f703cf1bac8cf4974558e405c6\"},\"headline\":\"&#8222;Das Grauen von Cape De Ville&#8220; &#8211; G. S. Foster\",\"datePublished\":\"2025-07-13T18:49:16+00:00\",\"dateModified\":\"2025-07-15T16:00:08+00:00\",\"mainEntityOfPage\":{\"@id\":\"https:\\\/\\\/vollausgebucht.net\\\/?p=21910\"},\"wordCount\":819,\"commentCount\":0,\"publisher\":{\"@id\":\"https:\\\/\\\/vollausgebucht.net\\\/#\\\/schema\\\/person\\\/a4c2c6f703cf1bac8cf4974558e405c6\"},\"image\":{\"@id\":\"https:\\\/\\\/vollausgebucht.net\\\/?p=21910#primaryimage\"},\"thumbnailUrl\":\"https:\\\/\\\/vollausgebucht.net\\\/wp-content\\\/uploads\\\/rezi-das-grauen-von-cape-de-ville.png\",\"keywords\":[\"Autor\",\"Bookish\",\"Bookjunkie\",\"Booklover\",\"Booknerd\",\"Books\",\"Books of Instagramm\",\"Bookstagram\",\"Bookstagram Germany\",\"Buchblog\",\"Buchblogger\",\"B\u00fccher\",\"B\u00fccherliebe\",\"B\u00fcchers\u00fcchtig\",\"B\u00fccherwurm\",\"Buchtipp\",\"Das Grauen von Cape de Ville\",\"G. S. Foster\",\"Geister\",\"Horror\",\"Instabooks\",\"Leseliebe\",\"Leseliste\",\"Lesen\",\"Leseratte\",\"Leuchtturm\",\"Reading\",\"Rezension\",\"Schreibblockade\"],\"articleSection\":[\"Rezension\"],\"inLanguage\":\"de\",\"potentialAction\":[{\"@type\":\"CommentAction\",\"name\":\"Comment\",\"target\":[\"https:\\\/\\\/vollausgebucht.net\\\/?p=21910#respond\"]}]},{\"@type\":\"WebPage\",\"@id\":\"https:\\\/\\\/vollausgebucht.net\\\/?p=21910\",\"url\":\"https:\\\/\\\/vollausgebucht.net\\\/?p=21910\",\"name\":\"\\\"Das Grauen von Cape De Ville\\\" - G. S. Foster - Voll ausgebucht\",\"isPartOf\":{\"@id\":\"https:\\\/\\\/vollausgebucht.net\\\/#website\"},\"primaryImageOfPage\":{\"@id\":\"https:\\\/\\\/vollausgebucht.net\\\/?p=21910#primaryimage\"},\"image\":{\"@id\":\"https:\\\/\\\/vollausgebucht.net\\\/?p=21910#primaryimage\"},\"thumbnailUrl\":\"https:\\\/\\\/vollausgebucht.net\\\/wp-content\\\/uploads\\\/rezi-das-grauen-von-cape-de-ville.png\",\"datePublished\":\"2025-07-13T18:49:16+00:00\",\"dateModified\":\"2025-07-15T16:00:08+00:00\",\"breadcrumb\":{\"@id\":\"https:\\\/\\\/vollausgebucht.net\\\/?p=21910#breadcrumb\"},\"inLanguage\":\"de\",\"potentialAction\":[{\"@type\":\"ReadAction\",\"target\":[\"https:\\\/\\\/vollausgebucht.net\\\/?p=21910\"]}]},{\"@type\":\"ImageObject\",\"inLanguage\":\"de\",\"@id\":\"https:\\\/\\\/vollausgebucht.net\\\/?p=21910#primaryimage\",\"url\":\"https:\\\/\\\/vollausgebucht.net\\\/wp-content\\\/uploads\\\/rezi-das-grauen-von-cape-de-ville.png\",\"contentUrl\":\"https:\\\/\\\/vollausgebucht.net\\\/wp-content\\\/uploads\\\/rezi-das-grauen-von-cape-de-ville.png\",\"width\":700,\"height\":330},{\"@type\":\"BreadcrumbList\",\"@id\":\"https:\\\/\\\/vollausgebucht.net\\\/?p=21910#breadcrumb\",\"itemListElement\":[{\"@type\":\"ListItem\",\"position\":1,\"name\":\"Startseite\",\"item\":\"https:\\\/\\\/vollausgebucht.net\\\/\"},{\"@type\":\"ListItem\",\"position\":2,\"name\":\"&#8222;Das Grauen von Cape De Ville&#8220; &#8211; G. S. Foster\"}]},{\"@type\":\"WebSite\",\"@id\":\"https:\\\/\\\/vollausgebucht.net\\\/#website\",\"url\":\"https:\\\/\\\/vollausgebucht.net\\\/\",\"name\":\"Voll ausgebucht\",\"description\":\"\",\"publisher\":{\"@id\":\"https:\\\/\\\/vollausgebucht.net\\\/#\\\/schema\\\/person\\\/a4c2c6f703cf1bac8cf4974558e405c6\"},\"potentialAction\":[{\"@type\":\"SearchAction\",\"target\":{\"@type\":\"EntryPoint\",\"urlTemplate\":\"https:\\\/\\\/vollausgebucht.net\\\/?s={search_term_string}\"},\"query-input\":{\"@type\":\"PropertyValueSpecification\",\"valueRequired\":true,\"valueName\":\"search_term_string\"}}],\"inLanguage\":\"de\"},{\"@type\":[\"Person\",\"Organization\"],\"@id\":\"https:\\\/\\\/vollausgebucht.net\\\/#\\\/schema\\\/person\\\/a4c2c6f703cf1bac8cf4974558e405c6\",\"name\":\"DesKing\",\"logo\":{\"@id\":\"https:\\\/\\\/vollausgebucht.net\\\/#\\\/schema\\\/person\\\/image\\\/\"},\"sameAs\":[\"https:\\\/\\\/vollausgebucht.net\"],\"url\":\"https:\\\/\\\/vollausgebucht.net\\\/?author=1\"}]}<\/script>\n<!-- \/ Yoast SEO plugin. -->","yoast_head_json":{"title":"\"Das Grauen von Cape De Ville\" - G. S. Foster - Voll ausgebucht","robots":{"index":"index","follow":"follow","max-snippet":"max-snippet:-1","max-image-preview":"max-image-preview:large","max-video-preview":"max-video-preview:-1"},"canonical":"https:\/\/vollausgebucht.net\/?p=21910","og_locale":"de_DE","og_type":"article","og_title":"\"Das Grauen von Cape De Ville\" - G. S. Foster - Voll ausgebucht","og_description":"&#8220; &#8230; Der Turm zehrt an meinen Kr\u00e4ften und saugt mich bis aufs Blut aus. Noch mehr als mein K\u00f6rper leidet mein Geist. Einfach alles in diesen beengten Mauern raubt mir den Verstand.\u00a0 Was ist wahr? Was ist Einbildung? &#8230; Weiterlesen\u00a0\u2026","og_url":"https:\/\/vollausgebucht.net\/?p=21910","og_site_name":"Voll ausgebucht","article_published_time":"2025-07-13T18:49:16+00:00","article_modified_time":"2025-07-15T16:00:08+00:00","og_image":[{"width":700,"height":330,"url":"https:\/\/vollausgebucht.net\/wp-content\/uploads\/rezi-das-grauen-von-cape-de-ville.png","type":"image\/png"}],"author":"DesKing","schema":{"@context":"https:\/\/schema.org","@graph":[{"@type":"Article","@id":"https:\/\/vollausgebucht.net\/?p=21910#article","isPartOf":{"@id":"https:\/\/vollausgebucht.net\/?p=21910"},"author":{"name":"DesKing","@id":"https:\/\/vollausgebucht.net\/#\/schema\/person\/a4c2c6f703cf1bac8cf4974558e405c6"},"headline":"&#8222;Das Grauen von Cape De Ville&#8220; &#8211; G. S. Foster","datePublished":"2025-07-13T18:49:16+00:00","dateModified":"2025-07-15T16:00:08+00:00","mainEntityOfPage":{"@id":"https:\/\/vollausgebucht.net\/?p=21910"},"wordCount":819,"commentCount":0,"publisher":{"@id":"https:\/\/vollausgebucht.net\/#\/schema\/person\/a4c2c6f703cf1bac8cf4974558e405c6"},"image":{"@id":"https:\/\/vollausgebucht.net\/?p=21910#primaryimage"},"thumbnailUrl":"https:\/\/vollausgebucht.net\/wp-content\/uploads\/rezi-das-grauen-von-cape-de-ville.png","keywords":["Autor","Bookish","Bookjunkie","Booklover","Booknerd","Books","Books of Instagramm","Bookstagram","Bookstagram Germany","Buchblog","Buchblogger","B\u00fccher","B\u00fccherliebe","B\u00fcchers\u00fcchtig","B\u00fccherwurm","Buchtipp","Das Grauen von Cape de Ville","G. S. Foster","Geister","Horror","Instabooks","Leseliebe","Leseliste","Lesen","Leseratte","Leuchtturm","Reading","Rezension","Schreibblockade"],"articleSection":["Rezension"],"inLanguage":"de","potentialAction":[{"@type":"CommentAction","name":"Comment","target":["https:\/\/vollausgebucht.net\/?p=21910#respond"]}]},{"@type":"WebPage","@id":"https:\/\/vollausgebucht.net\/?p=21910","url":"https:\/\/vollausgebucht.net\/?p=21910","name":"\"Das Grauen von Cape De Ville\" - G. S. Foster - Voll ausgebucht","isPartOf":{"@id":"https:\/\/vollausgebucht.net\/#website"},"primaryImageOfPage":{"@id":"https:\/\/vollausgebucht.net\/?p=21910#primaryimage"},"image":{"@id":"https:\/\/vollausgebucht.net\/?p=21910#primaryimage"},"thumbnailUrl":"https:\/\/vollausgebucht.net\/wp-content\/uploads\/rezi-das-grauen-von-cape-de-ville.png","datePublished":"2025-07-13T18:49:16+00:00","dateModified":"2025-07-15T16:00:08+00:00","breadcrumb":{"@id":"https:\/\/vollausgebucht.net\/?p=21910#breadcrumb"},"inLanguage":"de","potentialAction":[{"@type":"ReadAction","target":["https:\/\/vollausgebucht.net\/?p=21910"]}]},{"@type":"ImageObject","inLanguage":"de","@id":"https:\/\/vollausgebucht.net\/?p=21910#primaryimage","url":"https:\/\/vollausgebucht.net\/wp-content\/uploads\/rezi-das-grauen-von-cape-de-ville.png","contentUrl":"https:\/\/vollausgebucht.net\/wp-content\/uploads\/rezi-das-grauen-von-cape-de-ville.png","width":700,"height":330},{"@type":"BreadcrumbList","@id":"https:\/\/vollausgebucht.net\/?p=21910#breadcrumb","itemListElement":[{"@type":"ListItem","position":1,"name":"Startseite","item":"https:\/\/vollausgebucht.net\/"},{"@type":"ListItem","position":2,"name":"&#8222;Das Grauen von Cape De Ville&#8220; &#8211; G. S. Foster"}]},{"@type":"WebSite","@id":"https:\/\/vollausgebucht.net\/#website","url":"https:\/\/vollausgebucht.net\/","name":"Voll ausgebucht","description":"","publisher":{"@id":"https:\/\/vollausgebucht.net\/#\/schema\/person\/a4c2c6f703cf1bac8cf4974558e405c6"},"potentialAction":[{"@type":"SearchAction","target":{"@type":"EntryPoint","urlTemplate":"https:\/\/vollausgebucht.net\/?s={search_term_string}"},"query-input":{"@type":"PropertyValueSpecification","valueRequired":true,"valueName":"search_term_string"}}],"inLanguage":"de"},{"@type":["Person","Organization"],"@id":"https:\/\/vollausgebucht.net\/#\/schema\/person\/a4c2c6f703cf1bac8cf4974558e405c6","name":"DesKing","logo":{"@id":"https:\/\/vollausgebucht.net\/#\/schema\/person\/image\/"},"sameAs":["https:\/\/vollausgebucht.net"],"url":"https:\/\/vollausgebucht.net\/?author=1"}]}},"_links":{"self":[{"href":"https:\/\/vollausgebucht.net\/index.php?rest_route=\/wp\/v2\/posts\/21910","targetHints":{"allow":["GET"]}}],"collection":[{"href":"https:\/\/vollausgebucht.net\/index.php?rest_route=\/wp\/v2\/posts"}],"about":[{"href":"https:\/\/vollausgebucht.net\/index.php?rest_route=\/wp\/v2\/types\/post"}],"author":[{"embeddable":true,"href":"https:\/\/vollausgebucht.net\/index.php?rest_route=\/wp\/v2\/users\/1"}],"replies":[{"embeddable":true,"href":"https:\/\/vollausgebucht.net\/index.php?rest_route=%2Fwp%2Fv2%2Fcomments&post=21910"}],"version-history":[{"count":9,"href":"https:\/\/vollausgebucht.net\/index.php?rest_route=\/wp\/v2\/posts\/21910\/revisions"}],"predecessor-version":[{"id":21922,"href":"https:\/\/vollausgebucht.net\/index.php?rest_route=\/wp\/v2\/posts\/21910\/revisions\/21922"}],"wp:featuredmedia":[{"embeddable":true,"href":"https:\/\/vollausgebucht.net\/index.php?rest_route=\/wp\/v2\/media\/21912"}],"wp:attachment":[{"href":"https:\/\/vollausgebucht.net\/index.php?rest_route=%2Fwp%2Fv2%2Fmedia&parent=21910"}],"wp:term":[{"taxonomy":"category","embeddable":true,"href":"https:\/\/vollausgebucht.net\/index.php?rest_route=%2Fwp%2Fv2%2Fcategories&post=21910"},{"taxonomy":"post_tag","embeddable":true,"href":"https:\/\/vollausgebucht.net\/index.php?rest_route=%2Fwp%2Fv2%2Ftags&post=21910"}],"curies":[{"name":"wp","href":"https:\/\/api.w.org\/{rel}","templated":true}]}}