{"id":23230,"date":"2025-11-26T18:24:54","date_gmt":"2025-11-26T16:24:54","guid":{"rendered":"https:\/\/vollausgebucht.net\/?p=23230"},"modified":"2025-11-28T18:15:26","modified_gmt":"2025-11-28T16:15:26","slug":"der-keller-die-rueckkehr-c-s-mahn","status":"publish","type":"post","link":"https:\/\/vollausgebucht.net\/?p=23230","title":{"rendered":"&#8222;Der Keller: Die R\u00fcckkehr&#8220; &#8211; C. S. Mahn"},"content":{"rendered":"<blockquote><p><span style=\"color: #ffffff;\"><em><span style=\"font-family: georgia, palatino, serif;\">&#8220; &#8230;\u00a0 \u00bbGlaubst du, es ist genug, ihn hier und jetzt zu t\u00f6ten? Glaubst du, dass das, was in ihm wohnt, mit seinem Fleisch stirbt? Er ist kein Mensch mehr.\u00ab &#8230; &#8220;\u00a0<\/span><\/em><\/span><\/p><\/blockquote>\n<p><img loading=\"lazy\" decoding=\"async\" class=\"size-full wp-image-291 aligncenter\" src=\"https:\/\/vollausgebucht.net\/wp-content\/uploads\/2020\/05\/klap.png\" alt=\"\" width=\"112\" height=\"31\" \/><\/p>\n<p style=\"text-align: center;\"><span class=\"a-text-bold a-text-italic\" style=\"font-family: georgia, palatino, serif; color: #000000;\">Es gibt viele Keller. Doch es gibt kein Entkommen.<\/span><br \/>\n<span style=\"font-family: georgia, palatino, serif; color: #000000;\">Jahre sind vergangen, seit Grace den Wendigo besiegte und das Grauen hinter sich lie\u00df. In ihren Tr\u00e4umen wird sie noch immer von den Schatten der Vergangenheit verfolgt, doch ihr Leben hat sich normalisiert: Sie jobbt in der \u00f6rtlichen Bar und ihr Schulabschluss steht kurz bevor.<\/span><br \/>\n<span style=\"font-family: georgia, palatino, serif; color: #000000;\">Als sie Tyler begegnet, scheint ihr Leben sich endg\u00fcltig dem Guten zuzuwenden. Doch kaum beginnt sie, endlich loszulassen, ersch\u00fcttert ein grausamer Mord die kleine Gemeinde. Die Spuren sind erschreckend vertraut und alle Hinweise deuten darauf hin, dass das B\u00f6se zur\u00fcckgekehrt ist.<\/span><br \/>\n<span style=\"font-family: georgia, palatino, serif; color: #000000;\">Grace beginnt zu zweifeln. An den anderen. An der Wahrheit. Und an sich selbst.<\/span><br \/>\n<span style=\"font-family: georgia, palatino, serif; color: #000000;\">Ist der Wendigo wirklich zur\u00fcck?<\/span><br \/>\n<span style=\"font-family: georgia, palatino, serif; color: #000000;\">Oder war er nie wirklich weg?<\/span><\/p>\n<p><img loading=\"lazy\" decoding=\"async\" class=\"size-full wp-image-128 aligncenter\" src=\"https:\/\/vollausgebucht.net\/wp-content\/uploads\/daru.png\" alt=\"\" width=\"122\" height=\"35\" \/><\/p>\n<p><span style=\"font-family: georgia, palatino, serif; color: #000000;\">Vier Jahre nachdem Grace den Wendigo get\u00f6tet hat, wird sie immer noch von Albtr\u00e4umen verfolgt. Als die erste verst\u00fcmmelte Leiche auftaucht, ist ihr sofort klar, dass das B\u00f6se zur\u00fcck ist.<\/span><\/p>\n<p><img loading=\"lazy\" decoding=\"async\" class=\"alignnone size-full wp-image-23255\" src=\"https:\/\/vollausgebucht.net\/wp-content\/uploads\/der-keller-die-rueckkehr-1.png\" alt=\"\" width=\"700\" height=\"700\" srcset=\"https:\/\/vollausgebucht.net\/wp-content\/uploads\/der-keller-die-rueckkehr-1.png 700w, https:\/\/vollausgebucht.net\/wp-content\/uploads\/der-keller-die-rueckkehr-1-150x150.png 150w, https:\/\/vollausgebucht.net\/wp-content\/uploads\/der-keller-die-rueckkehr-1-350x350.png 350w\" sizes=\"auto, (max-width: 700px) 100vw, 700px\" \/><\/p>\n<p><img loading=\"lazy\" decoding=\"async\" class=\"size-full wp-image-125 aligncenter\" src=\"https:\/\/vollausgebucht.net\/wp-content\/uploads\/meine-meinung.png\" alt=\"\" width=\"146\" height=\"32\" \/><\/p>\n<p><span style=\"font-family: georgia, palatino, serif; color: #000000;\">Seit Grace den Wendigo besiegt hat, sind einige Jahre ins Land gezogen, inzwischen jobt sie in einer Bar. Eigentlich sollte das nur eine \u00dcbergangssl\u00f6sung sein, doch sie f\u00fchlt sich wohl hier, ihre Aufgaben helfen, die Erinnerungen zu verdr\u00e4ngen. In der Schule ist sie eine Einzelg\u00e4ngerin, ein Freak, immerhin hat sie damals das Haus ihrer Gro\u00dfmutter abgefackelt und so wird sie immer wieder von ihren Mitsch\u00fclern provoziert. Als sie kurz davor ist, die Kontrolle \u00fcber sich zu verlieren, greift Tyler ein und auch sie rettet ihn sp\u00e4ter vor der Clique, als die sich f\u00fcr sein Einschreiten an ihm r\u00e4chen will. So freunden sich die beiden an.<br \/>\nAls ihr schlie\u00dflich nachts ihr toter Gro\u00dfvater erscheint und sie warnt, ist Grace klar, dass der Wendigo zur\u00fcck ist und tats\u00e4chlich l\u00e4sst die erste Leiche nicht lange auf sich warten.<br \/>\n&#8222;Der Keller: Die R\u00fcckkehr&#8220; l\u00e4sst mich ein wenig zwiegespalten zur\u00fcck. Eigentlich war die Story nach 2 B\u00e4nden f\u00fcr mich auserz\u00e4hlt, der R\u00fcckblick in die Welt der Sioux gleich zu Beginn machte mich aber trotzdem neugierig, leider nimmt er mir pers\u00f6nlich zu wenig Raum ein, hier h\u00e4tte ich gern mehr erfahren. Daf\u00fcr gibt es parallel zu Grace noch einen zweiten Handlungsstrang, der einen etwas anderen Blick auf die Geschichte wirft, durchaus interessant, aber f\u00fcr mich nicht genug um mich begeistert bei der Stange zu halten. Da hilft auch das Wiedersehen mit Husky und Amanda nicht, denn selbst wenn ich beide nach wie vor sehr mag, bleibt am Ende die Frage, ob es wirklich n\u00f6tig war, noch eine Fortsetzung zu schreiben.<\/span><span style=\"font-family: georgia, palatino, serif; color: #000000;\"> F\u00fcr mich war mit dem Ende von Teil 2 bereits alles gesagt, ich h\u00e4tte keinen dritten Band gebraucht, denn etwas wirklich Neues gibt es hier nicht.<\/span><\/p>\n<p><img loading=\"lazy\" decoding=\"async\" class=\"size-full wp-image-298 aligncenter\" src=\"https:\/\/vollausgebucht.net\/wp-content\/uploads\/2020\/05\/fazit2.png\" alt=\"\" width=\"58\" height=\"28\" \/><\/p>\n<p><span style=\"font-family: georgia, palatino, serif; color: #000000;\">Auch in &#8222;Der Keller: Die R\u00fcckkehr&#8220; treibt der olle Wendigo weioder sein Unwesen, f\u00fcr mich hat die Story allerdings inzwischen etwas von ihrem Reiz eingeb\u00fc\u00dft und es gibt auch diesmal einige Formulierungen, die den Lesefluss ins Solpern bringen. Ich h\u00e4tte diese Fortsetzung jetzt nicht unbedingt gebraucht und vergebe 3,5 von 5 Miezekatzen.<\/span><img loading=\"lazy\" decoding=\"async\" class=\"size-full wp-image-372 aligncenter\" src=\"https:\/\/vollausgebucht.net\/wp-content\/uploads\/miez35.png\" alt=\"\" width=\"275\" height=\"74\" \/><\/p>\n<p><span style=\"text-decoration: underline;\"><span style=\"color: #000000;\"><a style=\"color: #000000;\" href=\"https:\/\/vollausgebucht.net\/?p=20864\"><span style=\"font-family: georgia, palatino, serif;\">01. &#8222;Der Keller: Part 1&#8220;<\/span><\/a><\/span><\/span><br \/>\n<span style=\"text-decoration: underline;\"><span style=\"color: #000000;\"><a style=\"color: #000000;\" href=\"https:\/\/vollausgebucht.net\/?p=20859\"><span style=\"font-family: georgia, palatino, serif;\">02. &#8222;Der Keller: Part 2&#8220;<\/span><\/a><\/span><\/span><br \/>\n<span style=\"font-family: georgia, palatino, serif; color: #3366ff;\">03. &#8222;Der Keller: Die R\u00fcckkehr&#8220;<\/span><\/p>\n<p><img loading=\"lazy\" decoding=\"async\" class=\"alignnone size-full wp-image-23253\" src=\"https:\/\/vollausgebucht.net\/wp-content\/uploads\/der-Keller-Die-Rueckkehr-2.png\" alt=\"\" width=\"700\" height=\"350\" srcset=\"https:\/\/vollausgebucht.net\/wp-content\/uploads\/der-Keller-Die-Rueckkehr-2.png 700w, https:\/\/vollausgebucht.net\/wp-content\/uploads\/der-Keller-Die-Rueckkehr-2-300x150.png 300w, https:\/\/vollausgebucht.net\/wp-content\/uploads\/der-Keller-Die-Rueckkehr-2-350x175.png 350w\" sizes=\"auto, (max-width: 700px) 100vw, 700px\" \/><\/p>\n","protected":false},"excerpt":{"rendered":"<p>&#8220; &#8230;\u00a0 \u00bbGlaubst du, es ist genug, ihn hier und jetzt zu t\u00f6ten? Glaubst du, dass das, was in ihm wohnt, mit seinem Fleisch stirbt? Er ist kein Mensch mehr.\u00ab &#8230; &#8220;\u00a0 Es gibt viele Keller. Doch es gibt kein <a class=\"more-link\" href=\"https:\/\/vollausgebucht.net\/?p=23230\">Weiterlesen\u00a0\u2026<\/a><\/p>\n","protected":false},"author":1,"featured_media":23231,"comment_status":"open","ping_status":"closed","sticky":false,"template":"","format":"standard","meta":{"sfsi_plus_gutenberg_text_before_share":"","sfsi_plus_gutenberg_show_text_before_share":"","sfsi_plus_gutenberg_icon_type":"","sfsi_plus_gutenberg_icon_alignemt":"","sfsi_plus_gutenburg_max_per_row":"","_monsterinsights_skip_tracking":false,"_monsterinsights_sitenote_active":false,"_monsterinsights_sitenote_note":"","_monsterinsights_sitenote_category":0,"footnotes":""},"categories":[5],"tags":[550,485,482,22,450,499,481,491,494,489,492,483,11,493,486,2113,27,487,490,59,495,16,484,6,2154],"class_list":["post-23230","post","type-post","status-publish","format-standard","has-post-thumbnail","hentry","category-rezension","tag-bookish","tag-bookjunkie","tag-booklover","tag-booknerd","tag-books","tag-books-of-instagramm","tag-bookstagram","tag-bookstagram-germany","tag-buchblog","tag-buchblogger","tag-buecher","tag-buecherliebe","tag-buechersuechtig","tag-buecherwurm","tag-buchtipp","tag-c-s-mahn","tag-horror","tag-instabooks","tag-leseliebe","tag-leseliste","tag-lesen","tag-leseratte","tag-reading","tag-rezension","tag-wendigo"],"yoast_head":"<!-- This site is optimized with the Yoast SEO plugin v27.4 - https:\/\/yoast.com\/product\/yoast-seo-wordpress\/ -->\n<title>&quot;Der Keller: Die R\u00fcckkehr&quot; - C. S. Mahn - Voll ausgebucht<\/title>\n<meta name=\"robots\" content=\"index, follow, max-snippet:-1, max-image-preview:large, max-video-preview:-1\" \/>\n<link rel=\"canonical\" href=\"https:\/\/vollausgebucht.net\/?p=23230\" \/>\n<meta property=\"og:locale\" content=\"de_DE\" \/>\n<meta property=\"og:type\" content=\"article\" \/>\n<meta property=\"og:title\" content=\"&quot;Der Keller: Die R\u00fcckkehr&quot; - C. S. Mahn - Voll ausgebucht\" \/>\n<meta property=\"og:description\" content=\"&#8220; &#8230;\u00a0 \u00bbGlaubst du, es ist genug, ihn hier und jetzt zu t\u00f6ten? Glaubst du, dass das, was in ihm wohnt, mit seinem Fleisch stirbt? Er ist kein Mensch mehr.\u00ab &#8230; &#8220;\u00a0 Es gibt viele Keller. Doch es gibt kein Weiterlesen\u00a0\u2026\" \/>\n<meta property=\"og:url\" content=\"https:\/\/vollausgebucht.net\/?p=23230\" \/>\n<meta property=\"og:site_name\" content=\"Voll ausgebucht\" \/>\n<meta property=\"article:published_time\" content=\"2025-11-26T16:24:54+00:00\" \/>\n<meta property=\"article:modified_time\" content=\"2025-11-28T16:15:26+00:00\" \/>\n<meta property=\"og:image\" content=\"https:\/\/vollausgebucht.net\/wp-content\/uploads\/rezi-der-keller-die-rueckkehr.png\" \/>\n\t<meta property=\"og:image:width\" content=\"700\" \/>\n\t<meta property=\"og:image:height\" content=\"330\" \/>\n\t<meta property=\"og:image:type\" content=\"image\/png\" \/>\n<meta name=\"author\" content=\"DesKing\" \/>\n<script type=\"application\/ld+json\" class=\"yoast-schema-graph\">{\"@context\":\"https:\\\/\\\/schema.org\",\"@graph\":[{\"@type\":\"Article\",\"@id\":\"https:\\\/\\\/vollausgebucht.net\\\/?p=23230#article\",\"isPartOf\":{\"@id\":\"https:\\\/\\\/vollausgebucht.net\\\/?p=23230\"},\"author\":{\"name\":\"DesKing\",\"@id\":\"https:\\\/\\\/vollausgebucht.net\\\/#\\\/schema\\\/person\\\/a4c2c6f703cf1bac8cf4974558e405c6\"},\"headline\":\"&#8222;Der Keller: Die R\u00fcckkehr&#8220; &#8211; C. S. Mahn\",\"datePublished\":\"2025-11-26T16:24:54+00:00\",\"dateModified\":\"2025-11-28T16:15:26+00:00\",\"mainEntityOfPage\":{\"@id\":\"https:\\\/\\\/vollausgebucht.net\\\/?p=23230\"},\"wordCount\":570,\"commentCount\":0,\"publisher\":{\"@id\":\"https:\\\/\\\/vollausgebucht.net\\\/#\\\/schema\\\/person\\\/a4c2c6f703cf1bac8cf4974558e405c6\"},\"image\":{\"@id\":\"https:\\\/\\\/vollausgebucht.net\\\/?p=23230#primaryimage\"},\"thumbnailUrl\":\"https:\\\/\\\/vollausgebucht.net\\\/wp-content\\\/uploads\\\/rezi-der-keller-die-rueckkehr.png\",\"keywords\":[\"Bookish\",\"Bookjunkie\",\"Booklover\",\"Booknerd\",\"Books\",\"Books of Instagramm\",\"Bookstagram\",\"Bookstagram Germany\",\"Buchblog\",\"Buchblogger\",\"B\u00fccher\",\"B\u00fccherliebe\",\"B\u00fcchers\u00fcchtig\",\"B\u00fccherwurm\",\"Buchtipp\",\"C. S. Mahn\",\"Horror\",\"Instabooks\",\"Leseliebe\",\"Leseliste\",\"Lesen\",\"Leseratte\",\"Reading\",\"Rezension\",\"Wendigo\"],\"articleSection\":[\"Rezension\"],\"inLanguage\":\"de\",\"potentialAction\":[{\"@type\":\"CommentAction\",\"name\":\"Comment\",\"target\":[\"https:\\\/\\\/vollausgebucht.net\\\/?p=23230#respond\"]}]},{\"@type\":\"WebPage\",\"@id\":\"https:\\\/\\\/vollausgebucht.net\\\/?p=23230\",\"url\":\"https:\\\/\\\/vollausgebucht.net\\\/?p=23230\",\"name\":\"\\\"Der Keller: Die R\u00fcckkehr\\\" - C. S. Mahn - Voll ausgebucht\",\"isPartOf\":{\"@id\":\"https:\\\/\\\/vollausgebucht.net\\\/#website\"},\"primaryImageOfPage\":{\"@id\":\"https:\\\/\\\/vollausgebucht.net\\\/?p=23230#primaryimage\"},\"image\":{\"@id\":\"https:\\\/\\\/vollausgebucht.net\\\/?p=23230#primaryimage\"},\"thumbnailUrl\":\"https:\\\/\\\/vollausgebucht.net\\\/wp-content\\\/uploads\\\/rezi-der-keller-die-rueckkehr.png\",\"datePublished\":\"2025-11-26T16:24:54+00:00\",\"dateModified\":\"2025-11-28T16:15:26+00:00\",\"breadcrumb\":{\"@id\":\"https:\\\/\\\/vollausgebucht.net\\\/?p=23230#breadcrumb\"},\"inLanguage\":\"de\",\"potentialAction\":[{\"@type\":\"ReadAction\",\"target\":[\"https:\\\/\\\/vollausgebucht.net\\\/?p=23230\"]}]},{\"@type\":\"ImageObject\",\"inLanguage\":\"de\",\"@id\":\"https:\\\/\\\/vollausgebucht.net\\\/?p=23230#primaryimage\",\"url\":\"https:\\\/\\\/vollausgebucht.net\\\/wp-content\\\/uploads\\\/rezi-der-keller-die-rueckkehr.png\",\"contentUrl\":\"https:\\\/\\\/vollausgebucht.net\\\/wp-content\\\/uploads\\\/rezi-der-keller-die-rueckkehr.png\",\"width\":700,\"height\":330},{\"@type\":\"BreadcrumbList\",\"@id\":\"https:\\\/\\\/vollausgebucht.net\\\/?p=23230#breadcrumb\",\"itemListElement\":[{\"@type\":\"ListItem\",\"position\":1,\"name\":\"Startseite\",\"item\":\"https:\\\/\\\/vollausgebucht.net\\\/\"},{\"@type\":\"ListItem\",\"position\":2,\"name\":\"&#8222;Der Keller: Die R\u00fcckkehr&#8220; &#8211; C. S. Mahn\"}]},{\"@type\":\"WebSite\",\"@id\":\"https:\\\/\\\/vollausgebucht.net\\\/#website\",\"url\":\"https:\\\/\\\/vollausgebucht.net\\\/\",\"name\":\"Voll ausgebucht\",\"description\":\"\",\"publisher\":{\"@id\":\"https:\\\/\\\/vollausgebucht.net\\\/#\\\/schema\\\/person\\\/a4c2c6f703cf1bac8cf4974558e405c6\"},\"potentialAction\":[{\"@type\":\"SearchAction\",\"target\":{\"@type\":\"EntryPoint\",\"urlTemplate\":\"https:\\\/\\\/vollausgebucht.net\\\/?s={search_term_string}\"},\"query-input\":{\"@type\":\"PropertyValueSpecification\",\"valueRequired\":true,\"valueName\":\"search_term_string\"}}],\"inLanguage\":\"de\"},{\"@type\":[\"Person\",\"Organization\"],\"@id\":\"https:\\\/\\\/vollausgebucht.net\\\/#\\\/schema\\\/person\\\/a4c2c6f703cf1bac8cf4974558e405c6\",\"name\":\"DesKing\",\"logo\":{\"@id\":\"https:\\\/\\\/vollausgebucht.net\\\/#\\\/schema\\\/person\\\/image\\\/\"},\"sameAs\":[\"https:\\\/\\\/vollausgebucht.net\"],\"url\":\"https:\\\/\\\/vollausgebucht.net\\\/?author=1\"}]}<\/script>\n<!-- \/ Yoast SEO plugin. -->","yoast_head_json":{"title":"\"Der Keller: Die R\u00fcckkehr\" - C. S. Mahn - Voll ausgebucht","robots":{"index":"index","follow":"follow","max-snippet":"max-snippet:-1","max-image-preview":"max-image-preview:large","max-video-preview":"max-video-preview:-1"},"canonical":"https:\/\/vollausgebucht.net\/?p=23230","og_locale":"de_DE","og_type":"article","og_title":"\"Der Keller: Die R\u00fcckkehr\" - C. S. Mahn - Voll ausgebucht","og_description":"&#8220; &#8230;\u00a0 \u00bbGlaubst du, es ist genug, ihn hier und jetzt zu t\u00f6ten? Glaubst du, dass das, was in ihm wohnt, mit seinem Fleisch stirbt? Er ist kein Mensch mehr.\u00ab &#8230; &#8220;\u00a0 Es gibt viele Keller. Doch es gibt kein Weiterlesen\u00a0\u2026","og_url":"https:\/\/vollausgebucht.net\/?p=23230","og_site_name":"Voll ausgebucht","article_published_time":"2025-11-26T16:24:54+00:00","article_modified_time":"2025-11-28T16:15:26+00:00","og_image":[{"width":700,"height":330,"url":"https:\/\/vollausgebucht.net\/wp-content\/uploads\/rezi-der-keller-die-rueckkehr.png","type":"image\/png"}],"author":"DesKing","schema":{"@context":"https:\/\/schema.org","@graph":[{"@type":"Article","@id":"https:\/\/vollausgebucht.net\/?p=23230#article","isPartOf":{"@id":"https:\/\/vollausgebucht.net\/?p=23230"},"author":{"name":"DesKing","@id":"https:\/\/vollausgebucht.net\/#\/schema\/person\/a4c2c6f703cf1bac8cf4974558e405c6"},"headline":"&#8222;Der Keller: Die R\u00fcckkehr&#8220; &#8211; C. S. Mahn","datePublished":"2025-11-26T16:24:54+00:00","dateModified":"2025-11-28T16:15:26+00:00","mainEntityOfPage":{"@id":"https:\/\/vollausgebucht.net\/?p=23230"},"wordCount":570,"commentCount":0,"publisher":{"@id":"https:\/\/vollausgebucht.net\/#\/schema\/person\/a4c2c6f703cf1bac8cf4974558e405c6"},"image":{"@id":"https:\/\/vollausgebucht.net\/?p=23230#primaryimage"},"thumbnailUrl":"https:\/\/vollausgebucht.net\/wp-content\/uploads\/rezi-der-keller-die-rueckkehr.png","keywords":["Bookish","Bookjunkie","Booklover","Booknerd","Books","Books of Instagramm","Bookstagram","Bookstagram Germany","Buchblog","Buchblogger","B\u00fccher","B\u00fccherliebe","B\u00fcchers\u00fcchtig","B\u00fccherwurm","Buchtipp","C. S. Mahn","Horror","Instabooks","Leseliebe","Leseliste","Lesen","Leseratte","Reading","Rezension","Wendigo"],"articleSection":["Rezension"],"inLanguage":"de","potentialAction":[{"@type":"CommentAction","name":"Comment","target":["https:\/\/vollausgebucht.net\/?p=23230#respond"]}]},{"@type":"WebPage","@id":"https:\/\/vollausgebucht.net\/?p=23230","url":"https:\/\/vollausgebucht.net\/?p=23230","name":"\"Der Keller: Die R\u00fcckkehr\" - C. S. Mahn - Voll ausgebucht","isPartOf":{"@id":"https:\/\/vollausgebucht.net\/#website"},"primaryImageOfPage":{"@id":"https:\/\/vollausgebucht.net\/?p=23230#primaryimage"},"image":{"@id":"https:\/\/vollausgebucht.net\/?p=23230#primaryimage"},"thumbnailUrl":"https:\/\/vollausgebucht.net\/wp-content\/uploads\/rezi-der-keller-die-rueckkehr.png","datePublished":"2025-11-26T16:24:54+00:00","dateModified":"2025-11-28T16:15:26+00:00","breadcrumb":{"@id":"https:\/\/vollausgebucht.net\/?p=23230#breadcrumb"},"inLanguage":"de","potentialAction":[{"@type":"ReadAction","target":["https:\/\/vollausgebucht.net\/?p=23230"]}]},{"@type":"ImageObject","inLanguage":"de","@id":"https:\/\/vollausgebucht.net\/?p=23230#primaryimage","url":"https:\/\/vollausgebucht.net\/wp-content\/uploads\/rezi-der-keller-die-rueckkehr.png","contentUrl":"https:\/\/vollausgebucht.net\/wp-content\/uploads\/rezi-der-keller-die-rueckkehr.png","width":700,"height":330},{"@type":"BreadcrumbList","@id":"https:\/\/vollausgebucht.net\/?p=23230#breadcrumb","itemListElement":[{"@type":"ListItem","position":1,"name":"Startseite","item":"https:\/\/vollausgebucht.net\/"},{"@type":"ListItem","position":2,"name":"&#8222;Der Keller: Die R\u00fcckkehr&#8220; &#8211; C. S. Mahn"}]},{"@type":"WebSite","@id":"https:\/\/vollausgebucht.net\/#website","url":"https:\/\/vollausgebucht.net\/","name":"Voll ausgebucht","description":"","publisher":{"@id":"https:\/\/vollausgebucht.net\/#\/schema\/person\/a4c2c6f703cf1bac8cf4974558e405c6"},"potentialAction":[{"@type":"SearchAction","target":{"@type":"EntryPoint","urlTemplate":"https:\/\/vollausgebucht.net\/?s={search_term_string}"},"query-input":{"@type":"PropertyValueSpecification","valueRequired":true,"valueName":"search_term_string"}}],"inLanguage":"de"},{"@type":["Person","Organization"],"@id":"https:\/\/vollausgebucht.net\/#\/schema\/person\/a4c2c6f703cf1bac8cf4974558e405c6","name":"DesKing","logo":{"@id":"https:\/\/vollausgebucht.net\/#\/schema\/person\/image\/"},"sameAs":["https:\/\/vollausgebucht.net"],"url":"https:\/\/vollausgebucht.net\/?author=1"}]}},"_links":{"self":[{"href":"https:\/\/vollausgebucht.net\/index.php?rest_route=\/wp\/v2\/posts\/23230","targetHints":{"allow":["GET"]}}],"collection":[{"href":"https:\/\/vollausgebucht.net\/index.php?rest_route=\/wp\/v2\/posts"}],"about":[{"href":"https:\/\/vollausgebucht.net\/index.php?rest_route=\/wp\/v2\/types\/post"}],"author":[{"embeddable":true,"href":"https:\/\/vollausgebucht.net\/index.php?rest_route=\/wp\/v2\/users\/1"}],"replies":[{"embeddable":true,"href":"https:\/\/vollausgebucht.net\/index.php?rest_route=%2Fwp%2Fv2%2Fcomments&post=23230"}],"version-history":[{"count":7,"href":"https:\/\/vollausgebucht.net\/index.php?rest_route=\/wp\/v2\/posts\/23230\/revisions"}],"predecessor-version":[{"id":23257,"href":"https:\/\/vollausgebucht.net\/index.php?rest_route=\/wp\/v2\/posts\/23230\/revisions\/23257"}],"wp:featuredmedia":[{"embeddable":true,"href":"https:\/\/vollausgebucht.net\/index.php?rest_route=\/wp\/v2\/media\/23231"}],"wp:attachment":[{"href":"https:\/\/vollausgebucht.net\/index.php?rest_route=%2Fwp%2Fv2%2Fmedia&parent=23230"}],"wp:term":[{"taxonomy":"category","embeddable":true,"href":"https:\/\/vollausgebucht.net\/index.php?rest_route=%2Fwp%2Fv2%2Fcategories&post=23230"},{"taxonomy":"post_tag","embeddable":true,"href":"https:\/\/vollausgebucht.net\/index.php?rest_route=%2Fwp%2Fv2%2Ftags&post=23230"}],"curies":[{"name":"wp","href":"https:\/\/api.w.org\/{rel}","templated":true}]}}