{"id":24231,"date":"2026-03-04T16:16:38","date_gmt":"2026-03-04T14:16:38","guid":{"rendered":"https:\/\/vollausgebucht.net\/?p=24231"},"modified":"2026-03-07T18:05:58","modified_gmt":"2026-03-07T16:05:58","slug":"die-wielt-im-schatten-so-grau-constantin-dupien","status":"publish","type":"post","link":"https:\/\/vollausgebucht.net\/?p=24231","title":{"rendered":"&#8222;Die Welt im Schatten so grau&#8220; &#8211; Constantin Dupien"},"content":{"rendered":"<blockquote><p><span style=\"color: #ffffff;\"><em><span style=\"font-family: georgia, palatino, serif;\">&#8220; &#8230;Es war eine dieser N\u00e4chte, von denen es so viele gab, seit sich alles ver\u00e4ndert hatte.<\/span><\/em><\/span><br \/>\n<span style=\"color: #ffffff;\"><em><span style=\"font-family: georgia, palatino, serif;\">Seit die Welt aufgeh\u00f6rt hatte, zu existieren, und die H\u00f6lle auf die Erdoberfl\u00e4che umgezogen war. &#8230;&#8220;<\/span><\/em><\/span><\/p><\/blockquote>\n<p><img loading=\"lazy\" decoding=\"async\" class=\"size-full wp-image-291 aligncenter\" src=\"https:\/\/vollausgebucht.net\/wp-content\/uploads\/2020\/05\/klap.png\" alt=\"\" width=\"112\" height=\"31\" \/><\/p>\n<p style=\"text-align: center;\"><span class=\"a-text-bold\" style=\"font-family: georgia, palatino, serif; color: #000000;\">Zerst\u00f6rte St\u00e4dte, ein Leben in Hoffnungslosigkeit und ein gesichtsloser Feind. Was bleibt, wenn deine Welt in Schutt und Asche liegt und du niemandem mehr trauen kannst?<\/span><br \/>\n<span style=\"font-family: georgia, palatino, serif; color: #000000;\">Kurz vor der v\u00f6lligen Vernichtung der Erde stoppen die geheimnisvollen\u00a0<span class=\"a-text-italic\">Schatten<\/span>\u00a0ihre Angriffe. Wie eine stille Drohung kreisen ihre Raumschiffe und Drohnen weiterhin am Himmel.<\/span><br \/>\n<span style=\"font-family: georgia, palatino, serif; color: #000000;\">Zur\u00fcck bleiben Tr\u00fcmmer, zerplatzte Tr\u00e4ume und ein perfides \u00dcberwachungsnetz, in dem jedes menschliche Miteinander fatale Konsequenzen hat.<\/span><br \/>\n<span style=\"font-family: georgia, palatino, serif; color: #000000;\">Misstrauen ersetzt N\u00e4he. Jedes Treffen, jede Ber\u00fchrung, jedes Wort zu viel k\u00f6nnte den Tod bedeuten.<\/span><br \/>\n<span style=\"font-family: georgia, palatino, serif; color: #000000;\">In den Ruinen von Leipzig stellen sich Maik, Anna-Maria, Sebastian und Torben gegen das gnadenlose Regime der\u00a0<span class=\"a-text-italic\">Schatten<\/span>.<\/span><br \/>\n<span style=\"font-family: georgia, palatino, serif; color: #000000;\">In einer Welt ohne Halt k\u00e4mpfen sie nicht nur um ihr eigenes \u00dcberleben, sondern auch um ihre Menschlichkeit. Doch was, wenn der gr\u00f6\u00dfte Feind nicht aus dem All kommt, sondern aus den eigenen Reihen?<\/span><\/p>\n<p><img loading=\"lazy\" decoding=\"async\" class=\"size-full wp-image-128 aligncenter\" src=\"https:\/\/vollausgebucht.net\/wp-content\/uploads\/daru.png\" alt=\"\" width=\"122\" height=\"35\" \/><\/p>\n<p><span style=\"font-family: georgia, palatino, serif; color: #000000;\">Als die Lebensbedingungen auf ihrem Heimatplaneten immer schlechter werden, macht sich das Kontinuum, eine Alienspezies, in der alle miteinander verbunden sind und nur die Gemeinschaft und nicht das einzelne Wesen z\u00e4hlt, sich auf die Suche nach einer neuen Heimat und landen so auf der Erde, deren Bewohner sie zu ihren Untertanen machen. Doch trotz oder gerade wegen ihrer brutalen Herrschaft sto\u00dfen sie auf Widerstand, so auch in Leipzig.\u00a0<\/span><\/p>\n<p><img loading=\"lazy\" decoding=\"async\" class=\"alignnone size-full wp-image-24237\" src=\"https:\/\/vollausgebucht.net\/wp-content\/uploads\/die-welt-im-schatten-so-grau-1n.png\" alt=\"\" width=\"700\" height=\"700\" srcset=\"https:\/\/vollausgebucht.net\/wp-content\/uploads\/die-welt-im-schatten-so-grau-1n.png 700w, https:\/\/vollausgebucht.net\/wp-content\/uploads\/die-welt-im-schatten-so-grau-1n-150x150.png 150w, https:\/\/vollausgebucht.net\/wp-content\/uploads\/die-welt-im-schatten-so-grau-1n-350x350.png 350w\" sizes=\"auto, (max-width: 700px) 100vw, 700px\" \/><\/p>\n<p><img loading=\"lazy\" decoding=\"async\" class=\"size-full wp-image-125 aligncenter\" src=\"https:\/\/vollausgebucht.net\/wp-content\/uploads\/meine-meinung.png\" alt=\"\" width=\"146\" height=\"32\" \/><\/p>\n<p><span style=\"font-family: georgia, palatino, serif; color: #000000;\">Constantin Dupien wirft seine Lesermitten ins Geschehen, denn gleich zu Beginn begleiten sie Maik und seinen Trupp bei einem Angriff auf dem Leipziger Augustusplatz. Es dauert ein wenig, bis man versteht, was hier abgeht, denn unmittelbar darauf springt das Geschehen zum Kontinuum. &#8222;Zum was?&#8220; h\u00f6re ich jetzt schon einige Fragen und das vollkommen zu Recht, also kl\u00e4re ich euch auf. In &#8222;Die Welt im Schatten so grau&#8220; haben Au\u00dferirdische die Erde angegriffen und alles in Schatten geh\u00fcllt. Ihre Raumschiffe kreisen noch immer \u00fcber den St\u00e4dten, Drohnen \u00fcberwachen deren Einwohner, es ist nicht gestattet, sich mit anderen Menschen zusammenzutun, ansonsten wird man kurz und schmerzlos eliminiert. Diesmal spielt dieses Szenario jedoch nicht in Millionenst\u00e4dten wie New York oder London, auch wenn die Eindringlinge auch dort gelandet sind, sondern im doch eher \u00fcberschaubaren Leipzig. Hier f\u00fchrt Maik den Widerstand an und k\u00e4mpft zusammen mit seinen Freunden Torbenund Sebastian. Als er ein weiteres Mal mit ansehen muss, wie ihre Angriffe ins Leere laufen und viele Leben kosten, beschlie\u00dft er zusammen mit seiner Freundin Anna-Maria zu fliehen, sich aus der Stadt zu schleichen und woanders ein neues Leben zu beginnen. Doch dazu kommt es nicht, denn Maik muss auf eine sehr schmerzhafte Art erkennen, dass nicht nur die Au\u00dferirdischen eine Gefahr darstellen.<br \/>\n<\/span><span style=\"font-family: georgia, palatino, serif; color: #000000;\">Ich mag Dystopien, bei Au\u00dferirdischen bin ich allerdings immer etwas skeptisch. Aber hey, das Buch spielt in meiner Heimatstadt, also konnte ich schlecht nein sagen. So hatte ich einen Vorteil gegen\u00fcber anderen Lesern, denn ich kannte viele Orte, die im Buch vorkommen und konnte so tief ins Geschehen eintauchen. Nat\u00fcrlich sagten mir aber l\u00e4ngst nicht alle Schaupl\u00e4tze etwas und so kam ab und an tats\u00e4chlich der Wunsch auf, mir diese oder jene Location mal anzuschauen. Au\u00dferdem mochte ich die Zeitspr\u00fcnge in die Vergangenheit, die zeigen, was f\u00fcr ein Leben die Figuren vor der gro\u00dfen Invasion gef\u00fchrt und wie sie sich weiterentwickelt haben. Anders als in den meisten B\u00fcchern oder Filmen liegt der Hauptaugenmerk hier nicht auf Explosionen und K\u00e4mpfen, sondern der Beziehung der Figuren zueinander, auf Vertrauen, das zu br\u00f6ckeln beginnt, auf Beschuldigungen und genau das gibt dem Geschehen einen sehr dunklen und hoffnungslosen Beigeschmack.<br \/>\n\u00dcberhaupt ist &#8222;Die Welt im Schatten so grau&#8220; eine sehr d\u00fcstere Geschichte, die wenig Hoffnung auf ein gl\u00fcckliches Ende macht und so ganz nebenbei auch anklingen l\u00e4sst, was die Menschheit ihrem Planeten angetan hat und wenn das selbst eine weitgereiste fremde Rasse erkennt, sollten wir das vielleicht auch. Aber ich will gar nicht belehrend den Finger heben, sondern abschlie\u00dfend nur sagen: Wenn ihr neugierig auf eine Alieninvasion au\u00dferhalb von Hollywoods Glitzerwelt seid, dann gebt diesem Buch eine Chance.<\/span><\/p>\n<p><img loading=\"lazy\" decoding=\"async\" class=\"size-full wp-image-298 aligncenter\" src=\"https:\/\/vollausgebucht.net\/wp-content\/uploads\/2020\/05\/fazit2.png\" alt=\"\" width=\"58\" height=\"28\" \/><\/p>\n<p><span style=\"font-family: georgia, palatino, serif; color: #000000;\">Auch wenn Constantin Dupiens postapokalyptischer Roman zu fesseln wei\u00df, hoffe ich doch, dass Leipzig und nat\u00fcrlich auch dem Rest der Welt dieses Schicksal erspart bleibt. Trotzdem hat mich das Buch gut unterhalten und bei mir auch die eine oder andere Frage aufgeworfen, daf\u00fcr vergebe ich 4 von 5 Miezekatzen.<\/span><\/p>\n<p><img loading=\"lazy\" decoding=\"async\" class=\"size-full wp-image-132 aligncenter\" src=\"https:\/\/vollausgebucht.net\/wp-content\/uploads\/miezk.png\" alt=\"\" width=\"267\" height=\"45\" \/><\/p>\n","protected":false},"excerpt":{"rendered":"<p>&#8220; &#8230;Es war eine dieser N\u00e4chte, von denen es so viele gab, seit sich alles ver\u00e4ndert hatte. Seit die Welt aufgeh\u00f6rt hatte, zu existieren, und die H\u00f6lle auf die Erdoberfl\u00e4che umgezogen war. &#8230;&#8220; Zerst\u00f6rte St\u00e4dte, ein Leben in Hoffnungslosigkeit und <a class=\"more-link\" href=\"https:\/\/vollausgebucht.net\/?p=24231\">Weiterlesen\u00a0\u2026<\/a><\/p>\n","protected":false},"author":1,"featured_media":24235,"comment_status":"open","ping_status":"closed","sticky":false,"template":"","format":"standard","meta":{"sfsi_plus_gutenberg_text_before_share":"","sfsi_plus_gutenberg_show_text_before_share":"","sfsi_plus_gutenberg_icon_type":"","sfsi_plus_gutenberg_icon_alignemt":"","sfsi_plus_gutenburg_max_per_row":"","_monsterinsights_skip_tracking":false,"_monsterinsights_sitenote_active":false,"_monsterinsights_sitenote_note":"","_monsterinsights_sitenote_category":0,"footnotes":""},"categories":[5],"tags":[2500,2499,2242,550,485,482,22,450,499,481,491,494,489,492,483,11,493,486,2474,2475,437,487,2501,490,59,495,16,484,6],"class_list":["post-24231","post","type-post","status-publish","format-standard","has-post-thumbnail","hentry","category-rezension","tag-alieninvasion","tag-aliens","tag-ausserirdische","tag-bookish","tag-bookjunkie","tag-booklover","tag-booknerd","tag-books","tag-books-of-instagramm","tag-bookstagram","tag-bookstagram-germany","tag-buchblog","tag-buchblogger","tag-buecher","tag-buecherliebe","tag-buechersuechtig","tag-buecherwurm","tag-buchtipp","tag-constantin-dupien","tag-die-welt-im-schatten-so-grau","tag-dystopie","tag-instabooks","tag-leipzig","tag-leseliebe","tag-leseliste","tag-lesen","tag-leseratte","tag-reading","tag-rezension"],"yoast_head":"<!-- This site is optimized with the Yoast SEO plugin v27.4 - https:\/\/yoast.com\/product\/yoast-seo-wordpress\/ -->\n<title>&quot;Die Welt im Schatten so grau&quot; - Constantin Dupien - Voll ausgebucht<\/title>\n<meta name=\"robots\" content=\"index, follow, max-snippet:-1, max-image-preview:large, max-video-preview:-1\" \/>\n<link rel=\"canonical\" href=\"https:\/\/vollausgebucht.net\/?p=24231\" \/>\n<meta property=\"og:locale\" content=\"de_DE\" \/>\n<meta property=\"og:type\" content=\"article\" \/>\n<meta property=\"og:title\" content=\"&quot;Die Welt im Schatten so grau&quot; - Constantin Dupien - Voll ausgebucht\" \/>\n<meta property=\"og:description\" content=\"&#8220; &#8230;Es war eine dieser N\u00e4chte, von denen es so viele gab, seit sich alles ver\u00e4ndert hatte. Seit die Welt aufgeh\u00f6rt hatte, zu existieren, und die H\u00f6lle auf die Erdoberfl\u00e4che umgezogen war. &#8230;&#8220; Zerst\u00f6rte St\u00e4dte, ein Leben in Hoffnungslosigkeit und Weiterlesen\u00a0\u2026\" \/>\n<meta property=\"og:url\" content=\"https:\/\/vollausgebucht.net\/?p=24231\" \/>\n<meta property=\"og:site_name\" content=\"Voll ausgebucht\" \/>\n<meta property=\"article:published_time\" content=\"2026-03-04T14:16:38+00:00\" \/>\n<meta property=\"article:modified_time\" content=\"2026-03-07T16:05:58+00:00\" \/>\n<meta property=\"og:image\" content=\"https:\/\/vollausgebucht.net\/wp-content\/uploads\/rezi-die-welt-im-schatten-so-grau.png\" \/>\n\t<meta property=\"og:image:width\" content=\"700\" \/>\n\t<meta property=\"og:image:height\" content=\"330\" \/>\n\t<meta property=\"og:image:type\" content=\"image\/png\" \/>\n<meta name=\"author\" content=\"DesKing\" \/>\n<script type=\"application\/ld+json\" class=\"yoast-schema-graph\">{\"@context\":\"https:\\\/\\\/schema.org\",\"@graph\":[{\"@type\":\"Article\",\"@id\":\"https:\\\/\\\/vollausgebucht.net\\\/?p=24231#article\",\"isPartOf\":{\"@id\":\"https:\\\/\\\/vollausgebucht.net\\\/?p=24231\"},\"author\":{\"name\":\"DesKing\",\"@id\":\"https:\\\/\\\/vollausgebucht.net\\\/#\\\/schema\\\/person\\\/a4c2c6f703cf1bac8cf4974558e405c6\"},\"headline\":\"&#8222;Die Welt im Schatten so grau&#8220; &#8211; Constantin Dupien\",\"datePublished\":\"2026-03-04T14:16:38+00:00\",\"dateModified\":\"2026-03-07T16:05:58+00:00\",\"mainEntityOfPage\":{\"@id\":\"https:\\\/\\\/vollausgebucht.net\\\/?p=24231\"},\"wordCount\":770,\"commentCount\":0,\"publisher\":{\"@id\":\"https:\\\/\\\/vollausgebucht.net\\\/#\\\/schema\\\/person\\\/a4c2c6f703cf1bac8cf4974558e405c6\"},\"image\":{\"@id\":\"https:\\\/\\\/vollausgebucht.net\\\/?p=24231#primaryimage\"},\"thumbnailUrl\":\"https:\\\/\\\/vollausgebucht.net\\\/wp-content\\\/uploads\\\/rezi-die-welt-im-schatten-so-grau.png\",\"keywords\":[\"Alieninvasion\",\"Aliens\",\"Au\u00dferirdische\",\"Bookish\",\"Bookjunkie\",\"Booklover\",\"Booknerd\",\"Books\",\"Books of Instagramm\",\"Bookstagram\",\"Bookstagram Germany\",\"Buchblog\",\"Buchblogger\",\"B\u00fccher\",\"B\u00fccherliebe\",\"B\u00fcchers\u00fcchtig\",\"B\u00fccherwurm\",\"Buchtipp\",\"Constantin Dupien\",\"Die Welt im Schatten so grau\",\"Dystopie\",\"Instabooks\",\"Leipzig\",\"Leseliebe\",\"Leseliste\",\"Lesen\",\"Leseratte\",\"Reading\",\"Rezension\"],\"articleSection\":[\"Rezension\"],\"inLanguage\":\"de\",\"potentialAction\":[{\"@type\":\"CommentAction\",\"name\":\"Comment\",\"target\":[\"https:\\\/\\\/vollausgebucht.net\\\/?p=24231#respond\"]}]},{\"@type\":\"WebPage\",\"@id\":\"https:\\\/\\\/vollausgebucht.net\\\/?p=24231\",\"url\":\"https:\\\/\\\/vollausgebucht.net\\\/?p=24231\",\"name\":\"\\\"Die Welt im Schatten so grau\\\" - Constantin Dupien - Voll ausgebucht\",\"isPartOf\":{\"@id\":\"https:\\\/\\\/vollausgebucht.net\\\/#website\"},\"primaryImageOfPage\":{\"@id\":\"https:\\\/\\\/vollausgebucht.net\\\/?p=24231#primaryimage\"},\"image\":{\"@id\":\"https:\\\/\\\/vollausgebucht.net\\\/?p=24231#primaryimage\"},\"thumbnailUrl\":\"https:\\\/\\\/vollausgebucht.net\\\/wp-content\\\/uploads\\\/rezi-die-welt-im-schatten-so-grau.png\",\"datePublished\":\"2026-03-04T14:16:38+00:00\",\"dateModified\":\"2026-03-07T16:05:58+00:00\",\"breadcrumb\":{\"@id\":\"https:\\\/\\\/vollausgebucht.net\\\/?p=24231#breadcrumb\"},\"inLanguage\":\"de\",\"potentialAction\":[{\"@type\":\"ReadAction\",\"target\":[\"https:\\\/\\\/vollausgebucht.net\\\/?p=24231\"]}]},{\"@type\":\"ImageObject\",\"inLanguage\":\"de\",\"@id\":\"https:\\\/\\\/vollausgebucht.net\\\/?p=24231#primaryimage\",\"url\":\"https:\\\/\\\/vollausgebucht.net\\\/wp-content\\\/uploads\\\/rezi-die-welt-im-schatten-so-grau.png\",\"contentUrl\":\"https:\\\/\\\/vollausgebucht.net\\\/wp-content\\\/uploads\\\/rezi-die-welt-im-schatten-so-grau.png\",\"width\":700,\"height\":330},{\"@type\":\"BreadcrumbList\",\"@id\":\"https:\\\/\\\/vollausgebucht.net\\\/?p=24231#breadcrumb\",\"itemListElement\":[{\"@type\":\"ListItem\",\"position\":1,\"name\":\"Startseite\",\"item\":\"https:\\\/\\\/vollausgebucht.net\\\/\"},{\"@type\":\"ListItem\",\"position\":2,\"name\":\"&#8222;Die Welt im Schatten so grau&#8220; &#8211; Constantin Dupien\"}]},{\"@type\":\"WebSite\",\"@id\":\"https:\\\/\\\/vollausgebucht.net\\\/#website\",\"url\":\"https:\\\/\\\/vollausgebucht.net\\\/\",\"name\":\"Voll ausgebucht\",\"description\":\"\",\"publisher\":{\"@id\":\"https:\\\/\\\/vollausgebucht.net\\\/#\\\/schema\\\/person\\\/a4c2c6f703cf1bac8cf4974558e405c6\"},\"potentialAction\":[{\"@type\":\"SearchAction\",\"target\":{\"@type\":\"EntryPoint\",\"urlTemplate\":\"https:\\\/\\\/vollausgebucht.net\\\/?s={search_term_string}\"},\"query-input\":{\"@type\":\"PropertyValueSpecification\",\"valueRequired\":true,\"valueName\":\"search_term_string\"}}],\"inLanguage\":\"de\"},{\"@type\":[\"Person\",\"Organization\"],\"@id\":\"https:\\\/\\\/vollausgebucht.net\\\/#\\\/schema\\\/person\\\/a4c2c6f703cf1bac8cf4974558e405c6\",\"name\":\"DesKing\",\"logo\":{\"@id\":\"https:\\\/\\\/vollausgebucht.net\\\/#\\\/schema\\\/person\\\/image\\\/\"},\"sameAs\":[\"https:\\\/\\\/vollausgebucht.net\"],\"url\":\"https:\\\/\\\/vollausgebucht.net\\\/?author=1\"}]}<\/script>\n<!-- \/ Yoast SEO plugin. -->","yoast_head_json":{"title":"\"Die Welt im Schatten so grau\" - Constantin Dupien - Voll ausgebucht","robots":{"index":"index","follow":"follow","max-snippet":"max-snippet:-1","max-image-preview":"max-image-preview:large","max-video-preview":"max-video-preview:-1"},"canonical":"https:\/\/vollausgebucht.net\/?p=24231","og_locale":"de_DE","og_type":"article","og_title":"\"Die Welt im Schatten so grau\" - Constantin Dupien - Voll ausgebucht","og_description":"&#8220; &#8230;Es war eine dieser N\u00e4chte, von denen es so viele gab, seit sich alles ver\u00e4ndert hatte. Seit die Welt aufgeh\u00f6rt hatte, zu existieren, und die H\u00f6lle auf die Erdoberfl\u00e4che umgezogen war. &#8230;&#8220; Zerst\u00f6rte St\u00e4dte, ein Leben in Hoffnungslosigkeit und Weiterlesen\u00a0\u2026","og_url":"https:\/\/vollausgebucht.net\/?p=24231","og_site_name":"Voll ausgebucht","article_published_time":"2026-03-04T14:16:38+00:00","article_modified_time":"2026-03-07T16:05:58+00:00","og_image":[{"width":700,"height":330,"url":"https:\/\/vollausgebucht.net\/wp-content\/uploads\/rezi-die-welt-im-schatten-so-grau.png","type":"image\/png"}],"author":"DesKing","schema":{"@context":"https:\/\/schema.org","@graph":[{"@type":"Article","@id":"https:\/\/vollausgebucht.net\/?p=24231#article","isPartOf":{"@id":"https:\/\/vollausgebucht.net\/?p=24231"},"author":{"name":"DesKing","@id":"https:\/\/vollausgebucht.net\/#\/schema\/person\/a4c2c6f703cf1bac8cf4974558e405c6"},"headline":"&#8222;Die Welt im Schatten so grau&#8220; &#8211; Constantin Dupien","datePublished":"2026-03-04T14:16:38+00:00","dateModified":"2026-03-07T16:05:58+00:00","mainEntityOfPage":{"@id":"https:\/\/vollausgebucht.net\/?p=24231"},"wordCount":770,"commentCount":0,"publisher":{"@id":"https:\/\/vollausgebucht.net\/#\/schema\/person\/a4c2c6f703cf1bac8cf4974558e405c6"},"image":{"@id":"https:\/\/vollausgebucht.net\/?p=24231#primaryimage"},"thumbnailUrl":"https:\/\/vollausgebucht.net\/wp-content\/uploads\/rezi-die-welt-im-schatten-so-grau.png","keywords":["Alieninvasion","Aliens","Au\u00dferirdische","Bookish","Bookjunkie","Booklover","Booknerd","Books","Books of Instagramm","Bookstagram","Bookstagram Germany","Buchblog","Buchblogger","B\u00fccher","B\u00fccherliebe","B\u00fcchers\u00fcchtig","B\u00fccherwurm","Buchtipp","Constantin Dupien","Die Welt im Schatten so grau","Dystopie","Instabooks","Leipzig","Leseliebe","Leseliste","Lesen","Leseratte","Reading","Rezension"],"articleSection":["Rezension"],"inLanguage":"de","potentialAction":[{"@type":"CommentAction","name":"Comment","target":["https:\/\/vollausgebucht.net\/?p=24231#respond"]}]},{"@type":"WebPage","@id":"https:\/\/vollausgebucht.net\/?p=24231","url":"https:\/\/vollausgebucht.net\/?p=24231","name":"\"Die Welt im Schatten so grau\" - Constantin Dupien - Voll ausgebucht","isPartOf":{"@id":"https:\/\/vollausgebucht.net\/#website"},"primaryImageOfPage":{"@id":"https:\/\/vollausgebucht.net\/?p=24231#primaryimage"},"image":{"@id":"https:\/\/vollausgebucht.net\/?p=24231#primaryimage"},"thumbnailUrl":"https:\/\/vollausgebucht.net\/wp-content\/uploads\/rezi-die-welt-im-schatten-so-grau.png","datePublished":"2026-03-04T14:16:38+00:00","dateModified":"2026-03-07T16:05:58+00:00","breadcrumb":{"@id":"https:\/\/vollausgebucht.net\/?p=24231#breadcrumb"},"inLanguage":"de","potentialAction":[{"@type":"ReadAction","target":["https:\/\/vollausgebucht.net\/?p=24231"]}]},{"@type":"ImageObject","inLanguage":"de","@id":"https:\/\/vollausgebucht.net\/?p=24231#primaryimage","url":"https:\/\/vollausgebucht.net\/wp-content\/uploads\/rezi-die-welt-im-schatten-so-grau.png","contentUrl":"https:\/\/vollausgebucht.net\/wp-content\/uploads\/rezi-die-welt-im-schatten-so-grau.png","width":700,"height":330},{"@type":"BreadcrumbList","@id":"https:\/\/vollausgebucht.net\/?p=24231#breadcrumb","itemListElement":[{"@type":"ListItem","position":1,"name":"Startseite","item":"https:\/\/vollausgebucht.net\/"},{"@type":"ListItem","position":2,"name":"&#8222;Die Welt im Schatten so grau&#8220; &#8211; Constantin Dupien"}]},{"@type":"WebSite","@id":"https:\/\/vollausgebucht.net\/#website","url":"https:\/\/vollausgebucht.net\/","name":"Voll ausgebucht","description":"","publisher":{"@id":"https:\/\/vollausgebucht.net\/#\/schema\/person\/a4c2c6f703cf1bac8cf4974558e405c6"},"potentialAction":[{"@type":"SearchAction","target":{"@type":"EntryPoint","urlTemplate":"https:\/\/vollausgebucht.net\/?s={search_term_string}"},"query-input":{"@type":"PropertyValueSpecification","valueRequired":true,"valueName":"search_term_string"}}],"inLanguage":"de"},{"@type":["Person","Organization"],"@id":"https:\/\/vollausgebucht.net\/#\/schema\/person\/a4c2c6f703cf1bac8cf4974558e405c6","name":"DesKing","logo":{"@id":"https:\/\/vollausgebucht.net\/#\/schema\/person\/image\/"},"sameAs":["https:\/\/vollausgebucht.net"],"url":"https:\/\/vollausgebucht.net\/?author=1"}]}},"_links":{"self":[{"href":"https:\/\/vollausgebucht.net\/index.php?rest_route=\/wp\/v2\/posts\/24231","targetHints":{"allow":["GET"]}}],"collection":[{"href":"https:\/\/vollausgebucht.net\/index.php?rest_route=\/wp\/v2\/posts"}],"about":[{"href":"https:\/\/vollausgebucht.net\/index.php?rest_route=\/wp\/v2\/types\/post"}],"author":[{"embeddable":true,"href":"https:\/\/vollausgebucht.net\/index.php?rest_route=\/wp\/v2\/users\/1"}],"replies":[{"embeddable":true,"href":"https:\/\/vollausgebucht.net\/index.php?rest_route=%2Fwp%2Fv2%2Fcomments&post=24231"}],"version-history":[{"count":13,"href":"https:\/\/vollausgebucht.net\/index.php?rest_route=\/wp\/v2\/posts\/24231\/revisions"}],"predecessor-version":[{"id":24247,"href":"https:\/\/vollausgebucht.net\/index.php?rest_route=\/wp\/v2\/posts\/24231\/revisions\/24247"}],"wp:featuredmedia":[{"embeddable":true,"href":"https:\/\/vollausgebucht.net\/index.php?rest_route=\/wp\/v2\/media\/24235"}],"wp:attachment":[{"href":"https:\/\/vollausgebucht.net\/index.php?rest_route=%2Fwp%2Fv2%2Fmedia&parent=24231"}],"wp:term":[{"taxonomy":"category","embeddable":true,"href":"https:\/\/vollausgebucht.net\/index.php?rest_route=%2Fwp%2Fv2%2Fcategories&post=24231"},{"taxonomy":"post_tag","embeddable":true,"href":"https:\/\/vollausgebucht.net\/index.php?rest_route=%2Fwp%2Fv2%2Ftags&post=24231"}],"curies":[{"name":"wp","href":"https:\/\/api.w.org\/{rel}","templated":true}]}}