{"id":3989,"date":"2021-03-30T16:43:07","date_gmt":"2021-03-30T16:43:07","guid":{"rendered":"https:\/\/vollausgebucht.net\/?p=3989"},"modified":"2022-09-25T12:17:22","modified_gmt":"2022-09-25T12:17:22","slug":"ardennen-andre-wegmann","status":"publish","type":"post","link":"https:\/\/vollausgebucht.net\/?p=3989","title":{"rendered":"&#8222;Ardennen&#8220; &#8211; Andr\u00e9 Wegmann"},"content":{"rendered":"<blockquote><p><span style=\"color: #ffffff;\"><em>&#8220; &#8230; Rittlings auf ihm sitzend, betrachtete sie das Messer mit z\u00e4rtlicher Hingabe. Sie wirkte entr\u00fcckt und schien von ihm und dem, was er gesagt hatte, gar keine Notiz zu nehmen. Sanft ber\u00fchrte sie mit ihren Fingern die Klinge, dann sah sie ihn mit pl\u00f6tzlicher Klarheit an. &#8230;&#8220;\u00a0<\/em><\/span><\/p><\/blockquote>\n<p><img loading=\"lazy\" decoding=\"async\" class=\"size-full wp-image-291 aligncenter\" src=\"https:\/\/vollausgebucht.net\/wp-content\/uploads\/2020\/05\/klap.png\" alt=\"\" width=\"112\" height=\"31\" \/><\/p>\n<p style=\"text-align: center;\"><span style=\"font-family: georgia, palatino, serif; color: #000000;\">Privatermittler Christian Harms wird von seiner Nichte gebeten, einen verschwundenen Freund aufzusp\u00fcren. Die Suche nach dem jungen Mann f\u00fchrt Harms in die belgischen Ardennen, eine mystisch anmutende Naturlandschaft mit ausgedehnten W\u00e4ldern, schrulligen Einheimischen und abgelegenen H\u00f6fen, die tiefe menschliche Abgr\u00fcnde bergen. Bald verschwinden weitere Menschen und die Zeit tickt, denn ihnen allen droht ein schreckliches Schicksal. Doch das ist noch nicht das Schlimmste, denn in den N\u00e4chten streift jemand oder etwas mit einem uners\u00e4ttlichen Appetit nach Fleisch und Blut durch die urt\u00fcmlichen W\u00e4lder \u2026<\/span><\/p>\n<p style=\"text-align: center;\"><span style=\"font-family: georgia, palatino, serif; color: #000000;\">Ein erbarmungsloser Harms-Thriller mit Horror- und Mystik-Elementen<\/span><\/p>\n<p><img loading=\"lazy\" decoding=\"async\" class=\"size-full wp-image-128 aligncenter\" src=\"https:\/\/vollausgebucht.net\/wp-content\/uploads\/daru.png\" alt=\"\" width=\"122\" height=\"35\" \/><span style=\"font-family: georgia, palatino, serif; color: #000000;\">Seit einem Schlaganfall leidet Jan an Wortfindungsst\u00f6rungen, er ist sch\u00fcchtern und einsam.<\/span><br \/>\n<span style=\"font-family: georgia, palatino, serif; color: #000000;\">Zum Gl\u00fcck gibt es Tinder, da trifft er auf die Barbara, \u00e4lter als er, aber vollbusig und einem Treffen nicht abgeneigt und so landet er gleich am ersten Abend bei ihr zu Hause, oder besser gesagt auf einem Hof mitten im Wald.<\/span><br \/>\n<span style=\"font-family: georgia, palatino, serif; color: #000000;\">Barbara ist Fleischerin und schein ihren Job zu lieben, als jedoch pl\u00f6tzlich Messer im Bett auftauchen, wird er etwas stutzig. Nachdem er einen Lappen ins Gesicht gedr\u00fcckt bekommt, wacht er schlie\u00dflich in einem K\u00e4fig auf und er ist nicht der einzige Gefangene.<br \/>\nGl\u00fccklicherweise ist seine beste Freundin die Nichte von Privatermittler Christian Harms und als die nichts mehr von Jan h\u00f6rt, wendet sie sich an ihren Onkel. &#8230;<\/span><\/p>\n<p><img loading=\"lazy\" decoding=\"async\" class=\"size-full wp-image-3992 aligncenter\" src=\"https:\/\/vollausgebucht.net\/wp-content\/uploads\/ardennen2.png\" alt=\"\" width=\"600\" height=\"600\" srcset=\"https:\/\/vollausgebucht.net\/wp-content\/uploads\/ardennen2.png 600w, https:\/\/vollausgebucht.net\/wp-content\/uploads\/ardennen2-350x350.png 350w, https:\/\/vollausgebucht.net\/wp-content\/uploads\/ardennen2-150x150.png 150w\" sizes=\"auto, (max-width: 600px) 100vw, 600px\" \/><\/p>\n<p><span style=\"font-family: georgia, palatino, serif;\"><img loading=\"lazy\" decoding=\"async\" class=\"size-full wp-image-125 aligncenter\" src=\"https:\/\/vollausgebucht.net\/wp-content\/uploads\/meine-meinung.png\" alt=\"\" width=\"146\" height=\"32\" \/><span style=\"color: #000000;\">Nachdem Christan Harms im Vorg\u00e4nger einen &#8222;Dschinn&#8220; bek\u00e4mpft hat, verschl\u00e4gt es ihn diesmal in den belgischen Teil der Ardennen, denn dort wurde Jans Handysignal zuletzt geortet.<\/span><\/span><br \/>\n<span style=\"font-family: georgia, palatino, serif; color: #000000;\">In der Gegend sind bereits mehrere Menschen verschwunden und Harms muss am eigenen Leib erfahren, dass alte Legenden manchmal tats\u00e4chlich mehr sind, als nur gruselige Gute-Nacht-Geschichten.<\/span><br \/>\n<span style=\"font-family: georgia, palatino, serif; color: #000000;\">Den Papageienliebhaber Harms habe ich bereits bei &#8222;Dschinn&#8220; ins Herz geschlossen und mich dementsprechend auf den zweiten Band gefreut.<br \/>\nAuch wenn er von den vorangegangenen Ereignissen noch etwas mitgenommen ist, so z\u00f6gert er doch nicht, seiner Nichte zu Hilfe zu eilen und macht sich auf den Weg nach Belgien.<\/span><br \/>\n<span style=\"font-family: georgia, palatino, serif; color: #000000;\">Ich habe mir sagen lassen, es gibt Leute, die die Abgeschiedenheit der W\u00e4lder m\u00f6gen, allerdings sieht man das wohl etwas anders, wenn man sein Dasein in einem K\u00e4fig auf einem abgelegenen Hof fristet, aber Jan kann da sicherlich mehr dazu erz\u00e4hlen.<\/span><br \/>\n<span style=\"font-family: georgia, palatino, serif; color: #000000;\">Wobei ich mir bei ihm immer noch nicht so ganz sicher bin, was ich von ihm halten soll.<\/span><br \/>\n<span style=\"font-family: georgia, palatino, serif; color: #000000;\">Ja, er ist einsam und verzweifelt, sucht N\u00e4he und ist sofort f\u00fcr ein Sch\u00e4ferst\u00fcndchen mit der drallen Fleischerin zu haben. Zwar entspricht sie nicht so ganz seinem Geschmack, aber immerhin hat sie monsterm\u00e4\u00dfige Titten. Nun gut, ich lass das mal so stehen, muss allerdings zugeben, dass sich mein Mitleid mit ihm ein bisschen in Grenzen hielt, man m\u00f6ge mir dies verzeihen.^^<br \/>\n\u00dcberhaupt frage ich mich immer wieder, wie man in n\u00fcchternem Zustand einem Wildfremden nach Hause folgen kann. Meist tun das ja nur Frauen, die von einem Mann total fasziniert sind, aber es scheint auch andersrum zu klappen, sogar, wenn man das Gegen\u00fcber gar nicht so wirklich attraktiv findet &#8230;<br \/>\nDas Setting, das <span style=\"text-decoration: underline;\"><a style=\"color: #000000; text-decoration: underline;\" href=\"https:\/\/www.facebook.com\/andre.wegmann.9\">Andr\u00e9 Wegmann<\/a><\/span> f\u00fcr sein Buch <span style=\"text-decoration: underline;\"><a style=\"color: #000000; text-decoration: underline;\" href=\"https:\/\/www.redrum-verlag.de\/ardennen.html\">&#8222;Ardennen&#8220;<\/a><\/span> gew\u00e4hlt hat, ist faszinierend, endlose W\u00e4lder und nat\u00fcrlich etwas verschrobene Einheimische, die perfekte Kombination. Als Eindringling ist man da nicht willkommen, als Schn\u00fcffler noch weniger.<br \/>\nDen \u00fcbernat\u00fcrlichen Touch h\u00e4tte es f\u00fcr mich gar nicht gebraucht, die Geschichte w\u00e4re auch so stimmig gewesen, zumal die Story fl\u00fcssig und spannend geschrieben ist. Die Kapitel selbst sind nicht allzu lang und spielen abwechselnd in Vergangenheit und Gegenwart. Die Charaktere haben eine Hintergrundgeschichte, so dass man ihre Handlungen nachvollziehen kann und an so manch unangenehmer Stelle f\u00fchlte es sich tats\u00e4chlich an, als w\u00e4re ich mitten im Geschehen, zum Gl\u00fcck habe ich dann aber doch erkannt, dass ich nur mit dem Buch in der Hand auf der Couch liege und nicht in einem stinkenden K\u00e4fig feststecke.^^<\/span><\/p>\n<p><img loading=\"lazy\" decoding=\"async\" class=\"size-full wp-image-298 aligncenter\" src=\"https:\/\/vollausgebucht.net\/wp-content\/uploads\/2020\/05\/fazit2.png\" alt=\"\" width=\"58\" height=\"28\" \/><span style=\"font-family: georgia, palatino, serif; color: #000000;\">Auch mit dem zweiten Fall von Christian Harms hat Andr\u00e9 Wegmann mich wieder \u00fcberzeugt, allein schon, weil dunkle W\u00e4lder bei mir immer eine G\u00e4nsehaut verursachen.<\/span><br \/>\n<span style=\"font-family: georgia, palatino, serif; color: #000000;\">Ich bin gespannt, wohin seine Ermittlungen Christian Harms beim n\u00e4chsten mal f\u00fchren, Mythen und Legenden gibt es ja viele.<\/span><br \/>\n<span style=\"font-family: georgia, palatino, serif; color: #000000;\">Bis dahin gibt es von mir erstmal 4 von 5 Miezekatzen und den Tipp, den n\u00e4chsten Urlaub, sollte der tats\u00e4chlich kommen, besser in besiedelteren Gebieten zu verbringen.^^<\/span><\/p>\n<p><img loading=\"lazy\" decoding=\"async\" class=\"size-full wp-image-132 aligncenter\" src=\"https:\/\/vollausgebucht.net\/wp-content\/uploads\/miezk.png\" alt=\"\" width=\"267\" height=\"45\" \/><\/p>\n<p><img loading=\"lazy\" decoding=\"async\" class=\"alignnone size-full wp-image-3991\" src=\"https:\/\/vollausgebucht.net\/wp-content\/uploads\/ardennen1.png\" alt=\"\" width=\"700\" height=\"356\" srcset=\"https:\/\/vollausgebucht.net\/wp-content\/uploads\/ardennen1.png 700w, https:\/\/vollausgebucht.net\/wp-content\/uploads\/ardennen1-350x178.png 350w, https:\/\/vollausgebucht.net\/wp-content\/uploads\/ardennen1-295x150.png 295w\" sizes=\"auto, (max-width: 700px) 100vw, 700px\" \/><\/p>\n<p><span style=\"text-decoration: underline;\"><span style=\"color: #000000; text-decoration: underline;\"><a style=\"color: #000000; text-decoration: underline;\" href=\"https:\/\/vollausgebucht.net\/?p=4008\"><span style=\"font-family: georgia, palatino, serif;\">01. &#8222;Dschinn&#8220;<\/span><\/a><\/span><\/span><br \/>\n<span style=\"font-family: georgia, palatino, serif; color: #3366ff;\">02. &#8222;Ardennen&#8220;<\/span><\/p>\n","protected":false},"excerpt":{"rendered":"<p>&#8220; &#8230; Rittlings auf ihm sitzend, betrachtete sie das Messer mit z\u00e4rtlicher Hingabe. Sie wirkte entr\u00fcckt und schien von ihm und dem, was er gesagt hatte, gar keine Notiz zu nehmen. Sanft ber\u00fchrte sie mit ihren Fingern die Klinge, dann <a class=\"more-link\" href=\"https:\/\/vollausgebucht.net\/?p=3989\">Weiterlesen\u00a0\u2026<\/a><\/p>\n","protected":false},"author":1,"featured_media":3990,"comment_status":"open","ping_status":"closed","sticky":false,"template":"","format":"standard","meta":{"sfsi_plus_gutenberg_text_before_share":"","sfsi_plus_gutenberg_show_text_before_share":"","sfsi_plus_gutenberg_icon_type":"","sfsi_plus_gutenberg_icon_alignemt":"","sfsi_plus_gutenburg_max_per_row":"","_monsterinsights_skip_tracking":false,"_monsterinsights_sitenote_active":false,"_monsterinsights_sitenote_note":"","_monsterinsights_sitenote_category":0,"footnotes":""},"categories":[5],"tags":[594,595,550,485,482,22,450,499,481,491,494,489,492,483,11,493,27,487,490,59,495,16,484,6,7],"class_list":["post-3989","post","type-post","status-publish","format-standard","has-post-thumbnail","hentry","category-rezension","tag-andre-wegmann","tag-ardennen","tag-bookish","tag-bookjunkie","tag-booklover","tag-booknerd","tag-books","tag-books-of-instagramm","tag-bookstagram","tag-bookstagram-germany","tag-buchblog","tag-buchblogger","tag-buecher","tag-buecherliebe","tag-buechersuechtig","tag-buecherwurm","tag-horror","tag-instabooks","tag-leseliebe","tag-leseliste","tag-lesen","tag-leseratte","tag-reading","tag-rezension","tag-voll-ausgebucht"],"yoast_head":"<!-- This site is optimized with the Yoast SEO plugin v27.5 - https:\/\/yoast.com\/product\/yoast-seo-wordpress\/ -->\n<title>&quot;Ardennen&quot; - Andr\u00e9 Wegmann - Voll ausgebucht<\/title>\n<meta name=\"robots\" content=\"index, follow, max-snippet:-1, max-image-preview:large, max-video-preview:-1\" \/>\n<link rel=\"canonical\" href=\"https:\/\/vollausgebucht.net\/?p=3989\" \/>\n<meta property=\"og:locale\" content=\"de_DE\" \/>\n<meta property=\"og:type\" content=\"article\" \/>\n<meta property=\"og:title\" content=\"&quot;Ardennen&quot; - Andr\u00e9 Wegmann - Voll ausgebucht\" \/>\n<meta property=\"og:description\" content=\"&#8220; &#8230; Rittlings auf ihm sitzend, betrachtete sie das Messer mit z\u00e4rtlicher Hingabe. Sie wirkte entr\u00fcckt und schien von ihm und dem, was er gesagt hatte, gar keine Notiz zu nehmen. Sanft ber\u00fchrte sie mit ihren Fingern die Klinge, dann Weiterlesen\u00a0\u2026\" \/>\n<meta property=\"og:url\" content=\"https:\/\/vollausgebucht.net\/?p=3989\" \/>\n<meta property=\"og:site_name\" content=\"Voll ausgebucht\" \/>\n<meta property=\"article:published_time\" content=\"2021-03-30T16:43:07+00:00\" \/>\n<meta property=\"article:modified_time\" content=\"2022-09-25T12:17:22+00:00\" \/>\n<meta property=\"og:image\" content=\"https:\/\/vollausgebucht.net\/wp-content\/uploads\/reziardennen.png\" \/>\n\t<meta property=\"og:image:width\" content=\"700\" \/>\n\t<meta property=\"og:image:height\" content=\"323\" \/>\n\t<meta property=\"og:image:type\" content=\"image\/png\" \/>\n<meta name=\"author\" content=\"DesKing\" \/>\n<script type=\"application\/ld+json\" class=\"yoast-schema-graph\">{\"@context\":\"https:\\\/\\\/schema.org\",\"@graph\":[{\"@type\":\"Article\",\"@id\":\"https:\\\/\\\/vollausgebucht.net\\\/?p=3989#article\",\"isPartOf\":{\"@id\":\"https:\\\/\\\/vollausgebucht.net\\\/?p=3989\"},\"author\":{\"name\":\"DesKing\",\"@id\":\"https:\\\/\\\/vollausgebucht.net\\\/#\\\/schema\\\/person\\\/a4c2c6f703cf1bac8cf4974558e405c6\"},\"headline\":\"&#8222;Ardennen&#8220; &#8211; Andr\u00e9 Wegmann\",\"datePublished\":\"2021-03-30T16:43:07+00:00\",\"dateModified\":\"2022-09-25T12:17:22+00:00\",\"mainEntityOfPage\":{\"@id\":\"https:\\\/\\\/vollausgebucht.net\\\/?p=3989\"},\"wordCount\":790,\"commentCount\":1,\"publisher\":{\"@id\":\"https:\\\/\\\/vollausgebucht.net\\\/#\\\/schema\\\/person\\\/a4c2c6f703cf1bac8cf4974558e405c6\"},\"image\":{\"@id\":\"https:\\\/\\\/vollausgebucht.net\\\/?p=3989#primaryimage\"},\"thumbnailUrl\":\"https:\\\/\\\/vollausgebucht.net\\\/wp-content\\\/uploads\\\/reziardennen.png\",\"keywords\":[\"Andr\u00e9 Wegmann\",\"Ardennen\",\"Bookish\",\"Bookjunkie\",\"Booklover\",\"Booknerd\",\"Books\",\"Books of Instagramm\",\"Bookstagram\",\"Bookstagram Germany\",\"Buchblog\",\"Buchblogger\",\"B\u00fccher\",\"B\u00fccherliebe\",\"B\u00fcchers\u00fcchtig\",\"B\u00fccherwurm\",\"Horror\",\"Instabooks\",\"Leseliebe\",\"Leseliste\",\"Lesen\",\"Leseratte\",\"Reading\",\"Rezension\",\"Voll ausgebucht\"],\"articleSection\":[\"Rezension\"],\"inLanguage\":\"de\",\"potentialAction\":[{\"@type\":\"CommentAction\",\"name\":\"Comment\",\"target\":[\"https:\\\/\\\/vollausgebucht.net\\\/?p=3989#respond\"]}]},{\"@type\":\"WebPage\",\"@id\":\"https:\\\/\\\/vollausgebucht.net\\\/?p=3989\",\"url\":\"https:\\\/\\\/vollausgebucht.net\\\/?p=3989\",\"name\":\"\\\"Ardennen\\\" - Andr\u00e9 Wegmann - Voll ausgebucht\",\"isPartOf\":{\"@id\":\"https:\\\/\\\/vollausgebucht.net\\\/#website\"},\"primaryImageOfPage\":{\"@id\":\"https:\\\/\\\/vollausgebucht.net\\\/?p=3989#primaryimage\"},\"image\":{\"@id\":\"https:\\\/\\\/vollausgebucht.net\\\/?p=3989#primaryimage\"},\"thumbnailUrl\":\"https:\\\/\\\/vollausgebucht.net\\\/wp-content\\\/uploads\\\/reziardennen.png\",\"datePublished\":\"2021-03-30T16:43:07+00:00\",\"dateModified\":\"2022-09-25T12:17:22+00:00\",\"breadcrumb\":{\"@id\":\"https:\\\/\\\/vollausgebucht.net\\\/?p=3989#breadcrumb\"},\"inLanguage\":\"de\",\"potentialAction\":[{\"@type\":\"ReadAction\",\"target\":[\"https:\\\/\\\/vollausgebucht.net\\\/?p=3989\"]}]},{\"@type\":\"ImageObject\",\"inLanguage\":\"de\",\"@id\":\"https:\\\/\\\/vollausgebucht.net\\\/?p=3989#primaryimage\",\"url\":\"https:\\\/\\\/vollausgebucht.net\\\/wp-content\\\/uploads\\\/reziardennen.png\",\"contentUrl\":\"https:\\\/\\\/vollausgebucht.net\\\/wp-content\\\/uploads\\\/reziardennen.png\",\"width\":700,\"height\":323},{\"@type\":\"BreadcrumbList\",\"@id\":\"https:\\\/\\\/vollausgebucht.net\\\/?p=3989#breadcrumb\",\"itemListElement\":[{\"@type\":\"ListItem\",\"position\":1,\"name\":\"Startseite\",\"item\":\"https:\\\/\\\/vollausgebucht.net\\\/\"},{\"@type\":\"ListItem\",\"position\":2,\"name\":\"&#8222;Ardennen&#8220; &#8211; Andr\u00e9 Wegmann\"}]},{\"@type\":\"WebSite\",\"@id\":\"https:\\\/\\\/vollausgebucht.net\\\/#website\",\"url\":\"https:\\\/\\\/vollausgebucht.net\\\/\",\"name\":\"Voll ausgebucht\",\"description\":\"\",\"publisher\":{\"@id\":\"https:\\\/\\\/vollausgebucht.net\\\/#\\\/schema\\\/person\\\/a4c2c6f703cf1bac8cf4974558e405c6\"},\"potentialAction\":[{\"@type\":\"SearchAction\",\"target\":{\"@type\":\"EntryPoint\",\"urlTemplate\":\"https:\\\/\\\/vollausgebucht.net\\\/?s={search_term_string}\"},\"query-input\":{\"@type\":\"PropertyValueSpecification\",\"valueRequired\":true,\"valueName\":\"search_term_string\"}}],\"inLanguage\":\"de\"},{\"@type\":[\"Person\",\"Organization\"],\"@id\":\"https:\\\/\\\/vollausgebucht.net\\\/#\\\/schema\\\/person\\\/a4c2c6f703cf1bac8cf4974558e405c6\",\"name\":\"DesKing\",\"logo\":{\"@id\":\"https:\\\/\\\/vollausgebucht.net\\\/#\\\/schema\\\/person\\\/image\\\/\"},\"sameAs\":[\"https:\\\/\\\/vollausgebucht.net\"],\"url\":\"https:\\\/\\\/vollausgebucht.net\\\/?author=1\"}]}<\/script>\n<!-- \/ Yoast SEO plugin. -->","yoast_head_json":{"title":"\"Ardennen\" - Andr\u00e9 Wegmann - Voll ausgebucht","robots":{"index":"index","follow":"follow","max-snippet":"max-snippet:-1","max-image-preview":"max-image-preview:large","max-video-preview":"max-video-preview:-1"},"canonical":"https:\/\/vollausgebucht.net\/?p=3989","og_locale":"de_DE","og_type":"article","og_title":"\"Ardennen\" - Andr\u00e9 Wegmann - Voll ausgebucht","og_description":"&#8220; &#8230; Rittlings auf ihm sitzend, betrachtete sie das Messer mit z\u00e4rtlicher Hingabe. Sie wirkte entr\u00fcckt und schien von ihm und dem, was er gesagt hatte, gar keine Notiz zu nehmen. Sanft ber\u00fchrte sie mit ihren Fingern die Klinge, dann Weiterlesen\u00a0\u2026","og_url":"https:\/\/vollausgebucht.net\/?p=3989","og_site_name":"Voll ausgebucht","article_published_time":"2021-03-30T16:43:07+00:00","article_modified_time":"2022-09-25T12:17:22+00:00","og_image":[{"width":700,"height":323,"url":"https:\/\/vollausgebucht.net\/wp-content\/uploads\/reziardennen.png","type":"image\/png"}],"author":"DesKing","schema":{"@context":"https:\/\/schema.org","@graph":[{"@type":"Article","@id":"https:\/\/vollausgebucht.net\/?p=3989#article","isPartOf":{"@id":"https:\/\/vollausgebucht.net\/?p=3989"},"author":{"name":"DesKing","@id":"https:\/\/vollausgebucht.net\/#\/schema\/person\/a4c2c6f703cf1bac8cf4974558e405c6"},"headline":"&#8222;Ardennen&#8220; &#8211; Andr\u00e9 Wegmann","datePublished":"2021-03-30T16:43:07+00:00","dateModified":"2022-09-25T12:17:22+00:00","mainEntityOfPage":{"@id":"https:\/\/vollausgebucht.net\/?p=3989"},"wordCount":790,"commentCount":1,"publisher":{"@id":"https:\/\/vollausgebucht.net\/#\/schema\/person\/a4c2c6f703cf1bac8cf4974558e405c6"},"image":{"@id":"https:\/\/vollausgebucht.net\/?p=3989#primaryimage"},"thumbnailUrl":"https:\/\/vollausgebucht.net\/wp-content\/uploads\/reziardennen.png","keywords":["Andr\u00e9 Wegmann","Ardennen","Bookish","Bookjunkie","Booklover","Booknerd","Books","Books of Instagramm","Bookstagram","Bookstagram Germany","Buchblog","Buchblogger","B\u00fccher","B\u00fccherliebe","B\u00fcchers\u00fcchtig","B\u00fccherwurm","Horror","Instabooks","Leseliebe","Leseliste","Lesen","Leseratte","Reading","Rezension","Voll ausgebucht"],"articleSection":["Rezension"],"inLanguage":"de","potentialAction":[{"@type":"CommentAction","name":"Comment","target":["https:\/\/vollausgebucht.net\/?p=3989#respond"]}]},{"@type":"WebPage","@id":"https:\/\/vollausgebucht.net\/?p=3989","url":"https:\/\/vollausgebucht.net\/?p=3989","name":"\"Ardennen\" - Andr\u00e9 Wegmann - Voll ausgebucht","isPartOf":{"@id":"https:\/\/vollausgebucht.net\/#website"},"primaryImageOfPage":{"@id":"https:\/\/vollausgebucht.net\/?p=3989#primaryimage"},"image":{"@id":"https:\/\/vollausgebucht.net\/?p=3989#primaryimage"},"thumbnailUrl":"https:\/\/vollausgebucht.net\/wp-content\/uploads\/reziardennen.png","datePublished":"2021-03-30T16:43:07+00:00","dateModified":"2022-09-25T12:17:22+00:00","breadcrumb":{"@id":"https:\/\/vollausgebucht.net\/?p=3989#breadcrumb"},"inLanguage":"de","potentialAction":[{"@type":"ReadAction","target":["https:\/\/vollausgebucht.net\/?p=3989"]}]},{"@type":"ImageObject","inLanguage":"de","@id":"https:\/\/vollausgebucht.net\/?p=3989#primaryimage","url":"https:\/\/vollausgebucht.net\/wp-content\/uploads\/reziardennen.png","contentUrl":"https:\/\/vollausgebucht.net\/wp-content\/uploads\/reziardennen.png","width":700,"height":323},{"@type":"BreadcrumbList","@id":"https:\/\/vollausgebucht.net\/?p=3989#breadcrumb","itemListElement":[{"@type":"ListItem","position":1,"name":"Startseite","item":"https:\/\/vollausgebucht.net\/"},{"@type":"ListItem","position":2,"name":"&#8222;Ardennen&#8220; &#8211; Andr\u00e9 Wegmann"}]},{"@type":"WebSite","@id":"https:\/\/vollausgebucht.net\/#website","url":"https:\/\/vollausgebucht.net\/","name":"Voll ausgebucht","description":"","publisher":{"@id":"https:\/\/vollausgebucht.net\/#\/schema\/person\/a4c2c6f703cf1bac8cf4974558e405c6"},"potentialAction":[{"@type":"SearchAction","target":{"@type":"EntryPoint","urlTemplate":"https:\/\/vollausgebucht.net\/?s={search_term_string}"},"query-input":{"@type":"PropertyValueSpecification","valueRequired":true,"valueName":"search_term_string"}}],"inLanguage":"de"},{"@type":["Person","Organization"],"@id":"https:\/\/vollausgebucht.net\/#\/schema\/person\/a4c2c6f703cf1bac8cf4974558e405c6","name":"DesKing","logo":{"@id":"https:\/\/vollausgebucht.net\/#\/schema\/person\/image\/"},"sameAs":["https:\/\/vollausgebucht.net"],"url":"https:\/\/vollausgebucht.net\/?author=1"}]}},"_links":{"self":[{"href":"https:\/\/vollausgebucht.net\/index.php?rest_route=\/wp\/v2\/posts\/3989","targetHints":{"allow":["GET"]}}],"collection":[{"href":"https:\/\/vollausgebucht.net\/index.php?rest_route=\/wp\/v2\/posts"}],"about":[{"href":"https:\/\/vollausgebucht.net\/index.php?rest_route=\/wp\/v2\/types\/post"}],"author":[{"embeddable":true,"href":"https:\/\/vollausgebucht.net\/index.php?rest_route=\/wp\/v2\/users\/1"}],"replies":[{"embeddable":true,"href":"https:\/\/vollausgebucht.net\/index.php?rest_route=%2Fwp%2Fv2%2Fcomments&post=3989"}],"version-history":[{"count":0,"href":"https:\/\/vollausgebucht.net\/index.php?rest_route=\/wp\/v2\/posts\/3989\/revisions"}],"wp:featuredmedia":[{"embeddable":true,"href":"https:\/\/vollausgebucht.net\/index.php?rest_route=\/wp\/v2\/media\/3990"}],"wp:attachment":[{"href":"https:\/\/vollausgebucht.net\/index.php?rest_route=%2Fwp%2Fv2%2Fmedia&parent=3989"}],"wp:term":[{"taxonomy":"category","embeddable":true,"href":"https:\/\/vollausgebucht.net\/index.php?rest_route=%2Fwp%2Fv2%2Fcategories&post=3989"},{"taxonomy":"post_tag","embeddable":true,"href":"https:\/\/vollausgebucht.net\/index.php?rest_route=%2Fwp%2Fv2%2Ftags&post=3989"}],"curies":[{"name":"wp","href":"https:\/\/api.w.org\/{rel}","templated":true}]}}