{"id":4881,"date":"2021-05-24T14:06:14","date_gmt":"2021-05-24T14:06:14","guid":{"rendered":"https:\/\/vollausgebucht.net\/?p=4881"},"modified":"2021-06-04T21:31:28","modified_gmt":"2021-06-04T21:31:28","slug":"the-stand-das-letzte-gefecht-2-roberto-aguirre-sacasa-mike-perkins","status":"publish","type":"post","link":"https:\/\/vollausgebucht.net\/?p=4881","title":{"rendered":"&#8222;The Stand&#8220; Band 2 &#8211; Stephen King, Roberto Aguirre-Sacasa, Mike Perkins"},"content":{"rendered":"<blockquote><p><span style=\"font-family: georgia, palatino, serif; color: #ffffff;\"><em>&#8222;Jeder hatte eine Nadel, und vielleicht n\u00e4hten sie gemeinsam an einer warmen Decke f\u00fcr den bevorstehenden Winter &#8230; vielleicht n\u00e4hten sie aber nach einer kurzen Pause auch nur am letzten Leichentuch der Menschheit &#8230;&#8220;<\/em><\/span><\/p><\/blockquote>\n<p><img loading=\"lazy\" decoding=\"async\" class=\"size-full wp-image-291 aligncenter\" src=\"https:\/\/vollausgebucht.net\/wp-content\/uploads\/2020\/05\/klap.png\" alt=\"\" width=\"112\" height=\"31\" \/><\/p>\n<p style=\"text-align: center;\"><span style=\"font-family: georgia, palatino, serif; color: #000000;\">Im Albtraum gefangen:<\/span><br \/>\n<span style=\"font-family: georgia, palatino, serif; color: #000000;\"> Als w\u00e4re der allt\u00e4gliche Kampf um das schiere \u00dcberleben in der postapokalyptischen Welt, die das Grippevirus \u201cCaptain Trips\u201c zur\u00fcckgelassen hat, nicht schon Herausforderung genug, finden die Wenigen, die die Pandemie \u00fcberstanden haben, auch des Nachts und in ihrem Tr\u00e4umen keine Ruhe. Gibt ihnen die Vision der alten Frau Mutter Abagail, die auf einer Veranda in Nebraska sitzt und Gitarre spielt, noch ein wenig Hoffnung auf eine lebenswerte Zukunft, sorgen die d\u00fcsteren Bilder, die Randall Flagg in ihre K\u00f6pfe projiziert, f\u00fcr Verzweiflung. Doch die Erkenntnis w\u00e4chst, dass nur ein gemeinsamer Kampf das B\u00f6se davon abhalten kann, das finale Ende der Welt einzul\u00e4uten. Aber die Macht des dunklen Mannes ist gro\u00df \u2013 und nicht wenige fallen auf seine Verf\u00fchrungsk\u00fcnste herein und lassen sich in seine b\u00f6sen Machenschaften verstricken.<\/span><\/p>\n<p><img loading=\"lazy\" decoding=\"async\" class=\"size-full wp-image-128 aligncenter\" src=\"https:\/\/vollausgebucht.net\/wp-content\/uploads\/daru.png\" alt=\"\" width=\"122\" height=\"35\" \/><span style=\"font-family: georgia, palatino, serif; color: #000000;\">Nick trifft auf Tom, Larry auf Nadine, beide Gruppen werden st\u00e4ndig gr\u00f6\u00dfer und machen sich auf den Weg zu Mutter Abagail, von der sie alle tr\u00e4umen. Auch Harold, Stu und Frannie zieht es zu der alten Dame, doch in Harold schlummert etwas Dunkles, das mehr und mehr Besitz von ihm ergreift.<\/span><br \/>\n<span style=\"font-family: georgia, palatino, serif; color: #000000;\">Und auch der dunkle Mann beginnt damit, seine Leute zu sich zu rufen, das letzte Gefecht, die Schlacht von gut gegen b\u00f6se steht unmittelbar bevor.<\/span><\/p>\n<p><img loading=\"lazy\" decoding=\"async\" class=\"size-full wp-image-4884 aligncenter\" src=\"https:\/\/vollausgebucht.net\/wp-content\/uploads\/stand21.png\" alt=\"\" width=\"600\" height=\"600\" srcset=\"https:\/\/vollausgebucht.net\/wp-content\/uploads\/stand21.png 600w, https:\/\/vollausgebucht.net\/wp-content\/uploads\/stand21-350x350.png 350w, https:\/\/vollausgebucht.net\/wp-content\/uploads\/stand21-150x150.png 150w\" sizes=\"auto, (max-width: 600px) 100vw, 600px\" \/><\/p>\n<p><img loading=\"lazy\" decoding=\"async\" class=\"size-full wp-image-125 aligncenter\" src=\"https:\/\/vollausgebucht.net\/wp-content\/uploads\/meine-meinung.png\" alt=\"\" width=\"146\" height=\"32\" \/><\/p>\n<p><span style=\"font-family: georgia, palatino, serif; color: #000000;\">Ich glaube, ich erw\u00e4hnte es schon mal, ich liebe &#8222;The Stand&#8220; und das Buch hat mich zusammen mit &#8222;Es&#8220; durch meine Jugend begleitet und darum war ich tats\u00e4chlich etwas skeptisch, aber ebenso gespannt, ob mich die Story auch in Bildform \u00fcberzeugen w\u00fcrde. Band 1 hat das getan, nur einen hab ich schmerzlich vermisst.<br \/>\nAber gleich auf der ersten Seite der Fortsetzung taucht er auf, Tom Cullen, das schreibt man M-O-N-D, einer\u00a0 meiner Lieblingscharaktere .<\/span><br \/>\n<span style=\"font-family: georgia, palatino, serif; color: #000000;\">Ich finde es nach wie vor sehr faszinierend, wie man den dicken W\u00e4lzer in Bilder verpackt hat und wie die Charaktere meiner Vorstellung entsprechen, gut, wahrscheinlich liegt das daran, dass sie den Figuren der alten Miniserie sehr \u00e4hnlich sind. Die neue hab ich mir noch nicht angetan, aber besonders viel Lob hat sie ja nicht eingeheimst.<\/span><br \/>\n<span style=\"font-family: georgia, palatino, serif; color: #000000;\"> Nat\u00fcrlich fehlen im Comic manche Dinge oder es gibt eben nur einen kurzen \u00dcberblick \u00fcber das Geschehen, aber wirklich vermisst habe ich bis jetzt tats\u00e4chlich noch nichts. Lediglich die Einf\u00fchrung des M\u00fclleimermannes war mir ein bisschen zu knapp, aber vielleicht kommt da ja auch noch was, denn bisher wird er etwas stiefm\u00fctterlich behandelt, wie ich finde.<\/span><br \/>\n<span style=\"font-family: georgia, palatino, serif; color: #000000;\">Wenn man bedenkt, das Stephen King &#8222;The Stand&#8220; bereits 1978 geschrieben hat, so ist es doch auch heute noch verdammt aktuell. Hinzu kommt, dass es nicht nur gut oder b\u00f6se gibt, sondern auf beiden Seiten Leute, die Zweifel haben. Das beste Beispiel daf\u00fcr ist wohl Nadine, die f\u00fcr mich nicht der typische B\u00f6sewicht ist, sie trifft ledig eine falsche Entscheidung, aber wohl erst im letzten Teil.<\/span><br \/>\n<span style=\"font-family: georgia, palatino, serif; color: #000000;\">Wie man die noch ausstehenden Ereignisse in nur einen Band packen will, ist mir r\u00e4tselhaft, aber ich bin guter Dinge, bisher hat es ja auch prima funktioniert und wie im Buch sind mir auch hier Stu, Tom und Larry besonders ans Herz gewachsen, gerade Larry, der ja vorher nicht unbedingt ein Vorbild war. Aber Umst\u00e4nde ver\u00e4ndern Menschen, das zeigt Stephen King immer wieder und darum mag ich seine Figuren, ja, selbst der M\u00fclleimermann hat ein Pl\u00e4tzchen in meinem kleinen dunklen Herzchen, im Gegensatz zu Harold.<br \/>\nRoberto Aguirre-Sacasa und Mike Perkins haben Charaktere und Stimmung perfekt eingefangen, wen also der dicke W\u00e4lzer bisher abgeschreckt hat, f\u00fcr den ist das die perfekte Gelegenheit, trotzdem in die Story abzutauchen, wobei ich mir fast sicher bin, dass danach das Buch gelesen wird.^^<\/span><img loading=\"lazy\" decoding=\"async\" class=\"size-full wp-image-298 aligncenter\" src=\"https:\/\/vollausgebucht.net\/wp-content\/uploads\/2020\/05\/fazit2.png\" alt=\"\" width=\"58\" height=\"28\" \/><\/p>\n<p><span style=\"font-family: georgia, palatino, serif; color: #000000;\">Wie schon Band 1, so ist auch die Fortsetzung ein Muss f\u00fcr alle Fans von Stephen Kings &#8222;The Stand&#8220;, mehr will ich dazu gar nicht sagen.<\/span><br \/>\n<span style=\"font-family: georgia, palatino, serif; color: #000000;\">Auch diesmal vergebe ich wieder 5 von 5 Miezekatzen und warte sehns\u00fcchtig auf Teil 3, leider ist der Trip ins apokalyptische Amerika damit dann aber auch schon vorbei.\u00a0 \u00a0<\/span><\/p>\n<p><img loading=\"lazy\" decoding=\"async\" class=\"size-full wp-image-2329 aligncenter\" src=\"https:\/\/vollausgebucht.net\/wp-content\/uploads\/5mk.png\" alt=\"\" width=\"267\" height=\"45\" \/><\/p>\n<p><span style=\"text-decoration: underline;\"><span style=\"color: #000000; text-decoration: underline;\"><a style=\"color: #000000; text-decoration: underline;\" href=\"https:\/\/vollausgebucht.net\/?p=3969\"><span style=\"font-family: georgia, palatino, serif;\">01. &#8222;The Stand &#8211; Das letzte Gefecht Band 1&#8220; <\/span><\/a><\/span><\/span><br \/>\n<span style=\"font-family: georgia, palatino, serif; color: #3366ff;\">02. &#8222;The Stand &#8211; Das letzte Gefecht Band 2&#8220;\u00a0<\/span><\/p>\n<p><img loading=\"lazy\" decoding=\"async\" class=\"size-full wp-image-4883 aligncenter\" src=\"https:\/\/vollausgebucht.net\/wp-content\/uploads\/stand22.png\" alt=\"\" width=\"700\" height=\"356\" srcset=\"https:\/\/vollausgebucht.net\/wp-content\/uploads\/stand22.png 700w, https:\/\/vollausgebucht.net\/wp-content\/uploads\/stand22-350x178.png 350w, https:\/\/vollausgebucht.net\/wp-content\/uploads\/stand22-295x150.png 295w\" sizes=\"auto, (max-width: 700px) 100vw, 700px\" \/><\/p>\n","protected":false},"excerpt":{"rendered":"<p>&#8222;Jeder hatte eine Nadel, und vielleicht n\u00e4hten sie gemeinsam an einer warmen Decke f\u00fcr den bevorstehenden Winter &#8230; vielleicht n\u00e4hten sie aber nach einer kurzen Pause auch nur am letzten Leichentuch der Menschheit &#8230;&#8220; Im Albtraum gefangen: Als w\u00e4re der <a class=\"more-link\" href=\"https:\/\/vollausgebucht.net\/?p=4881\">Weiterlesen\u00a0\u2026<\/a><\/p>\n","protected":false},"author":1,"featured_media":4882,"comment_status":"open","ping_status":"closed","sticky":false,"template":"","format":"standard","meta":{"sfsi_plus_gutenberg_text_before_share":"","sfsi_plus_gutenberg_show_text_before_share":"","sfsi_plus_gutenberg_icon_type":"","sfsi_plus_gutenberg_icon_alignemt":"","sfsi_plus_gutenburg_max_per_row":"","_monsterinsights_skip_tracking":false,"_monsterinsights_sitenote_active":false,"_monsterinsights_sitenote_note":"","_monsterinsights_sitenote_category":0,"footnotes":""},"categories":[5],"tags":[550,485,482,22,450,499,481,491,494,489,492,483,11,493,486,306,686,487,490,495,16,592,484,6,591,274,685],"class_list":["post-4881","post","type-post","status-publish","format-standard","has-post-thumbnail","hentry","category-rezension","tag-bookish","tag-bookjunkie","tag-booklover","tag-booknerd","tag-books","tag-books-of-instagramm","tag-bookstagram","tag-bookstagram-germany","tag-buchblog","tag-buchblogger","tag-buecher","tag-buecherliebe","tag-buechersuechtig","tag-buecherwurm","tag-buchtipp","tag-comic","tag-das-letzte-gefecht","tag-instabooks","tag-leseliebe","tag-lesen","tag-leseratte","tag-mike-perkins","tag-reading","tag-rezension","tag-roberto-aguirre-sacasa","tag-stephen-king","tag-the-stand-band-2"],"yoast_head":"<!-- This site is optimized with the Yoast SEO plugin v27.4 - https:\/\/yoast.com\/product\/yoast-seo-wordpress\/ -->\n<title>&quot;The Stand&quot; Band 2 - Stephen King, Roberto Aguirre-Sacasa, Mike Perkins - Voll ausgebucht<\/title>\n<meta name=\"robots\" content=\"index, follow, max-snippet:-1, max-image-preview:large, max-video-preview:-1\" \/>\n<link rel=\"canonical\" href=\"https:\/\/vollausgebucht.net\/?p=4881\" \/>\n<meta property=\"og:locale\" content=\"de_DE\" \/>\n<meta property=\"og:type\" content=\"article\" \/>\n<meta property=\"og:title\" content=\"&quot;The Stand&quot; Band 2 - Stephen King, Roberto Aguirre-Sacasa, Mike Perkins - Voll ausgebucht\" \/>\n<meta property=\"og:description\" content=\"&#8222;Jeder hatte eine Nadel, und vielleicht n\u00e4hten sie gemeinsam an einer warmen Decke f\u00fcr den bevorstehenden Winter &#8230; vielleicht n\u00e4hten sie aber nach einer kurzen Pause auch nur am letzten Leichentuch der Menschheit &#8230;&#8220; Im Albtraum gefangen: Als w\u00e4re der Weiterlesen\u00a0\u2026\" \/>\n<meta property=\"og:url\" content=\"https:\/\/vollausgebucht.net\/?p=4881\" \/>\n<meta property=\"og:site_name\" content=\"Voll ausgebucht\" \/>\n<meta property=\"article:published_time\" content=\"2021-05-24T14:06:14+00:00\" \/>\n<meta property=\"article:modified_time\" content=\"2021-06-04T21:31:28+00:00\" \/>\n<meta property=\"og:image\" content=\"https:\/\/vollausgebucht.net\/wp-content\/uploads\/rezithestand2.png\" \/>\n\t<meta property=\"og:image:width\" content=\"700\" \/>\n\t<meta property=\"og:image:height\" content=\"330\" \/>\n\t<meta property=\"og:image:type\" content=\"image\/png\" \/>\n<meta name=\"author\" content=\"DesKing\" \/>\n<script type=\"application\/ld+json\" class=\"yoast-schema-graph\">{\"@context\":\"https:\\\/\\\/schema.org\",\"@graph\":[{\"@type\":\"Article\",\"@id\":\"https:\\\/\\\/vollausgebucht.net\\\/?p=4881#article\",\"isPartOf\":{\"@id\":\"https:\\\/\\\/vollausgebucht.net\\\/?p=4881\"},\"author\":{\"name\":\"DesKing\",\"@id\":\"https:\\\/\\\/vollausgebucht.net\\\/#\\\/schema\\\/person\\\/a4c2c6f703cf1bac8cf4974558e405c6\"},\"headline\":\"&#8222;The Stand&#8220; Band 2 &#8211; Stephen King, Roberto Aguirre-Sacasa, Mike Perkins\",\"datePublished\":\"2021-05-24T14:06:14+00:00\",\"dateModified\":\"2021-06-04T21:31:28+00:00\",\"mainEntityOfPage\":{\"@id\":\"https:\\\/\\\/vollausgebucht.net\\\/?p=4881\"},\"wordCount\":729,\"commentCount\":0,\"publisher\":{\"@id\":\"https:\\\/\\\/vollausgebucht.net\\\/#\\\/schema\\\/person\\\/a4c2c6f703cf1bac8cf4974558e405c6\"},\"image\":{\"@id\":\"https:\\\/\\\/vollausgebucht.net\\\/?p=4881#primaryimage\"},\"thumbnailUrl\":\"https:\\\/\\\/vollausgebucht.net\\\/wp-content\\\/uploads\\\/rezithestand2.png\",\"keywords\":[\"Bookish\",\"Bookjunkie\",\"Booklover\",\"Booknerd\",\"Books\",\"Books of Instagramm\",\"Bookstagram\",\"Bookstagram Germany\",\"Buchblog\",\"Buchblogger\",\"B\u00fccher\",\"B\u00fccherliebe\",\"B\u00fcchers\u00fcchtig\",\"B\u00fccherwurm\",\"Buchtipp\",\"Comic\",\"Das letzte Gefecht\",\"Instabooks\",\"Leseliebe\",\"Lesen\",\"Leseratte\",\"Mike Perkins\",\"Reading\",\"Rezension\",\"Roberto Aguirre-Sacasa\",\"Stephen King\",\"The Stand Band 2\"],\"articleSection\":[\"Rezension\"],\"inLanguage\":\"de\",\"potentialAction\":[{\"@type\":\"CommentAction\",\"name\":\"Comment\",\"target\":[\"https:\\\/\\\/vollausgebucht.net\\\/?p=4881#respond\"]}]},{\"@type\":\"WebPage\",\"@id\":\"https:\\\/\\\/vollausgebucht.net\\\/?p=4881\",\"url\":\"https:\\\/\\\/vollausgebucht.net\\\/?p=4881\",\"name\":\"\\\"The Stand\\\" Band 2 - Stephen King, Roberto Aguirre-Sacasa, Mike Perkins - Voll ausgebucht\",\"isPartOf\":{\"@id\":\"https:\\\/\\\/vollausgebucht.net\\\/#website\"},\"primaryImageOfPage\":{\"@id\":\"https:\\\/\\\/vollausgebucht.net\\\/?p=4881#primaryimage\"},\"image\":{\"@id\":\"https:\\\/\\\/vollausgebucht.net\\\/?p=4881#primaryimage\"},\"thumbnailUrl\":\"https:\\\/\\\/vollausgebucht.net\\\/wp-content\\\/uploads\\\/rezithestand2.png\",\"datePublished\":\"2021-05-24T14:06:14+00:00\",\"dateModified\":\"2021-06-04T21:31:28+00:00\",\"breadcrumb\":{\"@id\":\"https:\\\/\\\/vollausgebucht.net\\\/?p=4881#breadcrumb\"},\"inLanguage\":\"de\",\"potentialAction\":[{\"@type\":\"ReadAction\",\"target\":[\"https:\\\/\\\/vollausgebucht.net\\\/?p=4881\"]}]},{\"@type\":\"ImageObject\",\"inLanguage\":\"de\",\"@id\":\"https:\\\/\\\/vollausgebucht.net\\\/?p=4881#primaryimage\",\"url\":\"https:\\\/\\\/vollausgebucht.net\\\/wp-content\\\/uploads\\\/rezithestand2.png\",\"contentUrl\":\"https:\\\/\\\/vollausgebucht.net\\\/wp-content\\\/uploads\\\/rezithestand2.png\",\"width\":700,\"height\":330},{\"@type\":\"BreadcrumbList\",\"@id\":\"https:\\\/\\\/vollausgebucht.net\\\/?p=4881#breadcrumb\",\"itemListElement\":[{\"@type\":\"ListItem\",\"position\":1,\"name\":\"Startseite\",\"item\":\"https:\\\/\\\/vollausgebucht.net\\\/\"},{\"@type\":\"ListItem\",\"position\":2,\"name\":\"&#8222;The Stand&#8220; Band 2 &#8211; Stephen King, Roberto Aguirre-Sacasa, Mike Perkins\"}]},{\"@type\":\"WebSite\",\"@id\":\"https:\\\/\\\/vollausgebucht.net\\\/#website\",\"url\":\"https:\\\/\\\/vollausgebucht.net\\\/\",\"name\":\"Voll ausgebucht\",\"description\":\"\",\"publisher\":{\"@id\":\"https:\\\/\\\/vollausgebucht.net\\\/#\\\/schema\\\/person\\\/a4c2c6f703cf1bac8cf4974558e405c6\"},\"potentialAction\":[{\"@type\":\"SearchAction\",\"target\":{\"@type\":\"EntryPoint\",\"urlTemplate\":\"https:\\\/\\\/vollausgebucht.net\\\/?s={search_term_string}\"},\"query-input\":{\"@type\":\"PropertyValueSpecification\",\"valueRequired\":true,\"valueName\":\"search_term_string\"}}],\"inLanguage\":\"de\"},{\"@type\":[\"Person\",\"Organization\"],\"@id\":\"https:\\\/\\\/vollausgebucht.net\\\/#\\\/schema\\\/person\\\/a4c2c6f703cf1bac8cf4974558e405c6\",\"name\":\"DesKing\",\"logo\":{\"@id\":\"https:\\\/\\\/vollausgebucht.net\\\/#\\\/schema\\\/person\\\/image\\\/\"},\"sameAs\":[\"https:\\\/\\\/vollausgebucht.net\"],\"url\":\"https:\\\/\\\/vollausgebucht.net\\\/?author=1\"}]}<\/script>\n<!-- \/ Yoast SEO plugin. -->","yoast_head_json":{"title":"\"The Stand\" Band 2 - Stephen King, Roberto Aguirre-Sacasa, Mike Perkins - Voll ausgebucht","robots":{"index":"index","follow":"follow","max-snippet":"max-snippet:-1","max-image-preview":"max-image-preview:large","max-video-preview":"max-video-preview:-1"},"canonical":"https:\/\/vollausgebucht.net\/?p=4881","og_locale":"de_DE","og_type":"article","og_title":"\"The Stand\" Band 2 - Stephen King, Roberto Aguirre-Sacasa, Mike Perkins - Voll ausgebucht","og_description":"&#8222;Jeder hatte eine Nadel, und vielleicht n\u00e4hten sie gemeinsam an einer warmen Decke f\u00fcr den bevorstehenden Winter &#8230; vielleicht n\u00e4hten sie aber nach einer kurzen Pause auch nur am letzten Leichentuch der Menschheit &#8230;&#8220; Im Albtraum gefangen: Als w\u00e4re der Weiterlesen\u00a0\u2026","og_url":"https:\/\/vollausgebucht.net\/?p=4881","og_site_name":"Voll ausgebucht","article_published_time":"2021-05-24T14:06:14+00:00","article_modified_time":"2021-06-04T21:31:28+00:00","og_image":[{"width":700,"height":330,"url":"https:\/\/vollausgebucht.net\/wp-content\/uploads\/rezithestand2.png","type":"image\/png"}],"author":"DesKing","schema":{"@context":"https:\/\/schema.org","@graph":[{"@type":"Article","@id":"https:\/\/vollausgebucht.net\/?p=4881#article","isPartOf":{"@id":"https:\/\/vollausgebucht.net\/?p=4881"},"author":{"name":"DesKing","@id":"https:\/\/vollausgebucht.net\/#\/schema\/person\/a4c2c6f703cf1bac8cf4974558e405c6"},"headline":"&#8222;The Stand&#8220; Band 2 &#8211; Stephen King, Roberto Aguirre-Sacasa, Mike Perkins","datePublished":"2021-05-24T14:06:14+00:00","dateModified":"2021-06-04T21:31:28+00:00","mainEntityOfPage":{"@id":"https:\/\/vollausgebucht.net\/?p=4881"},"wordCount":729,"commentCount":0,"publisher":{"@id":"https:\/\/vollausgebucht.net\/#\/schema\/person\/a4c2c6f703cf1bac8cf4974558e405c6"},"image":{"@id":"https:\/\/vollausgebucht.net\/?p=4881#primaryimage"},"thumbnailUrl":"https:\/\/vollausgebucht.net\/wp-content\/uploads\/rezithestand2.png","keywords":["Bookish","Bookjunkie","Booklover","Booknerd","Books","Books of Instagramm","Bookstagram","Bookstagram Germany","Buchblog","Buchblogger","B\u00fccher","B\u00fccherliebe","B\u00fcchers\u00fcchtig","B\u00fccherwurm","Buchtipp","Comic","Das letzte Gefecht","Instabooks","Leseliebe","Lesen","Leseratte","Mike Perkins","Reading","Rezension","Roberto Aguirre-Sacasa","Stephen King","The Stand Band 2"],"articleSection":["Rezension"],"inLanguage":"de","potentialAction":[{"@type":"CommentAction","name":"Comment","target":["https:\/\/vollausgebucht.net\/?p=4881#respond"]}]},{"@type":"WebPage","@id":"https:\/\/vollausgebucht.net\/?p=4881","url":"https:\/\/vollausgebucht.net\/?p=4881","name":"\"The Stand\" Band 2 - Stephen King, Roberto Aguirre-Sacasa, Mike Perkins - Voll ausgebucht","isPartOf":{"@id":"https:\/\/vollausgebucht.net\/#website"},"primaryImageOfPage":{"@id":"https:\/\/vollausgebucht.net\/?p=4881#primaryimage"},"image":{"@id":"https:\/\/vollausgebucht.net\/?p=4881#primaryimage"},"thumbnailUrl":"https:\/\/vollausgebucht.net\/wp-content\/uploads\/rezithestand2.png","datePublished":"2021-05-24T14:06:14+00:00","dateModified":"2021-06-04T21:31:28+00:00","breadcrumb":{"@id":"https:\/\/vollausgebucht.net\/?p=4881#breadcrumb"},"inLanguage":"de","potentialAction":[{"@type":"ReadAction","target":["https:\/\/vollausgebucht.net\/?p=4881"]}]},{"@type":"ImageObject","inLanguage":"de","@id":"https:\/\/vollausgebucht.net\/?p=4881#primaryimage","url":"https:\/\/vollausgebucht.net\/wp-content\/uploads\/rezithestand2.png","contentUrl":"https:\/\/vollausgebucht.net\/wp-content\/uploads\/rezithestand2.png","width":700,"height":330},{"@type":"BreadcrumbList","@id":"https:\/\/vollausgebucht.net\/?p=4881#breadcrumb","itemListElement":[{"@type":"ListItem","position":1,"name":"Startseite","item":"https:\/\/vollausgebucht.net\/"},{"@type":"ListItem","position":2,"name":"&#8222;The Stand&#8220; Band 2 &#8211; Stephen King, Roberto Aguirre-Sacasa, Mike Perkins"}]},{"@type":"WebSite","@id":"https:\/\/vollausgebucht.net\/#website","url":"https:\/\/vollausgebucht.net\/","name":"Voll ausgebucht","description":"","publisher":{"@id":"https:\/\/vollausgebucht.net\/#\/schema\/person\/a4c2c6f703cf1bac8cf4974558e405c6"},"potentialAction":[{"@type":"SearchAction","target":{"@type":"EntryPoint","urlTemplate":"https:\/\/vollausgebucht.net\/?s={search_term_string}"},"query-input":{"@type":"PropertyValueSpecification","valueRequired":true,"valueName":"search_term_string"}}],"inLanguage":"de"},{"@type":["Person","Organization"],"@id":"https:\/\/vollausgebucht.net\/#\/schema\/person\/a4c2c6f703cf1bac8cf4974558e405c6","name":"DesKing","logo":{"@id":"https:\/\/vollausgebucht.net\/#\/schema\/person\/image\/"},"sameAs":["https:\/\/vollausgebucht.net"],"url":"https:\/\/vollausgebucht.net\/?author=1"}]}},"_links":{"self":[{"href":"https:\/\/vollausgebucht.net\/index.php?rest_route=\/wp\/v2\/posts\/4881","targetHints":{"allow":["GET"]}}],"collection":[{"href":"https:\/\/vollausgebucht.net\/index.php?rest_route=\/wp\/v2\/posts"}],"about":[{"href":"https:\/\/vollausgebucht.net\/index.php?rest_route=\/wp\/v2\/types\/post"}],"author":[{"embeddable":true,"href":"https:\/\/vollausgebucht.net\/index.php?rest_route=\/wp\/v2\/users\/1"}],"replies":[{"embeddable":true,"href":"https:\/\/vollausgebucht.net\/index.php?rest_route=%2Fwp%2Fv2%2Fcomments&post=4881"}],"version-history":[{"count":0,"href":"https:\/\/vollausgebucht.net\/index.php?rest_route=\/wp\/v2\/posts\/4881\/revisions"}],"wp:featuredmedia":[{"embeddable":true,"href":"https:\/\/vollausgebucht.net\/index.php?rest_route=\/wp\/v2\/media\/4882"}],"wp:attachment":[{"href":"https:\/\/vollausgebucht.net\/index.php?rest_route=%2Fwp%2Fv2%2Fmedia&parent=4881"}],"wp:term":[{"taxonomy":"category","embeddable":true,"href":"https:\/\/vollausgebucht.net\/index.php?rest_route=%2Fwp%2Fv2%2Fcategories&post=4881"},{"taxonomy":"post_tag","embeddable":true,"href":"https:\/\/vollausgebucht.net\/index.php?rest_route=%2Fwp%2Fv2%2Ftags&post=4881"}],"curies":[{"name":"wp","href":"https:\/\/api.w.org\/{rel}","templated":true}]}}