{"id":5659,"date":"2021-07-25T12:20:25","date_gmt":"2021-07-25T12:20:25","guid":{"rendered":"https:\/\/vollausgebucht.net\/?p=5659"},"modified":"2023-10-07T15:31:19","modified_gmt":"2023-10-07T13:31:19","slug":"5659","status":"publish","type":"post","link":"https:\/\/vollausgebucht.net\/?p=5659","title":{"rendered":"&#8222;1794&#8220; &#8211; Niklas Natt och Dag"},"content":{"rendered":"<blockquote><p><span style=\"font-family: georgia, palatino, serif; color: #ffffff;\"><em>&#8220; &#8230; Die Landschaft tr\u00e4gt ihr Sommerkleid, und wo immer sich hinter den H\u00f6fen Getreidefelder erstrecken, verspricht die Ernte erstmals seit Jahren wieder gut zu werden, als wolle die Natur den strengen Winter wieder wettmachen. F\u00fcr viele kommt diese Gnade zu sp\u00e4t; f\u00fcr sie dienen Laub und Bl\u00fcten, die jetzt im \u00dcberfluss vorhanden sind, nur mehr dazu, die Gr\u00e4ber zu schm\u00fccken. &#8230;&#8220; (Seite 199)\u00a0<\/em><\/span><\/p><\/blockquote>\n<p><img loading=\"lazy\" decoding=\"async\" class=\"size-full wp-image-291 aligncenter\" src=\"https:\/\/vollausgebucht.net\/wp-content\/uploads\/2020\/05\/klap.png\" alt=\"\" width=\"112\" height=\"31\" \/><\/p>\n<p style=\"text-align: center;\"><span style=\"font-family: georgia, palatino, serif; color: #000000;\">Nach den Ereignissen des letzten Jahres f\u00e4llt Jean Michael Cardell in ein tiefes Loch. Die Ermittlungen im Fall der verst\u00fcmmelten Leiche gaben seinem Leben einen Sinn. Nun ist er wieder da, wo er vorher war. Bis zu dem Tag, als ihn eine Frau kontaktiert: Ihre Tochter wurde in der Hochzeitsnacht auf grausamste Weise zugerichtet und get\u00f6tet. Als T\u00e4ter wird deren frisch angetrauter adeliger Ehemann identifiziert und in ein Irrenhaus eingewiesen. Die Mutter der Get\u00f6teten glaubt diese Version jedoch nicht und sucht Hilfe bei Cardell. Seine Nachforschungen f\u00fchren diesen erneut in die Abgr\u00fcnde Stockholms, und er muss feststellen, dass die Stadt verruchter und gef\u00e4hrlicher ist als je zuvor.<\/span><\/p>\n<p><img loading=\"lazy\" decoding=\"async\" class=\"size-full wp-image-128 aligncenter\" src=\"https:\/\/vollausgebucht.net\/wp-content\/uploads\/daru.png\" alt=\"\" width=\"122\" height=\"35\" \/><\/p>\n<p><span style=\"font-family: georgia, palatino, serif; color: #000000;\">Erik Drei Rosen lebt mit seinem Vater und seinem Bruder auf deren Gut. Da die Mutter bei seiner Geburt verstorben ist und der Vater ihm daf\u00fcr die Schuld gibt, hat er bei ihm keinen besonders guten Stand. Erst recht nicht, als er sich in die Tochter eines der P\u00e4chter verliebt. Erik wird in die Fremde geschickt bis er vollj\u00e4hrig ist, doch die beiden Liebenden finden erneut zueinander und wollen heiraten, die Hochzeitsnacht endet jedoch in einem Blutbad. Erik wei\u00df nicht, was geschehen ist, hat er seine frisch Angetraute wirklich umgebracht? &#8230;\u00a0\u00a0<\/span><\/p>\n<p><img loading=\"lazy\" decoding=\"async\" class=\"size-full wp-image-5662 aligncenter\" src=\"https:\/\/vollausgebucht.net\/wp-content\/uploads\/1794-1.png\" alt=\"\" width=\"600\" height=\"600\" srcset=\"https:\/\/vollausgebucht.net\/wp-content\/uploads\/1794-1.png 600w, https:\/\/vollausgebucht.net\/wp-content\/uploads\/1794-1-350x350.png 350w, https:\/\/vollausgebucht.net\/wp-content\/uploads\/1794-1-150x150.png 150w\" sizes=\"auto, (max-width: 600px) 100vw, 600px\" \/><\/p>\n<p><img loading=\"lazy\" decoding=\"async\" class=\"size-full wp-image-125 aligncenter\" src=\"https:\/\/vollausgebucht.net\/wp-content\/uploads\/meine-meinung.png\" alt=\"\" width=\"146\" height=\"32\" \/><\/p>\n<p><span style=\"font-family: georgia, palatino, serif; color: #000000;\">&#8222;1793&#8220; hat mich begeistert, als ich es gelesen hab und so habe ich die Fortsetzung nat\u00fcrlich gleich nach Erscheinen gekauft, dann d\u00fcmpelte sie allerdings erstmal im Regal vor sich hin, schon allein, weil mich so dicke Klopper doch zuerst einmal abschrecken. Lesen wollte ich &#8222;1794&#8220; nat\u00fcrlich trotzdem, so fand es den Weg auf meine &#8222;21 f\u00fcr 2021&#8220; Liste und war endlich f\u00e4llig. Mir war eigentlich vorher fast schon klar, dass es mich erneut fesseln wird, aber ich brauchte halt wieder viel Anlaufzeit, ich lerne es halt nie.^^<\/span><br \/>\n<span style=\"font-family: georgia, palatino, serif; color: #000000;\">Diesmal l\u00e4sst sich Niklas Natt och Dag sehr viel Zeit, bevor es zum Wiedersehen mit Jean Michael Cardell kommt, denn die ersten 145 Seiten geh\u00f6ren Erik, der zwar aus gutem Hause kommt, aber es dennoch alles andere als leicht hat. Bereits hier schafft es der Autor wieder, an die d\u00fcstere und trostlose Stimmung des Vorg\u00e4ngers anzukn\u00fcpfen und man kommt nicht umhin, einfach Mitleid mit Erik zu haben, der kein Problem damit hat, ein einfaches Leben zu f\u00fchren, aber bereits in jungen Jahren so viel Grausames sehen und erleben muss.<br \/>\nDoch auch Cardell, dem traumatisierten Kriegsveteran mit der Holzhand, ist es inzwischen nicht gut ergangen und als eine Frau bei ihm auftaucht und ihn darum bittet, Nachforschungen \u00fcber den Tod ihrer Tochter anzustellen, reagiert er zun\u00e4chst eher verhalten, willigt schlie\u00dflich aber doch ein, allerdings nicht, ohne sich vorher Hilfe von einer ganz besonderen Seite zu suchen.<br \/>\nJean Michael ist ein Klotz, ein ziemlich ungehobelter Kerl mit einem Herz aus Gold und so hat er sich bereits in &#8222;1793&#8220; in mein Herz gestohlen. Das Leben in Stockholm ist hart und brutal und er hat sich dem angepasst, aber immer wieder schimmert eben auch seine andere Seite durch, so ist unter anderem sehr f\u00fcrsorglich. Wen er sich diesmal als Partner sucht, schreibe ich hier nat\u00fcrlich nicht, aber irgendwie fand ich das und den damit verbundenen Ausflug in die Vergangenheit schon ein bisschen r\u00fchrend. Verraten kann ich aber zumindest, dass die beiden Ermittler auch diesmal wieder total gegens\u00e4tzlich sind und ich ab und an einfach nur mit dem Kopf gesch\u00fcttelt habe, denn nicht immer machen ihre Handlungen auf den ersten Blick Sinn.<br \/>\nEinen Pluspunkt gibt es au\u00dferdem daf\u00fcr, dass Charaktere aus dem ersten Teil wieder auftauchen und man so erf\u00e4hrt, was aus ihnen geworden ist, f\u00fcr so etwas bin ich pers\u00f6nlich ja immer zu haben.<br \/>\nAlles in allem bietet &#8222;1794&#8220; einen Ausflug in die Geschichte, der erneut zeigt, wie schwer es die Menschen zur damaligen Zeit hatten, wie brutal und unmenschlich vorgegangen wurde und das ein Leben nicht besonders viel wert war. Das wird ziemlich deutlich und teilweise auch sehr grausam beschrieben, allerdings schwingt der Autor auch in diesen Szenen nie stumpf den Gewalthammer.<br \/>\n<\/span><span style=\"font-family: georgia, palatino, serif; color: #000000;\">Auch wenn mir &#8222;1793&#8220; noch einen Ticken besser gefallen hat, so ist auch &#8222;1794&#8220; wieder ein Buch, dass einen v\u00f6llig ins Geschehen eintauchen l\u00e4sst. Ich hatte Stockholm f\u00f6rmlich vor Augen, habe den Gestank eingeatmet und die Menschen an mir vorbeihuschen sehen. So spannend der Ausflug ins Schweden des 18. Jahrhunderts auch war, ich bin verdammt froh, nicht in diese Zeit hineingeboren worden zu sein.^^<\/span><\/p>\n<p><img loading=\"lazy\" decoding=\"async\" class=\"size-full wp-image-298 aligncenter\" src=\"https:\/\/vollausgebucht.net\/wp-content\/uploads\/2020\/05\/fazit2.png\" alt=\"\" width=\"58\" height=\"28\" \/><span style=\"font-family: georgia, palatino, serif; color: #000000;\">Mit &#8222;1794&#8220; hat<\/span> <span style=\"font-family: georgia, palatino, serif; color: #000000;\">Niklas Natt och Dag eine gelungene Fortsetzung abgeliefert, in der sich erneut zwei v\u00f6llig verschiedene M\u00e4nner zusammenraufen, um in einem Mordfall zu ermitteln. Das Buch ist genauso d\u00fcster und dreckig wie der Vorg\u00e4nger, wer einen empfindlichen Magen hat oder &#8222;Entspannungsliteratur&#8220; sucht, ist hier v\u00f6llig fehl am Platz.<br \/>\nMich jedenfalls hat die Geschichte von Anfang an gepackt und so vergebe ich 4 von 5 Miezekatzen.<\/span><\/p>\n<p><img loading=\"lazy\" decoding=\"async\" class=\"size-full wp-image-132 aligncenter\" src=\"https:\/\/vollausgebucht.net\/wp-content\/uploads\/miezk.png\" alt=\"\" width=\"267\" height=\"45\" \/><\/p>\n<p><span style=\"text-decoration: underline;\"><span style=\"color: #000000;\"><a style=\"color: #000000;\" href=\"https:\/\/vollausgebucht.net\/?p=7007\"><span style=\"font-family: georgia, palatino, serif;\">1. &#8222;1793&#8220;<\/span><\/a><\/span><\/span><br \/>\n<span style=\"font-family: georgia, palatino, serif; color: #3366ff;\">2. &#8222;1794&#8220;<\/span><\/p>\n<p><img loading=\"lazy\" decoding=\"async\" class=\"alignnone size-full wp-image-5663\" src=\"https:\/\/vollausgebucht.net\/wp-content\/uploads\/1794-2.png\" alt=\"\" width=\"700\" height=\"356\" srcset=\"https:\/\/vollausgebucht.net\/wp-content\/uploads\/1794-2.png 700w, https:\/\/vollausgebucht.net\/wp-content\/uploads\/1794-2-350x178.png 350w, https:\/\/vollausgebucht.net\/wp-content\/uploads\/1794-2-295x150.png 295w\" sizes=\"auto, (max-width: 700px) 100vw, 700px\" \/><\/p>\n","protected":false},"excerpt":{"rendered":"<p>&#8220; &#8230; Die Landschaft tr\u00e4gt ihr Sommerkleid, und wo immer sich hinter den H\u00f6fen Getreidefelder erstrecken, verspricht die Ernte erstmals seit Jahren wieder gut zu werden, als wolle die Natur den strengen Winter wieder wettmachen. F\u00fcr viele kommt diese Gnade <a class=\"more-link\" href=\"https:\/\/vollausgebucht.net\/?p=5659\">Weiterlesen\u00a0\u2026<\/a><\/p>\n","protected":false},"author":1,"featured_media":5660,"comment_status":"open","ping_status":"closed","sticky":false,"template":"","format":"standard","meta":{"sfsi_plus_gutenberg_text_before_share":"","sfsi_plus_gutenberg_show_text_before_share":"","sfsi_plus_gutenberg_icon_type":"","sfsi_plus_gutenberg_icon_alignemt":"","sfsi_plus_gutenburg_max_per_row":"","_monsterinsights_skip_tracking":false,"_monsterinsights_sitenote_active":false,"_monsterinsights_sitenote_note":"","_monsterinsights_sitenote_category":0,"footnotes":""},"categories":[5],"tags":[776,23,550,485,482,22,450,499,481,491,494,489,492,483,11,493,486,487,490,495,16,778,484,6,777,47,378,7],"class_list":["post-5659","post","type-post","status-publish","format-standard","has-post-thumbnail","hentry","category-rezension","tag-776","tag-blogger","tag-bookish","tag-bookjunkie","tag-booklover","tag-booknerd","tag-books","tag-books-of-instagramm","tag-bookstagram","tag-bookstagram-germany","tag-buchblog","tag-buchblogger","tag-buecher","tag-buecherliebe","tag-buechersuechtig","tag-buecherwurm","tag-buchtipp","tag-instabooks","tag-leseliebe","tag-lesen","tag-leseratte","tag-niklas-natt-och-dag","tag-reading","tag-rezension","tag-stockholm","tag-thriller","tag-time-to-read","tag-voll-ausgebucht"],"yoast_head":"<!-- This site is optimized with the Yoast SEO plugin v27.5 - https:\/\/yoast.com\/product\/yoast-seo-wordpress\/ -->\n<title>&quot;1794&quot; - Niklas Natt och Dag - Voll ausgebucht<\/title>\n<meta name=\"robots\" content=\"index, follow, max-snippet:-1, max-image-preview:large, max-video-preview:-1\" \/>\n<link rel=\"canonical\" href=\"https:\/\/vollausgebucht.net\/?p=5659\" \/>\n<meta property=\"og:locale\" content=\"de_DE\" \/>\n<meta property=\"og:type\" content=\"article\" \/>\n<meta property=\"og:title\" content=\"&quot;1794&quot; - Niklas Natt och Dag - Voll ausgebucht\" \/>\n<meta property=\"og:description\" content=\"&#8220; &#8230; Die Landschaft tr\u00e4gt ihr Sommerkleid, und wo immer sich hinter den H\u00f6fen Getreidefelder erstrecken, verspricht die Ernte erstmals seit Jahren wieder gut zu werden, als wolle die Natur den strengen Winter wieder wettmachen. F\u00fcr viele kommt diese Gnade Weiterlesen\u00a0\u2026\" \/>\n<meta property=\"og:url\" content=\"https:\/\/vollausgebucht.net\/?p=5659\" \/>\n<meta property=\"og:site_name\" content=\"Voll ausgebucht\" \/>\n<meta property=\"article:published_time\" content=\"2021-07-25T12:20:25+00:00\" \/>\n<meta property=\"article:modified_time\" content=\"2023-10-07T13:31:19+00:00\" \/>\n<meta property=\"og:image\" content=\"https:\/\/vollausgebucht.net\/wp-content\/uploads\/rezi1794.png\" \/>\n\t<meta property=\"og:image:width\" content=\"700\" \/>\n\t<meta property=\"og:image:height\" content=\"330\" \/>\n\t<meta property=\"og:image:type\" content=\"image\/png\" \/>\n<meta name=\"author\" content=\"DesKing\" \/>\n<script type=\"application\/ld+json\" class=\"yoast-schema-graph\">{\"@context\":\"https:\\\/\\\/schema.org\",\"@graph\":[{\"@type\":\"Article\",\"@id\":\"https:\\\/\\\/vollausgebucht.net\\\/?p=5659#article\",\"isPartOf\":{\"@id\":\"https:\\\/\\\/vollausgebucht.net\\\/?p=5659\"},\"author\":{\"name\":\"DesKing\",\"@id\":\"https:\\\/\\\/vollausgebucht.net\\\/#\\\/schema\\\/person\\\/a4c2c6f703cf1bac8cf4974558e405c6\"},\"headline\":\"&#8222;1794&#8220; &#8211; Niklas Natt och Dag\",\"datePublished\":\"2021-07-25T12:20:25+00:00\",\"dateModified\":\"2023-10-07T13:31:19+00:00\",\"mainEntityOfPage\":{\"@id\":\"https:\\\/\\\/vollausgebucht.net\\\/?p=5659\"},\"wordCount\":877,\"commentCount\":0,\"publisher\":{\"@id\":\"https:\\\/\\\/vollausgebucht.net\\\/#\\\/schema\\\/person\\\/a4c2c6f703cf1bac8cf4974558e405c6\"},\"image\":{\"@id\":\"https:\\\/\\\/vollausgebucht.net\\\/?p=5659#primaryimage\"},\"thumbnailUrl\":\"https:\\\/\\\/vollausgebucht.net\\\/wp-content\\\/uploads\\\/rezi1794.png\",\"keywords\":[\"1794\",\"Blogger\",\"Bookish\",\"Bookjunkie\",\"Booklover\",\"Booknerd\",\"Books\",\"Books of Instagramm\",\"Bookstagram\",\"Bookstagram Germany\",\"Buchblog\",\"Buchblogger\",\"B\u00fccher\",\"B\u00fccherliebe\",\"B\u00fcchers\u00fcchtig\",\"B\u00fccherwurm\",\"Buchtipp\",\"Instabooks\",\"Leseliebe\",\"Lesen\",\"Leseratte\",\"Niklas Natt och Dag\",\"Reading\",\"Rezension\",\"Stockholm\",\"Thriller\",\"Time to read\",\"Voll ausgebucht\"],\"articleSection\":[\"Rezension\"],\"inLanguage\":\"de\",\"potentialAction\":[{\"@type\":\"CommentAction\",\"name\":\"Comment\",\"target\":[\"https:\\\/\\\/vollausgebucht.net\\\/?p=5659#respond\"]}]},{\"@type\":\"WebPage\",\"@id\":\"https:\\\/\\\/vollausgebucht.net\\\/?p=5659\",\"url\":\"https:\\\/\\\/vollausgebucht.net\\\/?p=5659\",\"name\":\"\\\"1794\\\" - Niklas Natt och Dag - Voll ausgebucht\",\"isPartOf\":{\"@id\":\"https:\\\/\\\/vollausgebucht.net\\\/#website\"},\"primaryImageOfPage\":{\"@id\":\"https:\\\/\\\/vollausgebucht.net\\\/?p=5659#primaryimage\"},\"image\":{\"@id\":\"https:\\\/\\\/vollausgebucht.net\\\/?p=5659#primaryimage\"},\"thumbnailUrl\":\"https:\\\/\\\/vollausgebucht.net\\\/wp-content\\\/uploads\\\/rezi1794.png\",\"datePublished\":\"2021-07-25T12:20:25+00:00\",\"dateModified\":\"2023-10-07T13:31:19+00:00\",\"breadcrumb\":{\"@id\":\"https:\\\/\\\/vollausgebucht.net\\\/?p=5659#breadcrumb\"},\"inLanguage\":\"de\",\"potentialAction\":[{\"@type\":\"ReadAction\",\"target\":[\"https:\\\/\\\/vollausgebucht.net\\\/?p=5659\"]}]},{\"@type\":\"ImageObject\",\"inLanguage\":\"de\",\"@id\":\"https:\\\/\\\/vollausgebucht.net\\\/?p=5659#primaryimage\",\"url\":\"https:\\\/\\\/vollausgebucht.net\\\/wp-content\\\/uploads\\\/rezi1794.png\",\"contentUrl\":\"https:\\\/\\\/vollausgebucht.net\\\/wp-content\\\/uploads\\\/rezi1794.png\",\"width\":700,\"height\":330},{\"@type\":\"BreadcrumbList\",\"@id\":\"https:\\\/\\\/vollausgebucht.net\\\/?p=5659#breadcrumb\",\"itemListElement\":[{\"@type\":\"ListItem\",\"position\":1,\"name\":\"Startseite\",\"item\":\"https:\\\/\\\/vollausgebucht.net\\\/\"},{\"@type\":\"ListItem\",\"position\":2,\"name\":\"&#8222;1794&#8220; &#8211; Niklas Natt och Dag\"}]},{\"@type\":\"WebSite\",\"@id\":\"https:\\\/\\\/vollausgebucht.net\\\/#website\",\"url\":\"https:\\\/\\\/vollausgebucht.net\\\/\",\"name\":\"Voll ausgebucht\",\"description\":\"\",\"publisher\":{\"@id\":\"https:\\\/\\\/vollausgebucht.net\\\/#\\\/schema\\\/person\\\/a4c2c6f703cf1bac8cf4974558e405c6\"},\"potentialAction\":[{\"@type\":\"SearchAction\",\"target\":{\"@type\":\"EntryPoint\",\"urlTemplate\":\"https:\\\/\\\/vollausgebucht.net\\\/?s={search_term_string}\"},\"query-input\":{\"@type\":\"PropertyValueSpecification\",\"valueRequired\":true,\"valueName\":\"search_term_string\"}}],\"inLanguage\":\"de\"},{\"@type\":[\"Person\",\"Organization\"],\"@id\":\"https:\\\/\\\/vollausgebucht.net\\\/#\\\/schema\\\/person\\\/a4c2c6f703cf1bac8cf4974558e405c6\",\"name\":\"DesKing\",\"logo\":{\"@id\":\"https:\\\/\\\/vollausgebucht.net\\\/#\\\/schema\\\/person\\\/image\\\/\"},\"sameAs\":[\"https:\\\/\\\/vollausgebucht.net\"],\"url\":\"https:\\\/\\\/vollausgebucht.net\\\/?author=1\"}]}<\/script>\n<!-- \/ Yoast SEO plugin. -->","yoast_head_json":{"title":"\"1794\" - Niklas Natt och Dag - Voll ausgebucht","robots":{"index":"index","follow":"follow","max-snippet":"max-snippet:-1","max-image-preview":"max-image-preview:large","max-video-preview":"max-video-preview:-1"},"canonical":"https:\/\/vollausgebucht.net\/?p=5659","og_locale":"de_DE","og_type":"article","og_title":"\"1794\" - Niklas Natt och Dag - Voll ausgebucht","og_description":"&#8220; &#8230; Die Landschaft tr\u00e4gt ihr Sommerkleid, und wo immer sich hinter den H\u00f6fen Getreidefelder erstrecken, verspricht die Ernte erstmals seit Jahren wieder gut zu werden, als wolle die Natur den strengen Winter wieder wettmachen. F\u00fcr viele kommt diese Gnade Weiterlesen\u00a0\u2026","og_url":"https:\/\/vollausgebucht.net\/?p=5659","og_site_name":"Voll ausgebucht","article_published_time":"2021-07-25T12:20:25+00:00","article_modified_time":"2023-10-07T13:31:19+00:00","og_image":[{"width":700,"height":330,"url":"https:\/\/vollausgebucht.net\/wp-content\/uploads\/rezi1794.png","type":"image\/png"}],"author":"DesKing","schema":{"@context":"https:\/\/schema.org","@graph":[{"@type":"Article","@id":"https:\/\/vollausgebucht.net\/?p=5659#article","isPartOf":{"@id":"https:\/\/vollausgebucht.net\/?p=5659"},"author":{"name":"DesKing","@id":"https:\/\/vollausgebucht.net\/#\/schema\/person\/a4c2c6f703cf1bac8cf4974558e405c6"},"headline":"&#8222;1794&#8220; &#8211; Niklas Natt och Dag","datePublished":"2021-07-25T12:20:25+00:00","dateModified":"2023-10-07T13:31:19+00:00","mainEntityOfPage":{"@id":"https:\/\/vollausgebucht.net\/?p=5659"},"wordCount":877,"commentCount":0,"publisher":{"@id":"https:\/\/vollausgebucht.net\/#\/schema\/person\/a4c2c6f703cf1bac8cf4974558e405c6"},"image":{"@id":"https:\/\/vollausgebucht.net\/?p=5659#primaryimage"},"thumbnailUrl":"https:\/\/vollausgebucht.net\/wp-content\/uploads\/rezi1794.png","keywords":["1794","Blogger","Bookish","Bookjunkie","Booklover","Booknerd","Books","Books of Instagramm","Bookstagram","Bookstagram Germany","Buchblog","Buchblogger","B\u00fccher","B\u00fccherliebe","B\u00fcchers\u00fcchtig","B\u00fccherwurm","Buchtipp","Instabooks","Leseliebe","Lesen","Leseratte","Niklas Natt och Dag","Reading","Rezension","Stockholm","Thriller","Time to read","Voll ausgebucht"],"articleSection":["Rezension"],"inLanguage":"de","potentialAction":[{"@type":"CommentAction","name":"Comment","target":["https:\/\/vollausgebucht.net\/?p=5659#respond"]}]},{"@type":"WebPage","@id":"https:\/\/vollausgebucht.net\/?p=5659","url":"https:\/\/vollausgebucht.net\/?p=5659","name":"\"1794\" - Niklas Natt och Dag - Voll ausgebucht","isPartOf":{"@id":"https:\/\/vollausgebucht.net\/#website"},"primaryImageOfPage":{"@id":"https:\/\/vollausgebucht.net\/?p=5659#primaryimage"},"image":{"@id":"https:\/\/vollausgebucht.net\/?p=5659#primaryimage"},"thumbnailUrl":"https:\/\/vollausgebucht.net\/wp-content\/uploads\/rezi1794.png","datePublished":"2021-07-25T12:20:25+00:00","dateModified":"2023-10-07T13:31:19+00:00","breadcrumb":{"@id":"https:\/\/vollausgebucht.net\/?p=5659#breadcrumb"},"inLanguage":"de","potentialAction":[{"@type":"ReadAction","target":["https:\/\/vollausgebucht.net\/?p=5659"]}]},{"@type":"ImageObject","inLanguage":"de","@id":"https:\/\/vollausgebucht.net\/?p=5659#primaryimage","url":"https:\/\/vollausgebucht.net\/wp-content\/uploads\/rezi1794.png","contentUrl":"https:\/\/vollausgebucht.net\/wp-content\/uploads\/rezi1794.png","width":700,"height":330},{"@type":"BreadcrumbList","@id":"https:\/\/vollausgebucht.net\/?p=5659#breadcrumb","itemListElement":[{"@type":"ListItem","position":1,"name":"Startseite","item":"https:\/\/vollausgebucht.net\/"},{"@type":"ListItem","position":2,"name":"&#8222;1794&#8220; &#8211; Niklas Natt och Dag"}]},{"@type":"WebSite","@id":"https:\/\/vollausgebucht.net\/#website","url":"https:\/\/vollausgebucht.net\/","name":"Voll ausgebucht","description":"","publisher":{"@id":"https:\/\/vollausgebucht.net\/#\/schema\/person\/a4c2c6f703cf1bac8cf4974558e405c6"},"potentialAction":[{"@type":"SearchAction","target":{"@type":"EntryPoint","urlTemplate":"https:\/\/vollausgebucht.net\/?s={search_term_string}"},"query-input":{"@type":"PropertyValueSpecification","valueRequired":true,"valueName":"search_term_string"}}],"inLanguage":"de"},{"@type":["Person","Organization"],"@id":"https:\/\/vollausgebucht.net\/#\/schema\/person\/a4c2c6f703cf1bac8cf4974558e405c6","name":"DesKing","logo":{"@id":"https:\/\/vollausgebucht.net\/#\/schema\/person\/image\/"},"sameAs":["https:\/\/vollausgebucht.net"],"url":"https:\/\/vollausgebucht.net\/?author=1"}]}},"_links":{"self":[{"href":"https:\/\/vollausgebucht.net\/index.php?rest_route=\/wp\/v2\/posts\/5659","targetHints":{"allow":["GET"]}}],"collection":[{"href":"https:\/\/vollausgebucht.net\/index.php?rest_route=\/wp\/v2\/posts"}],"about":[{"href":"https:\/\/vollausgebucht.net\/index.php?rest_route=\/wp\/v2\/types\/post"}],"author":[{"embeddable":true,"href":"https:\/\/vollausgebucht.net\/index.php?rest_route=\/wp\/v2\/users\/1"}],"replies":[{"embeddable":true,"href":"https:\/\/vollausgebucht.net\/index.php?rest_route=%2Fwp%2Fv2%2Fcomments&post=5659"}],"version-history":[{"count":0,"href":"https:\/\/vollausgebucht.net\/index.php?rest_route=\/wp\/v2\/posts\/5659\/revisions"}],"wp:featuredmedia":[{"embeddable":true,"href":"https:\/\/vollausgebucht.net\/index.php?rest_route=\/wp\/v2\/media\/5660"}],"wp:attachment":[{"href":"https:\/\/vollausgebucht.net\/index.php?rest_route=%2Fwp%2Fv2%2Fmedia&parent=5659"}],"wp:term":[{"taxonomy":"category","embeddable":true,"href":"https:\/\/vollausgebucht.net\/index.php?rest_route=%2Fwp%2Fv2%2Fcategories&post=5659"},{"taxonomy":"post_tag","embeddable":true,"href":"https:\/\/vollausgebucht.net\/index.php?rest_route=%2Fwp%2Fv2%2Ftags&post=5659"}],"curies":[{"name":"wp","href":"https:\/\/api.w.org\/{rel}","templated":true}]}}