{"id":5865,"date":"2021-08-11T17:55:19","date_gmt":"2021-08-11T17:55:19","guid":{"rendered":"https:\/\/vollausgebucht.net\/?p=5865"},"modified":"2023-01-08T01:34:18","modified_gmt":"2023-01-08T01:34:18","slug":"ashes-toedliche-schatten-ilsa-j-bick","status":"publish","type":"post","link":"https:\/\/vollausgebucht.net\/?p=5865","title":{"rendered":"&#8222;Ashes &#8211; T\u00f6dliche Schatten&#8220; &#8211; Ilsa J. Bick"},"content":{"rendered":"<blockquote><p><em><span style=\"color: #ffffff; font-family: georgia, palatino, serif;\">&#8220; &#8230; Und dann kam der Schmerz, ein heftiger Schmerz. Feuer und Eis tosten in ihrer Kehle und entluden sich in einem Schrei. Sich windend sah Alex vom Feldmesser nur das Heft &#8211; und eine blutrote Font\u00e4ne. &#8230;&#8220; (Seite 35)<\/span><\/em><\/p><\/blockquote>\n<p><img loading=\"lazy\" decoding=\"async\" class=\"size-full wp-image-291 aligncenter\" src=\"https:\/\/vollausgebucht.net\/wp-content\/uploads\/2020\/05\/klap.png\" alt=\"\" width=\"112\" height=\"31\" \/><\/p>\n<p style=\"text-align: center;\"><span style=\"font-family: georgia, palatino, serif; color: #000000;\">Nichts ist mehr, wie es war &#8211; kannst du diese gef\u00e4hrliche neue Welt \u00fcberleben?<\/span><br \/>\n<span style=\"font-family: georgia, palatino, serif; color: #000000;\">Den verheerenden Anschlag auf die Welt hat die siebzehnj\u00e4hrige Alex \u00fcberlebt, aber nun muss sie sich den schwerwiegenden Folgen stellen. In den St\u00e4dten, die nicht zerst\u00f6rt wurden, rotten sich diktatorische Tyranneien zusammen, in denen sich menschliche Abgr\u00fcnde auftun.<\/span><br \/>\n<span style=\"font-family: georgia, palatino, serif; color: #000000;\">Au\u00dferhalb der Schutzw\u00e4lle droht der sichere Tod. Denn dort lauern Horden Jugendlicher, die sich seit dem Ungl\u00fcck in bestialische Kannibalen verwandeln. Und schlie\u00dflich bleibt noch die Ungewissheit, ob Alex selbst noch zu so einem Monster mutiert. Warum sind ausgerechnet sie und ein paar wenige Ausnahmen von dieser Verwandlung bisher verschont geblieben?<\/span><\/p>\n<p style=\"text-align: center;\"><img loading=\"lazy\" decoding=\"async\" class=\"size-full wp-image-128 aligncenter\" src=\"https:\/\/vollausgebucht.net\/wp-content\/uploads\/daru.png\" alt=\"\" width=\"122\" height=\"35\" \/><\/p>\n<p><span style=\"font-family: georgia, palatino, serif; color: #000000;\">W\u00e4hrend Alex auf eine Gruppe Ver\u00e4nderter trifft, die ihre Nahrungsvorr\u00e4te aufstocken wollen, ist Tom immer noch auf der Suche nach ihr, w\u00e4hrend sie ihn f\u00fcr tot h\u00e4lt.<\/span><br \/>\n<span style=\"font-family: georgia, palatino, serif; color: #000000;\">Doch auch Chris und Peter m\u00fcssen au\u00dferhalb von Rule um ihr \u00dcberleben k\u00e4mpfen. &#8230;<\/span><\/p>\n<p><img loading=\"lazy\" decoding=\"async\" class=\" wp-image-5867 aligncenter\" src=\"https:\/\/vollausgebucht.net\/wp-content\/uploads\/ashes21.png\" alt=\"\" width=\"700\" height=\"700\" srcset=\"https:\/\/vollausgebucht.net\/wp-content\/uploads\/ashes21.png 600w, https:\/\/vollausgebucht.net\/wp-content\/uploads\/ashes21-350x350.png 350w, https:\/\/vollausgebucht.net\/wp-content\/uploads\/ashes21-150x150.png 150w\" sizes=\"auto, (max-width: 700px) 100vw, 700px\" \/><\/p>\n<p><img loading=\"lazy\" decoding=\"async\" class=\"size-full wp-image-125 aligncenter\" src=\"https:\/\/vollausgebucht.net\/wp-content\/uploads\/meine-meinung.png\" alt=\"\" width=\"146\" height=\"32\" \/><\/p>\n<p><span style=\"font-family: georgia, palatino, serif; color: #000000;\">Heute geht es bei mir mal wieder um das Ende der Welt, diesmal mit dem zweiten Teil aus Ilsa J. Bick &#8222;Ashes&#8220; Reihe. Nachdem ich bereits vor einiger Zeit Band 1 und 3 vom W\u00fchltisch ergattert habe, musste ich mich bei den fehlenden beiden B\u00fcchern mit dem eBook begn\u00fcgen, da sie nur noch gebraucht zu haben sind. An und f\u00fcr sich kein Problem, aber daf\u00fcr dann den Originalpreis zahlen? Ach nee, da lob ich mir doch meinen kleinen Freund, den Kindle, auch wenn es mich schon etwas gr\u00e4mt, dass da jetzt eine angefangene Reihe im Regal steht. Aber wer wei\u00df, vielleicht wird das ja noch.^^<\/span><br \/>\n<span style=\"font-family: georgia, palatino, serif; color: #000000;\">&#8222;T\u00f6dliche Schatten&#8220; schlie\u00dft nahtlos an &#8222;Brennendes Herz&#8220; an, erneut mache ich mich mit Alex, Tom, Peter und Chris auf die Reise durch eine Welt, in der die Erwachsenen zur Beute geworden sind, w\u00e4hrend sich Kinder und Teenager in blutr\u00fcnstige Gesch\u00f6pfe verwandeln. Doch nicht alle ver\u00e4ndern sich, so sind die \u00fcbriggebliebenen sowohl potentieller Feind, als auch wichtige Ressource.<\/span><br \/>\n<span style=\"font-family: georgia, palatino, serif; color: #000000;\">Am Liebsten begleite ich nach wie vor Alex, auf der ja schon in &#8222;Brennendes Herz&#8220; der Hauptaugenmerk lag. Sie ist hart im Nehmen, aber eben auch f\u00fcrsorglich, doch vor allem kommt sie alleine klar, braucht niemanden, der auf sie aufpasst und sie besch\u00fctzt. Im Gegensatz dazu haben die Jungs mich teilweise tats\u00e4chlich etwas verwirrt, da ich sie immer mal wieder verwechselt habe und dar\u00fcber nachdenken musste, wer sich nun wo befindet, drei sind einfach zu viel des Guten.^^ In Sachen Gewalt wird im Vergleich zum Vorg\u00e4nger noch einmal eine Schippe draufgelegt, das (\u00dcber)Leben in der neuem Welt ist wahrlich kein Zuckerschlecken, auch die Verpflegung k\u00f6nnte einigen schwer im Magen liegen. Doch nicht nur die Ver\u00e4nderten sind ein Problem, die \u00dcberlebenden stehen ihnen in nichts nach.<\/span><br \/>\n<span style=\"font-family: georgia, palatino, serif; color: #000000;\">Ilsa J. Bick hat sehr tiefgr\u00fcndige Charaktere erschaffen, gerade die 3 Jungs sind grundverschieden, sie haben auf die eine oder andere Art Schuld auf sich geladen und trotzdem schlie\u00dft man sie ins Herz, irgendwie. Alex hingegen ist so ein bisschen wie Sarah Connor aus &#8222;Terminator&#8220;, nur eben etwas weiblicher, trotzdem kann sich der Rest eine Scheibe von ihr abschneiden. Womit wir wieder beim Thema Essen w\u00e4ren &#8230;^^\u00a0<\/span><br \/>\n<span style=\"font-family: georgia, palatino, serif; color: #000000;\">Spa\u00df beiseite, ich mag &#8222;Ashes&#8220;, weil ich mich mit Alex auf einen d\u00fcsteren Trip begebe, in dem zwar eine kleine Lovestory vorhanden ist, allerdings ist die hier sogar f\u00fcr mich ertragbar, da dieses typisch nervige M\u00e4dchen-zwischen-zwei-Jungs-Schema hier keine Anwendung findet, dass rechne ich der Reihe hoch an und hoffe, daran \u00e4ndert sich auch sp\u00e4ter nichts.<\/span><\/p>\n<p><span style=\"font-family: georgia, palatino, serif; color: #000000;\"><img loading=\"lazy\" decoding=\"async\" class=\"size-full wp-image-298 aligncenter\" src=\"https:\/\/vollausgebucht.net\/wp-content\/uploads\/2020\/05\/fazit2.png\" alt=\"\" width=\"58\" height=\"28\" \/>Nach der H\u00e4lfte der Reihe kann ich sagen, bisher ist sie ganz nach meinem Geschmack, wenig Geschnulze, das ist es ja, was mich immer am meisten nervt. Nat\u00fcrlich geht es auch hier um Gef\u00fchle, allerdings h\u00e4lt sich dieser Teil der Geschichte dezent im Hintergrund, das finde ich toll und vergebe erneut 4 von 5 Miezekatzen. Wer Dystopien mag, in denen die Lovestory eine eher untergeordnete Rolle spielt, sollte hier unbedingt mal einen Blick riskieren.<\/span><\/p>\n<p><img loading=\"lazy\" decoding=\"async\" class=\"size-full wp-image-132 aligncenter\" src=\"https:\/\/vollausgebucht.net\/wp-content\/uploads\/miezk.png\" alt=\"\" width=\"267\" height=\"45\" \/><\/p>\n<p><span style=\"text-decoration: underline;\"><a href=\"https:\/\/vollausgebucht.net\/?p=4342\"><span style=\"font-family: georgia, palatino, serif; color: #000000; text-decoration: underline;\">01. \u201eAsches \u2013 Brennendes Herz\u201c<\/span><\/a><\/span><br \/>\n<span style=\"font-family: georgia, palatino, serif; color: #3366ff;\">02. \u201eAshes \u2013 T\u00f6dliche Schatten\u201c<\/span><br \/>\n<span style=\"font-family: georgia, palatino, serif; color: #000000;\">03. \u201eAshes \u2013 Ruhelose Seelen\u201c<\/span><br \/>\n<span style=\"font-family: georgia, palatino, serif; color: #000000;\">04. \u201eAshes \u2013 Pechschwarzer Mond\u201c<\/span><\/p>\n<p><img loading=\"lazy\" decoding=\"async\" class=\"size-full wp-image-5869 aligncenter\" src=\"https:\/\/vollausgebucht.net\/wp-content\/uploads\/ashes-bd-1-4.png\" alt=\"\" width=\"700\" height=\"356\" srcset=\"https:\/\/vollausgebucht.net\/wp-content\/uploads\/ashes-bd-1-4.png 700w, https:\/\/vollausgebucht.net\/wp-content\/uploads\/ashes-bd-1-4-350x178.png 350w, https:\/\/vollausgebucht.net\/wp-content\/uploads\/ashes-bd-1-4-295x150.png 295w\" sizes=\"auto, (max-width: 700px) 100vw, 700px\" \/><\/p>\n","protected":false},"excerpt":{"rendered":"<p>&#8220; &#8230; Und dann kam der Schmerz, ein heftiger Schmerz. Feuer und Eis tosten in ihrer Kehle und entluden sich in einem Schrei. Sich windend sah Alex vom Feldmesser nur das Heft &#8211; und eine blutrote Font\u00e4ne. &#8230;&#8220; (Seite 35) <a class=\"more-link\" href=\"https:\/\/vollausgebucht.net\/?p=5865\">Weiterlesen\u00a0\u2026<\/a><\/p>\n","protected":false},"author":1,"featured_media":5866,"comment_status":"open","ping_status":"closed","sticky":false,"template":"","format":"standard","meta":{"sfsi_plus_gutenberg_text_before_share":"","sfsi_plus_gutenberg_show_text_before_share":"","sfsi_plus_gutenberg_icon_type":"","sfsi_plus_gutenberg_icon_alignemt":"","sfsi_plus_gutenburg_max_per_row":"","_monsterinsights_skip_tracking":false,"_monsterinsights_sitenote_active":false,"_monsterinsights_sitenote_note":"","_monsterinsights_sitenote_category":0,"footnotes":""},"categories":[5],"tags":[634,550,485,482,22,450,499,481,491,494,489,492,483,11,493,486,437,636,487,490,59,495,16,484,6,796,7],"class_list":["post-5865","post","type-post","status-publish","format-standard","has-post-thumbnail","hentry","category-rezension","tag-ashes","tag-bookish","tag-bookjunkie","tag-booklover","tag-booknerd","tag-books","tag-books-of-instagramm","tag-bookstagram","tag-bookstagram-germany","tag-buchblog","tag-buchblogger","tag-buecher","tag-buecherliebe","tag-buechersuechtig","tag-buecherwurm","tag-buchtipp","tag-dystopie","tag-ilsa-j-bick","tag-instabooks","tag-leseliebe","tag-leseliste","tag-lesen","tag-leseratte","tag-reading","tag-rezension","tag-toedliche-schatten","tag-voll-ausgebucht"],"yoast_head":"<!-- This site is optimized with the Yoast SEO plugin v27.5 - https:\/\/yoast.com\/product\/yoast-seo-wordpress\/ -->\n<title>&quot;Ashes - T\u00f6dliche Schatten&quot; - Ilsa J. Bick - Voll ausgebucht<\/title>\n<meta name=\"robots\" content=\"index, follow, max-snippet:-1, max-image-preview:large, max-video-preview:-1\" \/>\n<link rel=\"canonical\" href=\"https:\/\/vollausgebucht.net\/?p=5865\" \/>\n<meta property=\"og:locale\" content=\"de_DE\" \/>\n<meta property=\"og:type\" content=\"article\" \/>\n<meta property=\"og:title\" content=\"&quot;Ashes - T\u00f6dliche Schatten&quot; - Ilsa J. Bick - Voll ausgebucht\" \/>\n<meta property=\"og:description\" content=\"&#8220; &#8230; Und dann kam der Schmerz, ein heftiger Schmerz. Feuer und Eis tosten in ihrer Kehle und entluden sich in einem Schrei. Sich windend sah Alex vom Feldmesser nur das Heft &#8211; und eine blutrote Font\u00e4ne. &#8230;&#8220; (Seite 35) Weiterlesen\u00a0\u2026\" \/>\n<meta property=\"og:url\" content=\"https:\/\/vollausgebucht.net\/?p=5865\" \/>\n<meta property=\"og:site_name\" content=\"Voll ausgebucht\" \/>\n<meta property=\"article:published_time\" content=\"2021-08-11T17:55:19+00:00\" \/>\n<meta property=\"article:modified_time\" content=\"2023-01-08T01:34:18+00:00\" \/>\n<meta property=\"og:image\" content=\"https:\/\/vollausgebucht.net\/wp-content\/uploads\/reziashes2.png\" \/>\n\t<meta property=\"og:image:width\" content=\"700\" \/>\n\t<meta property=\"og:image:height\" content=\"330\" \/>\n\t<meta property=\"og:image:type\" content=\"image\/png\" \/>\n<meta name=\"author\" content=\"DesKing\" \/>\n<script type=\"application\/ld+json\" class=\"yoast-schema-graph\">{\"@context\":\"https:\\\/\\\/schema.org\",\"@graph\":[{\"@type\":\"Article\",\"@id\":\"https:\\\/\\\/vollausgebucht.net\\\/?p=5865#article\",\"isPartOf\":{\"@id\":\"https:\\\/\\\/vollausgebucht.net\\\/?p=5865\"},\"author\":{\"name\":\"DesKing\",\"@id\":\"https:\\\/\\\/vollausgebucht.net\\\/#\\\/schema\\\/person\\\/a4c2c6f703cf1bac8cf4974558e405c6\"},\"headline\":\"&#8222;Ashes &#8211; T\u00f6dliche Schatten&#8220; &#8211; Ilsa J. Bick\",\"datePublished\":\"2021-08-11T17:55:19+00:00\",\"dateModified\":\"2023-01-08T01:34:18+00:00\",\"mainEntityOfPage\":{\"@id\":\"https:\\\/\\\/vollausgebucht.net\\\/?p=5865\"},\"wordCount\":728,\"commentCount\":0,\"publisher\":{\"@id\":\"https:\\\/\\\/vollausgebucht.net\\\/#\\\/schema\\\/person\\\/a4c2c6f703cf1bac8cf4974558e405c6\"},\"image\":{\"@id\":\"https:\\\/\\\/vollausgebucht.net\\\/?p=5865#primaryimage\"},\"thumbnailUrl\":\"https:\\\/\\\/vollausgebucht.net\\\/wp-content\\\/uploads\\\/reziashes2.png\",\"keywords\":[\"Ashes\",\"Bookish\",\"Bookjunkie\",\"Booklover\",\"Booknerd\",\"Books\",\"Books of Instagramm\",\"Bookstagram\",\"Bookstagram Germany\",\"Buchblog\",\"Buchblogger\",\"B\u00fccher\",\"B\u00fccherliebe\",\"B\u00fcchers\u00fcchtig\",\"B\u00fccherwurm\",\"Buchtipp\",\"Dystopie\",\"Ilsa J. Bick\",\"Instabooks\",\"Leseliebe\",\"Leseliste\",\"Lesen\",\"Leseratte\",\"Reading\",\"Rezension\",\"T\u00f6dliche Schatten\",\"Voll ausgebucht\"],\"articleSection\":[\"Rezension\"],\"inLanguage\":\"de\",\"potentialAction\":[{\"@type\":\"CommentAction\",\"name\":\"Comment\",\"target\":[\"https:\\\/\\\/vollausgebucht.net\\\/?p=5865#respond\"]}]},{\"@type\":\"WebPage\",\"@id\":\"https:\\\/\\\/vollausgebucht.net\\\/?p=5865\",\"url\":\"https:\\\/\\\/vollausgebucht.net\\\/?p=5865\",\"name\":\"\\\"Ashes - T\u00f6dliche Schatten\\\" - Ilsa J. Bick - Voll ausgebucht\",\"isPartOf\":{\"@id\":\"https:\\\/\\\/vollausgebucht.net\\\/#website\"},\"primaryImageOfPage\":{\"@id\":\"https:\\\/\\\/vollausgebucht.net\\\/?p=5865#primaryimage\"},\"image\":{\"@id\":\"https:\\\/\\\/vollausgebucht.net\\\/?p=5865#primaryimage\"},\"thumbnailUrl\":\"https:\\\/\\\/vollausgebucht.net\\\/wp-content\\\/uploads\\\/reziashes2.png\",\"datePublished\":\"2021-08-11T17:55:19+00:00\",\"dateModified\":\"2023-01-08T01:34:18+00:00\",\"breadcrumb\":{\"@id\":\"https:\\\/\\\/vollausgebucht.net\\\/?p=5865#breadcrumb\"},\"inLanguage\":\"de\",\"potentialAction\":[{\"@type\":\"ReadAction\",\"target\":[\"https:\\\/\\\/vollausgebucht.net\\\/?p=5865\"]}]},{\"@type\":\"ImageObject\",\"inLanguage\":\"de\",\"@id\":\"https:\\\/\\\/vollausgebucht.net\\\/?p=5865#primaryimage\",\"url\":\"https:\\\/\\\/vollausgebucht.net\\\/wp-content\\\/uploads\\\/reziashes2.png\",\"contentUrl\":\"https:\\\/\\\/vollausgebucht.net\\\/wp-content\\\/uploads\\\/reziashes2.png\",\"width\":700,\"height\":330},{\"@type\":\"BreadcrumbList\",\"@id\":\"https:\\\/\\\/vollausgebucht.net\\\/?p=5865#breadcrumb\",\"itemListElement\":[{\"@type\":\"ListItem\",\"position\":1,\"name\":\"Startseite\",\"item\":\"https:\\\/\\\/vollausgebucht.net\\\/\"},{\"@type\":\"ListItem\",\"position\":2,\"name\":\"&#8222;Ashes &#8211; T\u00f6dliche Schatten&#8220; &#8211; Ilsa J. Bick\"}]},{\"@type\":\"WebSite\",\"@id\":\"https:\\\/\\\/vollausgebucht.net\\\/#website\",\"url\":\"https:\\\/\\\/vollausgebucht.net\\\/\",\"name\":\"Voll ausgebucht\",\"description\":\"\",\"publisher\":{\"@id\":\"https:\\\/\\\/vollausgebucht.net\\\/#\\\/schema\\\/person\\\/a4c2c6f703cf1bac8cf4974558e405c6\"},\"potentialAction\":[{\"@type\":\"SearchAction\",\"target\":{\"@type\":\"EntryPoint\",\"urlTemplate\":\"https:\\\/\\\/vollausgebucht.net\\\/?s={search_term_string}\"},\"query-input\":{\"@type\":\"PropertyValueSpecification\",\"valueRequired\":true,\"valueName\":\"search_term_string\"}}],\"inLanguage\":\"de\"},{\"@type\":[\"Person\",\"Organization\"],\"@id\":\"https:\\\/\\\/vollausgebucht.net\\\/#\\\/schema\\\/person\\\/a4c2c6f703cf1bac8cf4974558e405c6\",\"name\":\"DesKing\",\"logo\":{\"@id\":\"https:\\\/\\\/vollausgebucht.net\\\/#\\\/schema\\\/person\\\/image\\\/\"},\"sameAs\":[\"https:\\\/\\\/vollausgebucht.net\"],\"url\":\"https:\\\/\\\/vollausgebucht.net\\\/?author=1\"}]}<\/script>\n<!-- \/ Yoast SEO plugin. -->","yoast_head_json":{"title":"\"Ashes - T\u00f6dliche Schatten\" - Ilsa J. Bick - Voll ausgebucht","robots":{"index":"index","follow":"follow","max-snippet":"max-snippet:-1","max-image-preview":"max-image-preview:large","max-video-preview":"max-video-preview:-1"},"canonical":"https:\/\/vollausgebucht.net\/?p=5865","og_locale":"de_DE","og_type":"article","og_title":"\"Ashes - T\u00f6dliche Schatten\" - Ilsa J. Bick - Voll ausgebucht","og_description":"&#8220; &#8230; Und dann kam der Schmerz, ein heftiger Schmerz. Feuer und Eis tosten in ihrer Kehle und entluden sich in einem Schrei. Sich windend sah Alex vom Feldmesser nur das Heft &#8211; und eine blutrote Font\u00e4ne. &#8230;&#8220; (Seite 35) Weiterlesen\u00a0\u2026","og_url":"https:\/\/vollausgebucht.net\/?p=5865","og_site_name":"Voll ausgebucht","article_published_time":"2021-08-11T17:55:19+00:00","article_modified_time":"2023-01-08T01:34:18+00:00","og_image":[{"width":700,"height":330,"url":"https:\/\/vollausgebucht.net\/wp-content\/uploads\/reziashes2.png","type":"image\/png"}],"author":"DesKing","schema":{"@context":"https:\/\/schema.org","@graph":[{"@type":"Article","@id":"https:\/\/vollausgebucht.net\/?p=5865#article","isPartOf":{"@id":"https:\/\/vollausgebucht.net\/?p=5865"},"author":{"name":"DesKing","@id":"https:\/\/vollausgebucht.net\/#\/schema\/person\/a4c2c6f703cf1bac8cf4974558e405c6"},"headline":"&#8222;Ashes &#8211; T\u00f6dliche Schatten&#8220; &#8211; Ilsa J. Bick","datePublished":"2021-08-11T17:55:19+00:00","dateModified":"2023-01-08T01:34:18+00:00","mainEntityOfPage":{"@id":"https:\/\/vollausgebucht.net\/?p=5865"},"wordCount":728,"commentCount":0,"publisher":{"@id":"https:\/\/vollausgebucht.net\/#\/schema\/person\/a4c2c6f703cf1bac8cf4974558e405c6"},"image":{"@id":"https:\/\/vollausgebucht.net\/?p=5865#primaryimage"},"thumbnailUrl":"https:\/\/vollausgebucht.net\/wp-content\/uploads\/reziashes2.png","keywords":["Ashes","Bookish","Bookjunkie","Booklover","Booknerd","Books","Books of Instagramm","Bookstagram","Bookstagram Germany","Buchblog","Buchblogger","B\u00fccher","B\u00fccherliebe","B\u00fcchers\u00fcchtig","B\u00fccherwurm","Buchtipp","Dystopie","Ilsa J. Bick","Instabooks","Leseliebe","Leseliste","Lesen","Leseratte","Reading","Rezension","T\u00f6dliche Schatten","Voll ausgebucht"],"articleSection":["Rezension"],"inLanguage":"de","potentialAction":[{"@type":"CommentAction","name":"Comment","target":["https:\/\/vollausgebucht.net\/?p=5865#respond"]}]},{"@type":"WebPage","@id":"https:\/\/vollausgebucht.net\/?p=5865","url":"https:\/\/vollausgebucht.net\/?p=5865","name":"\"Ashes - T\u00f6dliche Schatten\" - Ilsa J. Bick - Voll ausgebucht","isPartOf":{"@id":"https:\/\/vollausgebucht.net\/#website"},"primaryImageOfPage":{"@id":"https:\/\/vollausgebucht.net\/?p=5865#primaryimage"},"image":{"@id":"https:\/\/vollausgebucht.net\/?p=5865#primaryimage"},"thumbnailUrl":"https:\/\/vollausgebucht.net\/wp-content\/uploads\/reziashes2.png","datePublished":"2021-08-11T17:55:19+00:00","dateModified":"2023-01-08T01:34:18+00:00","breadcrumb":{"@id":"https:\/\/vollausgebucht.net\/?p=5865#breadcrumb"},"inLanguage":"de","potentialAction":[{"@type":"ReadAction","target":["https:\/\/vollausgebucht.net\/?p=5865"]}]},{"@type":"ImageObject","inLanguage":"de","@id":"https:\/\/vollausgebucht.net\/?p=5865#primaryimage","url":"https:\/\/vollausgebucht.net\/wp-content\/uploads\/reziashes2.png","contentUrl":"https:\/\/vollausgebucht.net\/wp-content\/uploads\/reziashes2.png","width":700,"height":330},{"@type":"BreadcrumbList","@id":"https:\/\/vollausgebucht.net\/?p=5865#breadcrumb","itemListElement":[{"@type":"ListItem","position":1,"name":"Startseite","item":"https:\/\/vollausgebucht.net\/"},{"@type":"ListItem","position":2,"name":"&#8222;Ashes &#8211; T\u00f6dliche Schatten&#8220; &#8211; Ilsa J. Bick"}]},{"@type":"WebSite","@id":"https:\/\/vollausgebucht.net\/#website","url":"https:\/\/vollausgebucht.net\/","name":"Voll ausgebucht","description":"","publisher":{"@id":"https:\/\/vollausgebucht.net\/#\/schema\/person\/a4c2c6f703cf1bac8cf4974558e405c6"},"potentialAction":[{"@type":"SearchAction","target":{"@type":"EntryPoint","urlTemplate":"https:\/\/vollausgebucht.net\/?s={search_term_string}"},"query-input":{"@type":"PropertyValueSpecification","valueRequired":true,"valueName":"search_term_string"}}],"inLanguage":"de"},{"@type":["Person","Organization"],"@id":"https:\/\/vollausgebucht.net\/#\/schema\/person\/a4c2c6f703cf1bac8cf4974558e405c6","name":"DesKing","logo":{"@id":"https:\/\/vollausgebucht.net\/#\/schema\/person\/image\/"},"sameAs":["https:\/\/vollausgebucht.net"],"url":"https:\/\/vollausgebucht.net\/?author=1"}]}},"_links":{"self":[{"href":"https:\/\/vollausgebucht.net\/index.php?rest_route=\/wp\/v2\/posts\/5865","targetHints":{"allow":["GET"]}}],"collection":[{"href":"https:\/\/vollausgebucht.net\/index.php?rest_route=\/wp\/v2\/posts"}],"about":[{"href":"https:\/\/vollausgebucht.net\/index.php?rest_route=\/wp\/v2\/types\/post"}],"author":[{"embeddable":true,"href":"https:\/\/vollausgebucht.net\/index.php?rest_route=\/wp\/v2\/users\/1"}],"replies":[{"embeddable":true,"href":"https:\/\/vollausgebucht.net\/index.php?rest_route=%2Fwp%2Fv2%2Fcomments&post=5865"}],"version-history":[{"count":0,"href":"https:\/\/vollausgebucht.net\/index.php?rest_route=\/wp\/v2\/posts\/5865\/revisions"}],"wp:featuredmedia":[{"embeddable":true,"href":"https:\/\/vollausgebucht.net\/index.php?rest_route=\/wp\/v2\/media\/5866"}],"wp:attachment":[{"href":"https:\/\/vollausgebucht.net\/index.php?rest_route=%2Fwp%2Fv2%2Fmedia&parent=5865"}],"wp:term":[{"taxonomy":"category","embeddable":true,"href":"https:\/\/vollausgebucht.net\/index.php?rest_route=%2Fwp%2Fv2%2Fcategories&post=5865"},{"taxonomy":"post_tag","embeddable":true,"href":"https:\/\/vollausgebucht.net\/index.php?rest_route=%2Fwp%2Fv2%2Ftags&post=5865"}],"curies":[{"name":"wp","href":"https:\/\/api.w.org\/{rel}","templated":true}]}}