{"id":6076,"date":"2021-08-24T15:55:17","date_gmt":"2021-08-24T15:55:17","guid":{"rendered":"https:\/\/vollausgebucht.net\/?p=6076"},"modified":"2021-08-24T17:20:20","modified_gmt":"2021-08-24T17:20:20","slug":"die-grimm-chroniken-10-der-schwarze-spiegel-maya-shepherd","status":"publish","type":"post","link":"https:\/\/vollausgebucht.net\/?p=6076","title":{"rendered":"\u201eDie Grimm-Chroniken 10: Der schwarze Spiegel\u201c \u2013 Maya Shepherd"},"content":{"rendered":"<blockquote><p><span style=\"font-family: georgia, palatino, serif; color: #ffffff;\"><em>&#8220; Niemals k\u00f6nnte er ihr etwas zuleide tun, denn er trug die Liebe f\u00fcr sie bereits in sich. In seiner Brust schlug ein geteiltes Herz. Zwei H\u00e4lften, die zusammen etwas Ganzes ergaben. &#8230;&#8220; (Seite 81)<\/em><\/span><\/p><\/blockquote>\n<p><img loading=\"lazy\" decoding=\"async\" class=\"size-full wp-image-291 aligncenter\" src=\"https:\/\/vollausgebucht.net\/wp-content\/uploads\/2020\/05\/klap.png\" alt=\"\" width=\"112\" height=\"31\" \/><\/p>\n<p style=\"text-align: center;\"><span style=\"font-family: georgia, palatino, serif; color: #000000;\">Wer oder was ist b\u00f6se? Die Antwort liefert die Jubil\u00e4umsfolge der Grimm-Chroniken und enth\u00fcllt dabei eines der gr\u00f6\u00dften Geheimnisse der kompletten Serie.<\/span><\/p>\n<p style=\"text-align: center;\"><span style=\"font-family: georgia, palatino, serif; color: #000000;\">Dieser Spiegel war anders als alle, die ich bisher erblickt hatte. Ein verschn\u00f6rkelter Rahmen aus Ebenholz rahmte das schwarze Glas in seiner Mitte ein. Er zeigte mich nicht als die gebrechliche Frau, die ich heute war, sondern als jene Apfelprinzessin, die voller Zuversicht und Tr\u00e4ume in ihre Zukunft geblickt hatte.<\/span><br \/>\n<span style=\"font-family: georgia, palatino, serif; color: #000000;\">\u00bbIst es nicht erstaunlich, dass das eigene Spiegelbild einem ganz anders erscheint als das, was andere Menschen von einem wahrnehmen? Niemand ist in der Lage, sich selbst so zu sehen, wie er ist. Wenn ich meine eigene Dunkelheit nicht erfassen kann, ist es dann m\u00f6glich, dass das B\u00f6se l\u00e4ngst Besitz von mir ergriffen hat?\u00ab<\/span><\/p>\n<p><img loading=\"lazy\" decoding=\"async\" class=\"size-full wp-image-128 aligncenter\" src=\"https:\/\/vollausgebucht.net\/wp-content\/uploads\/daru.png\" alt=\"\" width=\"122\" height=\"35\" \/><span style=\"font-family: georgia, palatino, serif; color: #000000;\">Der Mann trifft Entscheidungen hinter ihrem R\u00fccken und die kleine s\u00fc\u00dfe Tochter ist ein Vampir, der seinen Blutdurst nicht unter Kontrolle hat, Mary hat es nicht leicht. Nach einem Blick in den Spiegel wird ihr immer mehr bewusst, wie schnell ihr K\u00f6rper verf\u00e4llt. Doch zumindest f\u00fcr das letzte Problem gibt es eine L\u00f6sung &#8230;<\/span><\/p>\n<p><img loading=\"lazy\" decoding=\"async\" class=\"size-full wp-image-6079 aligncenter\" src=\"https:\/\/vollausgebucht.net\/wp-content\/uploads\/gc101.png\" alt=\"\" width=\"600\" height=\"600\" srcset=\"https:\/\/vollausgebucht.net\/wp-content\/uploads\/gc101.png 600w, https:\/\/vollausgebucht.net\/wp-content\/uploads\/gc101-350x350.png 350w, https:\/\/vollausgebucht.net\/wp-content\/uploads\/gc101-150x150.png 150w\" sizes=\"auto, (max-width: 600px) 100vw, 600px\" \/><\/p>\n<p><img loading=\"lazy\" decoding=\"async\" class=\"size-full wp-image-125 aligncenter\" src=\"https:\/\/vollausgebucht.net\/wp-content\/uploads\/meine-meinung.png\" alt=\"\" width=\"146\" height=\"32\" \/><span style=\"font-family: georgia, palatino, serif; color: #000000;\">&#8222;<span style=\"text-decoration: underline;\"><a style=\"color: #000000; text-decoration: underline;\" href=\"https:\/\/sternensand-shop.ch\/products\/die-grimm-chroniken-10-der-schwarze-spiegel?variant=15284016578603\">Der schwarze Spiegel<\/a><\/span>&#8220; ist bereits der zehnte Band der Grimm Chroniken ist im Vergleich zu seinen Vorg\u00e4ngern ein ganz sch\u00f6ner Klopper, au\u00dferdem geht es diesmal fast ausschlie\u00dflich um K\u00f6nigin Mary, <span style=\"text-decoration: underline;\"><a style=\"color: #000000; text-decoration: underline;\" href=\"https:\/\/mayashepherd.de\/\">Maya Shepherd<\/a><\/span> hat ihre Leser ja lange genug auf die Folter gespannt, jetzt erf\u00e4hrt man endlich, was mit ihr passiert ist und was zwischen ihr und ihrem Mann Dorian steht. Mary erz\u00e4hlt ihre Sichtweite der Dinge und so gibt es ein paar R\u00fcckblicke auf Geschehnisse, die dem Leser bekannt vorkommen d\u00fcrften, diesmal allerdings aus Marys Blickwinkel, ein sehr kluger Schachzug. Nat\u00fcrlich spielt ein Spiegel eine wichtige Rolle, das war ja schon bei der b\u00f6sen Stiefmutter in &#8222;Schneewittchen&#8220; so und dennoch ist hier alles ganz anders.<\/span><br \/>\n<span style=\"font-family: georgia, palatino, serif; color: #000000;\">Auch wenn es kein Wiedersehen mit Maggy und Joe gibt, so taucht doch jemand anders wieder aus der Versenkung auf, die b\u00f6ses Hexe Baba Zima, aber sie ist bei weitem nicht das garstigste Weibsst\u00fcck in Engelland, das k\u00f6nnt ihr mir ruhig glauben.^^<br \/>\nErneut bedient sich die Autorin bei verschiedenen M\u00e4rchen, die ich nicht nennen werde, aber zumindest so viel kann ich sagen (oder schreiben): es wird spannend und blutig. Das sorgt daf\u00fcr, dass ich die vielen Charaktere, die unerw\u00e4hnt bleiben, gar nicht wirklich vermisst habe, auch wenn ich mich darauf freue, sie bald wieder zu treffen.<br \/>\nObwohl ich bereits geahnt habe, in welche Richtung es gehen wird, hat mich Marys Schicksal sehr ber\u00fchrt und da ich noch einige B\u00e4nde vor mir hab, wird da sicherlich noch so einiges passieren, ich bin auf jeden Fall gespannt.<\/span><\/p>\n<p><img loading=\"lazy\" decoding=\"async\" class=\"size-full wp-image-298 aligncenter\" src=\"https:\/\/vollausgebucht.net\/wp-content\/uploads\/2020\/05\/fazit2.png\" alt=\"\" width=\"58\" height=\"28\" \/><\/p>\n<p><span style=\"font-family: georgia, palatino, serif;\"><span style=\"color: #000000;\">What happened to Mary? Es gibt endlich eine Antwort und erneut muss man sich die Frage stellen: Was ist gut, was b\u00f6se? Oder besser, wer.^^ Macht eine falsche Entscheidung einen zu einem schlechten Menschen? Ich muss gestehen, ich mag dieses Hin und Her und freue mich auf die folgenden Teile, aber erstmal muss ich mir Nachschub besorgen und eine Badewanne, man wird schlie\u00dflich nicht j\u00fcnger. Bis dahin gibts aber wie immer erstmal 4 von 5 Miezekatzen.<\/span><\/span><\/p>\n<p><img loading=\"lazy\" decoding=\"async\" class=\"size-full wp-image-132 aligncenter\" src=\"https:\/\/vollausgebucht.net\/wp-content\/uploads\/miezk.png\" alt=\"\" width=\"267\" height=\"45\" \/><\/p>\n<p><img loading=\"lazy\" decoding=\"async\" class=\"size-full wp-image-6078 aligncenter\" src=\"https:\/\/vollausgebucht.net\/wp-content\/uploads\/gc102.png\" alt=\"\" width=\"700\" height=\"356\" srcset=\"https:\/\/vollausgebucht.net\/wp-content\/uploads\/gc102.png 700w, https:\/\/vollausgebucht.net\/wp-content\/uploads\/gc102-350x178.png 350w, https:\/\/vollausgebucht.net\/wp-content\/uploads\/gc102-295x150.png 295w\" sizes=\"auto, (max-width: 700px) 100vw, 700px\" \/><\/p>\n<p><span style=\"text-decoration: underline;\"><span style=\"color: #000000; text-decoration: underline;\"><a style=\"color: #000000; text-decoration: underline;\" href=\"https:\/\/vollausgebucht.net\/?p=3387\"><span style=\"font-family: georgia, palatino, serif;\">01. &#8222;Die Apfelprinzessin&#8220;<\/span><\/a><\/span><\/span><br \/>\n<span style=\"text-decoration: underline;\"><span style=\"color: #000000; text-decoration: underline;\"><a style=\"color: #000000; text-decoration: underline;\" href=\"https:\/\/vollausgebucht.net\/?p=3389\"><span style=\"font-family: georgia, palatino, serif;\">02. &#8222;Asche, Blut und Schnee&#8220;<\/span><\/a><\/span><\/span><br \/>\n<span style=\"text-decoration: underline;\"><span style=\"color: #000000; text-decoration: underline;\"><a style=\"color: #000000; text-decoration: underline;\" href=\"https:\/\/vollausgebucht.net\/?p=3398\"><span style=\"font-family: georgia, palatino, serif;\">03. &#8222;Der schlafende Tod&#8220;<\/span><\/a><\/span><\/span><br \/>\n<span style=\"text-decoration: underline;\"><span style=\"color: #000000; text-decoration: underline;\"><a style=\"color: #000000; text-decoration: underline;\" href=\"https:\/\/vollausgebucht.net\/?p=3917\"><span style=\"font-family: georgia, palatino, serif;\">04. &#8222;Der Gesang der Sirenen&#8220;<\/span><\/a><\/span><\/span><br \/>\n<span style=\"text-decoration: underline;\"><span style=\"color: #000000; text-decoration: underline;\"><a style=\"color: #000000; text-decoration: underline;\" href=\"https:\/\/vollausgebucht.net\/?p=3924\"><span style=\"font-family: georgia, palatino, serif;\">05. &#8222;Der goldene Apfel&#8220;<\/span><\/a><\/span><\/span><br \/>\n<span style=\"text-decoration: underline;\"><span style=\"color: #000000; text-decoration: underline;\"><a style=\"color: #000000; text-decoration: underline;\" href=\"https:\/\/vollausgebucht.net\/?p=4192\"><span style=\"font-family: georgia, palatino, serif;\">06. &#8222;Der Tanz der verlorenen Seelen&#8220;<\/span><\/a><\/span><\/span><br \/>\n<span style=\"text-decoration: underline; color: #000000;\"><a style=\"color: #000000; text-decoration: underline;\" href=\"https:\/\/vollausgebucht.net\/?p=5061\"><span style=\"font-family: georgia, palatino, serif;\">07. &#8222;Das Aschem\u00e4dchen&#8220;<\/span><\/a><\/span><br \/>\n<span style=\"text-decoration: underline;\"><span style=\"color: #000000; text-decoration: underline;\"><a style=\"color: #000000; text-decoration: underline;\" href=\"https:\/\/vollausgebucht.net\/?p=5543\"><span style=\"font-family: georgia, palatino, serif;\">08. &#8222;Dornen, Rosen und Federn&#8220;<\/span><\/a><\/span><\/span><br \/>\n<span style=\"text-decoration: underline;\"><span style=\"color: #000000; text-decoration: underline;\"><a style=\"color: #000000; text-decoration: underline;\" href=\"https:\/\/vollausgebucht.net\/?p=5726\"><span style=\"font-family: georgia, palatino, serif;\">09. &#8222;Die verbotene Farbe&#8220;<\/span><\/a><\/span><\/span><br \/>\n<span style=\"font-family: georgia, palatino, serif; color: #3366ff;\">10. &#8222;Der schwarze Spiegel&#8220;<\/span><br \/>\n<span style=\"font-family: georgia, palatino, serif; color: #000000;\">11. &#8222;Tr\u00e4ume aus Gold und Stroh&#8220;<\/span><br \/>\n<span style=\"font-family: georgia, palatino, serif; color: #000000;\">12. &#8222;Das Mondm\u00e4dchen&#8220;<\/span><br \/>\n<span style=\"font-family: georgia, palatino, serif; color: #000000;\">13. &#8222;Die vergessenen Sieben&#8220;<\/span><br \/>\n<span style=\"font-family: georgia, palatino, serif; color: #000000;\">14. &#8222;Der Sohn des Drachen&#8220;<\/span><br \/>\n<span style=\"font-family: georgia, palatino, serif; color: #000000;\">15. &#8222;Rosenkuss und Dornenkrone&#8220;<\/span><br \/>\n<span style=\"font-family: georgia, palatino, serif; color: #000000;\">16. &#8222;Der Dornenprinz&#8220;<\/span><br \/>\n<span style=\"font-family: georgia, palatino, serif; color: #000000;\">17. &#8222;Wolfsblut im Sternenregen&#8220;<\/span><br \/>\n<span style=\"font-family: georgia, palatino, serif; color: #000000;\">18. &#8222;Unterhalb des Horizonts&#8220;<\/span><br \/>\n<span style=\"font-family: georgia, palatino, serif; color: #000000;\">19. &#8222;Hexenherz&#8220;<\/span><br \/>\n<span style=\"font-family: georgia, palatino, serif; color: #000000;\">20. &#8222;Der Spiegelball&#8220;<\/span><br \/>\n<span style=\"font-family: georgia, palatino, serif; color: #000000;\">21. &#8222;Blutrote Schwestern&#8220;<\/span><br \/>\n<span style=\"font-family: georgia, palatino, serif; color: #000000;\">22. &#8222;Der M\u00e4rchenschreiber&#8220;<\/span><br \/>\n<span style=\"font-family: georgia, palatino, serif; color: #000000;\">23. &#8222;Das Ungl\u00fcckskind&#8220;<\/span><br \/>\n<span style=\"font-family: georgia, palatino, serif; color: #000000;\">24. &#8222;Die Tochter des Todes&#8220;<\/span><br \/>\n<span style=\"font-family: georgia, palatino, serif; color: #000000;\">25. &#8222;Das Labyrinth der K\u00f6nigin&#8220;<\/span><br \/>\n<span style=\"font-family: georgia, palatino, serif; color: #000000;\">26. &#8222;Krieg der Farben&#8220;\u00a0<\/span><\/p>\n","protected":false},"excerpt":{"rendered":"<p>&#8220; Niemals k\u00f6nnte er ihr etwas zuleide tun, denn er trug die Liebe f\u00fcr sie bereits in sich. In seiner Brust schlug ein geteiltes Herz. Zwei H\u00e4lften, die zusammen etwas Ganzes ergaben. &#8230;&#8220; (Seite 81) Wer oder was ist b\u00f6se? <a class=\"more-link\" href=\"https:\/\/vollausgebucht.net\/?p=6076\">Weiterlesen\u00a0\u2026<\/a><\/p>\n","protected":false},"author":1,"featured_media":6077,"comment_status":"open","ping_status":"closed","sticky":false,"template":"","format":"standard","meta":{"sfsi_plus_gutenberg_text_before_share":"","sfsi_plus_gutenberg_show_text_before_share":"","sfsi_plus_gutenberg_icon_type":"","sfsi_plus_gutenberg_icon_alignemt":"","sfsi_plus_gutenburg_max_per_row":"","_monsterinsights_skip_tracking":false,"_monsterinsights_sitenote_active":false,"_monsterinsights_sitenote_note":"","_monsterinsights_sitenote_category":0,"footnotes":""},"categories":[5],"tags":[23,550,485,482,22,450,499,481,491,494,489,492,483,11,493,486,816,497,487,490,495,16,317,707,500,484,6,501,817,378,236,7],"class_list":["post-6076","post","type-post","status-publish","format-standard","has-post-thumbnail","hentry","category-rezension","tag-blogger","tag-bookish","tag-bookjunkie","tag-booklover","tag-booknerd","tag-books","tag-books-of-instagramm","tag-bookstagram","tag-bookstagram-germany","tag-buchblog","tag-buchblogger","tag-buecher","tag-buecherliebe","tag-buechersuechtig","tag-buecherwurm","tag-buchtipp","tag-der-schwarze-spiegel","tag-die-grimm-chroniken","tag-instabooks","tag-leseliebe","tag-lesen","tag-leseratte","tag-maerchen","tag-maerchenadaption","tag-maya-shepherd","tag-reading","tag-rezension","tag-schneewittchen","tag-sternensand","tag-time-to-read","tag-vampire","tag-voll-ausgebucht"],"yoast_head":"<!-- This site is optimized with the Yoast SEO plugin v27.4 - https:\/\/yoast.com\/product\/yoast-seo-wordpress\/ -->\n<title>\u201eDie Grimm-Chroniken 10: Der schwarze Spiegel\u201c \u2013 Maya Shepherd - Voll ausgebucht<\/title>\n<meta name=\"robots\" content=\"index, follow, max-snippet:-1, max-image-preview:large, max-video-preview:-1\" \/>\n<link rel=\"canonical\" href=\"https:\/\/vollausgebucht.net\/?p=6076\" \/>\n<meta property=\"og:locale\" content=\"de_DE\" \/>\n<meta property=\"og:type\" content=\"article\" \/>\n<meta property=\"og:title\" content=\"\u201eDie Grimm-Chroniken 10: Der schwarze Spiegel\u201c \u2013 Maya Shepherd - Voll ausgebucht\" \/>\n<meta property=\"og:description\" content=\"&#8220; Niemals k\u00f6nnte er ihr etwas zuleide tun, denn er trug die Liebe f\u00fcr sie bereits in sich. In seiner Brust schlug ein geteiltes Herz. Zwei H\u00e4lften, die zusammen etwas Ganzes ergaben. &#8230;&#8220; (Seite 81) Wer oder was ist b\u00f6se? Weiterlesen\u00a0\u2026\" \/>\n<meta property=\"og:url\" content=\"https:\/\/vollausgebucht.net\/?p=6076\" \/>\n<meta property=\"og:site_name\" content=\"Voll ausgebucht\" \/>\n<meta property=\"article:published_time\" content=\"2021-08-24T15:55:17+00:00\" \/>\n<meta property=\"article:modified_time\" content=\"2021-08-24T17:20:20+00:00\" \/>\n<meta property=\"og:image\" content=\"https:\/\/vollausgebucht.net\/wp-content\/uploads\/rezigc10.png\" \/>\n\t<meta property=\"og:image:width\" content=\"700\" \/>\n\t<meta property=\"og:image:height\" content=\"330\" \/>\n\t<meta property=\"og:image:type\" content=\"image\/png\" \/>\n<meta name=\"author\" content=\"DesKing\" \/>\n<script type=\"application\/ld+json\" class=\"yoast-schema-graph\">{\"@context\":\"https:\\\/\\\/schema.org\",\"@graph\":[{\"@type\":\"Article\",\"@id\":\"https:\\\/\\\/vollausgebucht.net\\\/?p=6076#article\",\"isPartOf\":{\"@id\":\"https:\\\/\\\/vollausgebucht.net\\\/?p=6076\"},\"author\":{\"name\":\"DesKing\",\"@id\":\"https:\\\/\\\/vollausgebucht.net\\\/#\\\/schema\\\/person\\\/a4c2c6f703cf1bac8cf4974558e405c6\"},\"headline\":\"\u201eDie Grimm-Chroniken 10: Der schwarze Spiegel\u201c \u2013 Maya Shepherd\",\"datePublished\":\"2021-08-24T15:55:17+00:00\",\"dateModified\":\"2021-08-24T17:20:20+00:00\",\"mainEntityOfPage\":{\"@id\":\"https:\\\/\\\/vollausgebucht.net\\\/?p=6076\"},\"wordCount\":666,\"commentCount\":0,\"publisher\":{\"@id\":\"https:\\\/\\\/vollausgebucht.net\\\/#\\\/schema\\\/person\\\/a4c2c6f703cf1bac8cf4974558e405c6\"},\"image\":{\"@id\":\"https:\\\/\\\/vollausgebucht.net\\\/?p=6076#primaryimage\"},\"thumbnailUrl\":\"https:\\\/\\\/vollausgebucht.net\\\/wp-content\\\/uploads\\\/rezigc10.png\",\"keywords\":[\"Blogger\",\"Bookish\",\"Bookjunkie\",\"Booklover\",\"Booknerd\",\"Books\",\"Books of Instagramm\",\"Bookstagram\",\"Bookstagram Germany\",\"Buchblog\",\"Buchblogger\",\"B\u00fccher\",\"B\u00fccherliebe\",\"B\u00fcchers\u00fcchtig\",\"B\u00fccherwurm\",\"Buchtipp\",\"Der schwarze Spiegel\",\"Die Grimm Chroniken\",\"Instabooks\",\"Leseliebe\",\"Lesen\",\"Leseratte\",\"M\u00e4rchen\",\"M\u00e4rchenadaption\",\"Maya Shepherd\",\"Reading\",\"Rezension\",\"Schneewittchen\",\"Sternensand\",\"Time to read\",\"Vampire\",\"Voll ausgebucht\"],\"articleSection\":[\"Rezension\"],\"inLanguage\":\"de\",\"potentialAction\":[{\"@type\":\"CommentAction\",\"name\":\"Comment\",\"target\":[\"https:\\\/\\\/vollausgebucht.net\\\/?p=6076#respond\"]}]},{\"@type\":\"WebPage\",\"@id\":\"https:\\\/\\\/vollausgebucht.net\\\/?p=6076\",\"url\":\"https:\\\/\\\/vollausgebucht.net\\\/?p=6076\",\"name\":\"\u201eDie Grimm-Chroniken 10: Der schwarze Spiegel\u201c \u2013 Maya Shepherd - Voll ausgebucht\",\"isPartOf\":{\"@id\":\"https:\\\/\\\/vollausgebucht.net\\\/#website\"},\"primaryImageOfPage\":{\"@id\":\"https:\\\/\\\/vollausgebucht.net\\\/?p=6076#primaryimage\"},\"image\":{\"@id\":\"https:\\\/\\\/vollausgebucht.net\\\/?p=6076#primaryimage\"},\"thumbnailUrl\":\"https:\\\/\\\/vollausgebucht.net\\\/wp-content\\\/uploads\\\/rezigc10.png\",\"datePublished\":\"2021-08-24T15:55:17+00:00\",\"dateModified\":\"2021-08-24T17:20:20+00:00\",\"breadcrumb\":{\"@id\":\"https:\\\/\\\/vollausgebucht.net\\\/?p=6076#breadcrumb\"},\"inLanguage\":\"de\",\"potentialAction\":[{\"@type\":\"ReadAction\",\"target\":[\"https:\\\/\\\/vollausgebucht.net\\\/?p=6076\"]}]},{\"@type\":\"ImageObject\",\"inLanguage\":\"de\",\"@id\":\"https:\\\/\\\/vollausgebucht.net\\\/?p=6076#primaryimage\",\"url\":\"https:\\\/\\\/vollausgebucht.net\\\/wp-content\\\/uploads\\\/rezigc10.png\",\"contentUrl\":\"https:\\\/\\\/vollausgebucht.net\\\/wp-content\\\/uploads\\\/rezigc10.png\",\"width\":700,\"height\":330},{\"@type\":\"BreadcrumbList\",\"@id\":\"https:\\\/\\\/vollausgebucht.net\\\/?p=6076#breadcrumb\",\"itemListElement\":[{\"@type\":\"ListItem\",\"position\":1,\"name\":\"Startseite\",\"item\":\"https:\\\/\\\/vollausgebucht.net\\\/\"},{\"@type\":\"ListItem\",\"position\":2,\"name\":\"\u201eDie Grimm-Chroniken 10: Der schwarze Spiegel\u201c \u2013 Maya Shepherd\"}]},{\"@type\":\"WebSite\",\"@id\":\"https:\\\/\\\/vollausgebucht.net\\\/#website\",\"url\":\"https:\\\/\\\/vollausgebucht.net\\\/\",\"name\":\"Voll ausgebucht\",\"description\":\"\",\"publisher\":{\"@id\":\"https:\\\/\\\/vollausgebucht.net\\\/#\\\/schema\\\/person\\\/a4c2c6f703cf1bac8cf4974558e405c6\"},\"potentialAction\":[{\"@type\":\"SearchAction\",\"target\":{\"@type\":\"EntryPoint\",\"urlTemplate\":\"https:\\\/\\\/vollausgebucht.net\\\/?s={search_term_string}\"},\"query-input\":{\"@type\":\"PropertyValueSpecification\",\"valueRequired\":true,\"valueName\":\"search_term_string\"}}],\"inLanguage\":\"de\"},{\"@type\":[\"Person\",\"Organization\"],\"@id\":\"https:\\\/\\\/vollausgebucht.net\\\/#\\\/schema\\\/person\\\/a4c2c6f703cf1bac8cf4974558e405c6\",\"name\":\"DesKing\",\"logo\":{\"@id\":\"https:\\\/\\\/vollausgebucht.net\\\/#\\\/schema\\\/person\\\/image\\\/\"},\"sameAs\":[\"https:\\\/\\\/vollausgebucht.net\"],\"url\":\"https:\\\/\\\/vollausgebucht.net\\\/?author=1\"}]}<\/script>\n<!-- \/ Yoast SEO plugin. -->","yoast_head_json":{"title":"\u201eDie Grimm-Chroniken 10: Der schwarze Spiegel\u201c \u2013 Maya Shepherd - Voll ausgebucht","robots":{"index":"index","follow":"follow","max-snippet":"max-snippet:-1","max-image-preview":"max-image-preview:large","max-video-preview":"max-video-preview:-1"},"canonical":"https:\/\/vollausgebucht.net\/?p=6076","og_locale":"de_DE","og_type":"article","og_title":"\u201eDie Grimm-Chroniken 10: Der schwarze Spiegel\u201c \u2013 Maya Shepherd - Voll ausgebucht","og_description":"&#8220; Niemals k\u00f6nnte er ihr etwas zuleide tun, denn er trug die Liebe f\u00fcr sie bereits in sich. In seiner Brust schlug ein geteiltes Herz. Zwei H\u00e4lften, die zusammen etwas Ganzes ergaben. &#8230;&#8220; (Seite 81) Wer oder was ist b\u00f6se? Weiterlesen\u00a0\u2026","og_url":"https:\/\/vollausgebucht.net\/?p=6076","og_site_name":"Voll ausgebucht","article_published_time":"2021-08-24T15:55:17+00:00","article_modified_time":"2021-08-24T17:20:20+00:00","og_image":[{"width":700,"height":330,"url":"https:\/\/vollausgebucht.net\/wp-content\/uploads\/rezigc10.png","type":"image\/png"}],"author":"DesKing","schema":{"@context":"https:\/\/schema.org","@graph":[{"@type":"Article","@id":"https:\/\/vollausgebucht.net\/?p=6076#article","isPartOf":{"@id":"https:\/\/vollausgebucht.net\/?p=6076"},"author":{"name":"DesKing","@id":"https:\/\/vollausgebucht.net\/#\/schema\/person\/a4c2c6f703cf1bac8cf4974558e405c6"},"headline":"\u201eDie Grimm-Chroniken 10: Der schwarze Spiegel\u201c \u2013 Maya Shepherd","datePublished":"2021-08-24T15:55:17+00:00","dateModified":"2021-08-24T17:20:20+00:00","mainEntityOfPage":{"@id":"https:\/\/vollausgebucht.net\/?p=6076"},"wordCount":666,"commentCount":0,"publisher":{"@id":"https:\/\/vollausgebucht.net\/#\/schema\/person\/a4c2c6f703cf1bac8cf4974558e405c6"},"image":{"@id":"https:\/\/vollausgebucht.net\/?p=6076#primaryimage"},"thumbnailUrl":"https:\/\/vollausgebucht.net\/wp-content\/uploads\/rezigc10.png","keywords":["Blogger","Bookish","Bookjunkie","Booklover","Booknerd","Books","Books of Instagramm","Bookstagram","Bookstagram Germany","Buchblog","Buchblogger","B\u00fccher","B\u00fccherliebe","B\u00fcchers\u00fcchtig","B\u00fccherwurm","Buchtipp","Der schwarze Spiegel","Die Grimm Chroniken","Instabooks","Leseliebe","Lesen","Leseratte","M\u00e4rchen","M\u00e4rchenadaption","Maya Shepherd","Reading","Rezension","Schneewittchen","Sternensand","Time to read","Vampire","Voll ausgebucht"],"articleSection":["Rezension"],"inLanguage":"de","potentialAction":[{"@type":"CommentAction","name":"Comment","target":["https:\/\/vollausgebucht.net\/?p=6076#respond"]}]},{"@type":"WebPage","@id":"https:\/\/vollausgebucht.net\/?p=6076","url":"https:\/\/vollausgebucht.net\/?p=6076","name":"\u201eDie Grimm-Chroniken 10: Der schwarze Spiegel\u201c \u2013 Maya Shepherd - Voll ausgebucht","isPartOf":{"@id":"https:\/\/vollausgebucht.net\/#website"},"primaryImageOfPage":{"@id":"https:\/\/vollausgebucht.net\/?p=6076#primaryimage"},"image":{"@id":"https:\/\/vollausgebucht.net\/?p=6076#primaryimage"},"thumbnailUrl":"https:\/\/vollausgebucht.net\/wp-content\/uploads\/rezigc10.png","datePublished":"2021-08-24T15:55:17+00:00","dateModified":"2021-08-24T17:20:20+00:00","breadcrumb":{"@id":"https:\/\/vollausgebucht.net\/?p=6076#breadcrumb"},"inLanguage":"de","potentialAction":[{"@type":"ReadAction","target":["https:\/\/vollausgebucht.net\/?p=6076"]}]},{"@type":"ImageObject","inLanguage":"de","@id":"https:\/\/vollausgebucht.net\/?p=6076#primaryimage","url":"https:\/\/vollausgebucht.net\/wp-content\/uploads\/rezigc10.png","contentUrl":"https:\/\/vollausgebucht.net\/wp-content\/uploads\/rezigc10.png","width":700,"height":330},{"@type":"BreadcrumbList","@id":"https:\/\/vollausgebucht.net\/?p=6076#breadcrumb","itemListElement":[{"@type":"ListItem","position":1,"name":"Startseite","item":"https:\/\/vollausgebucht.net\/"},{"@type":"ListItem","position":2,"name":"\u201eDie Grimm-Chroniken 10: Der schwarze Spiegel\u201c \u2013 Maya Shepherd"}]},{"@type":"WebSite","@id":"https:\/\/vollausgebucht.net\/#website","url":"https:\/\/vollausgebucht.net\/","name":"Voll ausgebucht","description":"","publisher":{"@id":"https:\/\/vollausgebucht.net\/#\/schema\/person\/a4c2c6f703cf1bac8cf4974558e405c6"},"potentialAction":[{"@type":"SearchAction","target":{"@type":"EntryPoint","urlTemplate":"https:\/\/vollausgebucht.net\/?s={search_term_string}"},"query-input":{"@type":"PropertyValueSpecification","valueRequired":true,"valueName":"search_term_string"}}],"inLanguage":"de"},{"@type":["Person","Organization"],"@id":"https:\/\/vollausgebucht.net\/#\/schema\/person\/a4c2c6f703cf1bac8cf4974558e405c6","name":"DesKing","logo":{"@id":"https:\/\/vollausgebucht.net\/#\/schema\/person\/image\/"},"sameAs":["https:\/\/vollausgebucht.net"],"url":"https:\/\/vollausgebucht.net\/?author=1"}]}},"_links":{"self":[{"href":"https:\/\/vollausgebucht.net\/index.php?rest_route=\/wp\/v2\/posts\/6076","targetHints":{"allow":["GET"]}}],"collection":[{"href":"https:\/\/vollausgebucht.net\/index.php?rest_route=\/wp\/v2\/posts"}],"about":[{"href":"https:\/\/vollausgebucht.net\/index.php?rest_route=\/wp\/v2\/types\/post"}],"author":[{"embeddable":true,"href":"https:\/\/vollausgebucht.net\/index.php?rest_route=\/wp\/v2\/users\/1"}],"replies":[{"embeddable":true,"href":"https:\/\/vollausgebucht.net\/index.php?rest_route=%2Fwp%2Fv2%2Fcomments&post=6076"}],"version-history":[{"count":0,"href":"https:\/\/vollausgebucht.net\/index.php?rest_route=\/wp\/v2\/posts\/6076\/revisions"}],"wp:featuredmedia":[{"embeddable":true,"href":"https:\/\/vollausgebucht.net\/index.php?rest_route=\/wp\/v2\/media\/6077"}],"wp:attachment":[{"href":"https:\/\/vollausgebucht.net\/index.php?rest_route=%2Fwp%2Fv2%2Fmedia&parent=6076"}],"wp:term":[{"taxonomy":"category","embeddable":true,"href":"https:\/\/vollausgebucht.net\/index.php?rest_route=%2Fwp%2Fv2%2Fcategories&post=6076"},{"taxonomy":"post_tag","embeddable":true,"href":"https:\/\/vollausgebucht.net\/index.php?rest_route=%2Fwp%2Fv2%2Ftags&post=6076"}],"curies":[{"name":"wp","href":"https:\/\/api.w.org\/{rel}","templated":true}]}}