{"id":7011,"date":"2015-03-16T18:34:46","date_gmt":"2015-03-16T18:34:46","guid":{"rendered":"https:\/\/vollausgebucht.net\/?p=7011"},"modified":"2022-02-12T15:10:38","modified_gmt":"2022-02-12T15:10:38","slug":"5150-das-haus-des-wahnsinns-patrick-senecal","status":"publish","type":"post","link":"https:\/\/vollausgebucht.net\/?p=7011","title":{"rendered":"\u201e5150 \u2013 Das Haus des Wahnsinns\u201c \u2013 Patrick Sen\u00e9cal"},"content":{"rendered":"<blockquote><p><em><span style=\"font-family: georgia, palatino, serif; color: #ffffff;\">&#8220; &#8230; Was war nur in mich gefahren, sie anzusprechen? Es rutschte einfach aus mir heraus. Ihr Kopf zeigte zwar in meine Richtung, aber nat\u00fcrlich reagierte sie nicht auf meine Frage. Wie \u00fcblich entsetzte und beunruhigte es mich. Dann hatte ich pl\u00f6tzlich genug. Genug von den Gef\u00fchlen, die sie in mir ausl\u00f6ste. Genug von ihrer verst\u00f6renden Erscheinung. &#8230;&#8220; (Seite 221)<\/span><\/em><\/p><\/blockquote>\n<p><img loading=\"lazy\" decoding=\"async\" class=\"size-full wp-image-291 aligncenter\" src=\"https:\/\/vollausgebucht.net\/wp-content\/uploads\/2020\/05\/klap.png\" alt=\"\" width=\"112\" height=\"31\" \/><\/p>\n<p style=\"text-align: center;\"><span style=\"font-family: georgia, palatino, serif; color: #000000;\">Nach einem Sturz mit dem Fahrrad will der Student Yannick im Haus 5150 eigentlich nur um Hilfe bitten. Doch als er Schreie aus dem ersten Stock h\u00f6rt, wird er von dem Sadisten Jacques Beaulieu und dessen Familie gefangengenommen, damit er ihr Geheimnis nicht verr\u00e4t.<\/span><br \/>\n<span style=\"font-family: georgia, palatino, serif; color: #000000;\">Gequ\u00e4lt und gefoltert ist Yannick jetzt dem Wahnsinn der ganzen Familie ausgeliefert. Weil er kein \u00bbB\u00f6ser\u00ab ist, d\u00fcrfen sie Yannick nicht einfach so t\u00f6ten, also muss er sich mit dem Vater in einer Partie Schach messen. Der Einsatz: Yannicks Leben.<\/span><br \/>\n<span style=\"font-family: georgia, palatino, serif; color: #000000;\">Der erste Zug ist gemacht, doch welche Pl\u00e4ne sein Peiniger wirklich verfolgt, erkennt der Junge im Verlauf seines Martyriums erst nach und nach &#8230;<\/span><\/p>\n<p><img loading=\"lazy\" decoding=\"async\" class=\"size-full wp-image-128 aligncenter\" src=\"https:\/\/vollausgebucht.net\/wp-content\/uploads\/daru.png\" alt=\"\" width=\"122\" height=\"35\" \/><\/p>\n<p><span style=\"font-family: georgia, palatino, serif; color: #000000;\">Als Student Yannick nach einem Fahrradunfall im n\u00e4chsten Haus nur telefonieren will, beginnt sein Albtraum. Auf der Suche nach dem Bad landet in einem v\u00f6llig leeren Zimmer, in dem ein Mann in seinem eigenen Blut liegt.<\/span><br \/>\n<span style=\"font-family: georgia, palatino, serif; color: #000000;\">Yannick versucht, den Schock zu \u00fcberspielen und das Haus so schnell wie m\u00f6glich zu verlassen, aber nat\u00fcrlich ist es dazu zu sp\u00e4t, Jacques Beaulieu, der Herr des Hauses knockt ihn aus und sp\u00e4ter landet er in dem leeren Raum, sein Vorg\u00e4nger dort wurde entfernt.<\/span><br \/>\n<span style=\"font-family: georgia, palatino, serif; color: #000000;\">Yannick macht sich Gedanken, ob er wohl genauso endet, doch Jacques versichert ihm, das dies nicht der Fall w\u00e4re, er h\u00e4tte immerhin nichts B\u00f6ses getan, nur etwas gesehen, das nicht f\u00fcr seine Augen bestimmt war und deswegen k\u00f6nne er ihn nicht gehen lassen. <\/span><\/p>\n<p><img loading=\"lazy\" decoding=\"async\" class=\"size-full wp-image-7843 aligncenter\" src=\"https:\/\/vollausgebucht.net\/wp-content\/uploads\/5150-1.png\" alt=\"\" width=\"600\" height=\"600\" srcset=\"https:\/\/vollausgebucht.net\/wp-content\/uploads\/5150-1.png 600w, https:\/\/vollausgebucht.net\/wp-content\/uploads\/5150-1-350x350.png 350w, https:\/\/vollausgebucht.net\/wp-content\/uploads\/5150-1-150x150.png 150w\" sizes=\"auto, (max-width: 600px) 100vw, 600px\" \/><\/p>\n<p><img loading=\"lazy\" decoding=\"async\" class=\"size-full wp-image-125 aligncenter\" src=\"https:\/\/vollausgebucht.net\/wp-content\/uploads\/meine-meinung.png\" alt=\"\" width=\"146\" height=\"32\" \/><\/p>\n<p><span style=\"font-family: georgia, palatino, serif; color: #000000;\">Eine winzige Entscheidung kann unser Leben beeinflussen, dass muss auch Yannick festellen und w\u00e4re r\u00fcckwirkend der Katze wohl lieber nicht ausgewichen. So w\u00e4re ihm eine Begegnung mit Jacques und seiner Familie erspart geblieben in der keiner ganz normal zu sein scheint. Da w\u00e4re Maude, die eingesch\u00fcchterte, streng gl\u00e4ubige Ehefrau, die ihrem Mann aufs Wort folgt und deren alte Tagebucheintr\u00e4ge den Leser einen Blick auf die Familiengeschichte werfen lassen und sich mit Yannicks Erlebnissen in der Gefangenschaft abwechseln. Dann gibt es da noch die rebellische 16-j\u00e4hrige Teenietochter Michelle, die noch verr\u00fcckter als ihr Vater zu sein scheint und schlie\u00dflich Nesth\u00e4kchen Anne, ein geistig zur\u00fcckgebliebenes M\u00e4dchen, das einen aus riesigen Augen teilnahmslos anstarrt. <\/span><br \/>\n<span style=\"font-family: georgia, palatino, serif; color: #000000;\">Yannicks Fluchtversuche scheitern, die Zeit vergeht und so lernt er nach und nach mehr \u00fcber die einzelnen Familienmitglieder, auch, dass Jacques gr\u00f6\u00dftes Hobby das Schachspielen ist und er sich f\u00fcr den besten Spieler auf Gottes Erde h\u00e4lt. Nur einen Sieg braucht Yannick f\u00fcr seine Freiheit, an diesen einen Strohhalm klammert er sich.<br \/>\n<\/span><span style=\"color: #000000;\"><span style=\"font-family: Georgia, Bitstream Charter, serif;\"><span style=\"font-size: medium;\">Mit \u201e5150 \u2013 Das Haus des Wahnsinns\u201c schuf Patrick Sen\u00e9cal ein Buch, das einen von Anfang an in seinen Bann zieht.<br \/>\nLangsam kommt man zusammen mit Yannick hinter das grausige Geheimnis des Familienvaters und erlebt St\u00fcck f\u00fcr St\u00fcck das Abdriften in den Wahnsinn\u2026<\/span><\/span><\/span><\/p>\n<p><img loading=\"lazy\" decoding=\"async\" class=\"size-full wp-image-298 aligncenter\" src=\"https:\/\/vollausgebucht.net\/wp-content\/uploads\/2020\/05\/fazit2.png\" alt=\"\" width=\"58\" height=\"28\" \/><\/p>\n<p><span style=\"color: #000000;\"><span style=\"font-family: Georgia, Bitstream Charter, serif;\"><span style=\"font-size: medium;\">Auf den Cover h\u00e4tte ich lieber eine Schachfigur gesehen, wer das Buch gelesen hat, wei\u00df warum, der Mann mit der Axt trifft es meiner Meinung nach nicht so ganz.<br \/>\nAlles in allem hat mich mein erstes Buch von Sen\u00e9cal auf jeden Fall \u00fcberzeugt und ich werde mich demn\u00e4chst seinem \u201e7 Tage der Rache\u201c widmen, f\u00fcr \u201e5150 \u2013 Das Haus des Wahnsinns\u201c gibt es von mir 4 von 5 Miezekatzen.<\/span><\/span><\/span><\/p>\n<p><img loading=\"lazy\" decoding=\"async\" class=\"size-full wp-image-132 aligncenter\" src=\"https:\/\/vollausgebucht.net\/wp-content\/uploads\/miezk.png\" alt=\"\" width=\"267\" height=\"45\" \/><\/p>\n<p><img loading=\"lazy\" decoding=\"async\" class=\"size-full wp-image-7840 aligncenter\" src=\"https:\/\/vollausgebucht.net\/wp-content\/uploads\/5150-22.png\" alt=\"\" width=\"700\" height=\"356\" srcset=\"https:\/\/vollausgebucht.net\/wp-content\/uploads\/5150-22.png 700w, https:\/\/vollausgebucht.net\/wp-content\/uploads\/5150-22-350x178.png 350w, https:\/\/vollausgebucht.net\/wp-content\/uploads\/5150-22-295x150.png 295w\" sizes=\"auto, (max-width: 700px) 100vw, 700px\" \/><\/p>\n","protected":false},"excerpt":{"rendered":"<p>&#8220; &#8230; Was war nur in mich gefahren, sie anzusprechen? Es rutschte einfach aus mir heraus. Ihr Kopf zeigte zwar in meine Richtung, aber nat\u00fcrlich reagierte sie nicht auf meine Frage. Wie \u00fcblich entsetzte und beunruhigte es mich. Dann hatte <a class=\"more-link\" href=\"https:\/\/vollausgebucht.net\/?p=7011\">Weiterlesen\u00a0\u2026<\/a><\/p>\n","protected":false},"author":1,"featured_media":7845,"comment_status":"open","ping_status":"closed","sticky":false,"template":"","format":"standard","meta":{"sfsi_plus_gutenberg_text_before_share":"","sfsi_plus_gutenberg_show_text_before_share":"","sfsi_plus_gutenberg_icon_type":"","sfsi_plus_gutenberg_icon_alignemt":"","sfsi_plus_gutenburg_max_per_row":"","_monsterinsights_skip_tracking":false,"_monsterinsights_sitenote_active":false,"_monsterinsights_sitenote_note":"","_monsterinsights_sitenote_category":0,"footnotes":""},"categories":[5],"tags":[923,550,485,482,22,450,499,481,491,494,489,492,483,11,493,486,742,487,490,59,495,16,924,484,6,7],"class_list":["post-7011","post","type-post","status-publish","format-standard","has-post-thumbnail","hentry","category-rezension","tag-5150-das-haus-des-wahnsinns","tag-bookish","tag-bookjunkie","tag-booklover","tag-booknerd","tag-books","tag-books-of-instagramm","tag-bookstagram","tag-bookstagram-germany","tag-buchblog","tag-buchblogger","tag-buecher","tag-buecherliebe","tag-buechersuechtig","tag-buecherwurm","tag-buchtipp","tag-festa","tag-instabooks","tag-leseliebe","tag-leseliste","tag-lesen","tag-leseratte","tag-patrick-senecal","tag-reading","tag-rezension","tag-voll-ausgebucht"],"yoast_head":"<!-- This site is optimized with the Yoast SEO plugin v27.5 - https:\/\/yoast.com\/product\/yoast-seo-wordpress\/ -->\n<title>\u201e5150 \u2013 Das Haus des Wahnsinns\u201c \u2013 Patrick Sen\u00e9cal - Voll ausgebucht<\/title>\n<meta name=\"robots\" content=\"index, follow, max-snippet:-1, max-image-preview:large, max-video-preview:-1\" \/>\n<link rel=\"canonical\" href=\"https:\/\/vollausgebucht.net\/?p=7011\" \/>\n<meta property=\"og:locale\" content=\"de_DE\" \/>\n<meta property=\"og:type\" content=\"article\" \/>\n<meta property=\"og:title\" content=\"\u201e5150 \u2013 Das Haus des Wahnsinns\u201c \u2013 Patrick Sen\u00e9cal - Voll ausgebucht\" \/>\n<meta property=\"og:description\" content=\"&#8220; &#8230; Was war nur in mich gefahren, sie anzusprechen? Es rutschte einfach aus mir heraus. Ihr Kopf zeigte zwar in meine Richtung, aber nat\u00fcrlich reagierte sie nicht auf meine Frage. Wie \u00fcblich entsetzte und beunruhigte es mich. Dann hatte Weiterlesen\u00a0\u2026\" \/>\n<meta property=\"og:url\" content=\"https:\/\/vollausgebucht.net\/?p=7011\" \/>\n<meta property=\"og:site_name\" content=\"Voll ausgebucht\" \/>\n<meta property=\"article:published_time\" content=\"2015-03-16T18:34:46+00:00\" \/>\n<meta property=\"article:modified_time\" content=\"2022-02-12T15:10:38+00:00\" \/>\n<meta property=\"og:image\" content=\"https:\/\/vollausgebucht.net\/wp-content\/uploads\/rezi-5150.png\" \/>\n\t<meta property=\"og:image:width\" content=\"700\" \/>\n\t<meta property=\"og:image:height\" content=\"330\" \/>\n\t<meta property=\"og:image:type\" content=\"image\/png\" \/>\n<meta name=\"author\" content=\"DesKing\" \/>\n<script type=\"application\/ld+json\" class=\"yoast-schema-graph\">{\"@context\":\"https:\\\/\\\/schema.org\",\"@graph\":[{\"@type\":\"Article\",\"@id\":\"https:\\\/\\\/vollausgebucht.net\\\/?p=7011#article\",\"isPartOf\":{\"@id\":\"https:\\\/\\\/vollausgebucht.net\\\/?p=7011\"},\"author\":{\"name\":\"DesKing\",\"@id\":\"https:\\\/\\\/vollausgebucht.net\\\/#\\\/schema\\\/person\\\/a4c2c6f703cf1bac8cf4974558e405c6\"},\"headline\":\"\u201e5150 \u2013 Das Haus des Wahnsinns\u201c \u2013 Patrick Sen\u00e9cal\",\"datePublished\":\"2015-03-16T18:34:46+00:00\",\"dateModified\":\"2022-02-12T15:10:38+00:00\",\"mainEntityOfPage\":{\"@id\":\"https:\\\/\\\/vollausgebucht.net\\\/?p=7011\"},\"wordCount\":609,\"commentCount\":0,\"publisher\":{\"@id\":\"https:\\\/\\\/vollausgebucht.net\\\/#\\\/schema\\\/person\\\/a4c2c6f703cf1bac8cf4974558e405c6\"},\"image\":{\"@id\":\"https:\\\/\\\/vollausgebucht.net\\\/?p=7011#primaryimage\"},\"thumbnailUrl\":\"https:\\\/\\\/vollausgebucht.net\\\/wp-content\\\/uploads\\\/rezi-5150.png\",\"keywords\":[\"5150 \u2013 Das Haus des Wahnsinns\",\"Bookish\",\"Bookjunkie\",\"Booklover\",\"Booknerd\",\"Books\",\"Books of Instagramm\",\"Bookstagram\",\"Bookstagram Germany\",\"Buchblog\",\"Buchblogger\",\"B\u00fccher\",\"B\u00fccherliebe\",\"B\u00fcchers\u00fcchtig\",\"B\u00fccherwurm\",\"Buchtipp\",\"Festa\",\"Instabooks\",\"Leseliebe\",\"Leseliste\",\"Lesen\",\"Leseratte\",\"Patrick Sen\u00e9cal\",\"Reading\",\"Rezension\",\"Voll ausgebucht\"],\"articleSection\":[\"Rezension\"],\"inLanguage\":\"de\",\"potentialAction\":[{\"@type\":\"CommentAction\",\"name\":\"Comment\",\"target\":[\"https:\\\/\\\/vollausgebucht.net\\\/?p=7011#respond\"]}]},{\"@type\":\"WebPage\",\"@id\":\"https:\\\/\\\/vollausgebucht.net\\\/?p=7011\",\"url\":\"https:\\\/\\\/vollausgebucht.net\\\/?p=7011\",\"name\":\"\u201e5150 \u2013 Das Haus des Wahnsinns\u201c \u2013 Patrick Sen\u00e9cal - Voll ausgebucht\",\"isPartOf\":{\"@id\":\"https:\\\/\\\/vollausgebucht.net\\\/#website\"},\"primaryImageOfPage\":{\"@id\":\"https:\\\/\\\/vollausgebucht.net\\\/?p=7011#primaryimage\"},\"image\":{\"@id\":\"https:\\\/\\\/vollausgebucht.net\\\/?p=7011#primaryimage\"},\"thumbnailUrl\":\"https:\\\/\\\/vollausgebucht.net\\\/wp-content\\\/uploads\\\/rezi-5150.png\",\"datePublished\":\"2015-03-16T18:34:46+00:00\",\"dateModified\":\"2022-02-12T15:10:38+00:00\",\"breadcrumb\":{\"@id\":\"https:\\\/\\\/vollausgebucht.net\\\/?p=7011#breadcrumb\"},\"inLanguage\":\"de\",\"potentialAction\":[{\"@type\":\"ReadAction\",\"target\":[\"https:\\\/\\\/vollausgebucht.net\\\/?p=7011\"]}]},{\"@type\":\"ImageObject\",\"inLanguage\":\"de\",\"@id\":\"https:\\\/\\\/vollausgebucht.net\\\/?p=7011#primaryimage\",\"url\":\"https:\\\/\\\/vollausgebucht.net\\\/wp-content\\\/uploads\\\/rezi-5150.png\",\"contentUrl\":\"https:\\\/\\\/vollausgebucht.net\\\/wp-content\\\/uploads\\\/rezi-5150.png\",\"width\":700,\"height\":330},{\"@type\":\"BreadcrumbList\",\"@id\":\"https:\\\/\\\/vollausgebucht.net\\\/?p=7011#breadcrumb\",\"itemListElement\":[{\"@type\":\"ListItem\",\"position\":1,\"name\":\"Startseite\",\"item\":\"https:\\\/\\\/vollausgebucht.net\\\/\"},{\"@type\":\"ListItem\",\"position\":2,\"name\":\"\u201e5150 \u2013 Das Haus des Wahnsinns\u201c \u2013 Patrick Sen\u00e9cal\"}]},{\"@type\":\"WebSite\",\"@id\":\"https:\\\/\\\/vollausgebucht.net\\\/#website\",\"url\":\"https:\\\/\\\/vollausgebucht.net\\\/\",\"name\":\"Voll ausgebucht\",\"description\":\"\",\"publisher\":{\"@id\":\"https:\\\/\\\/vollausgebucht.net\\\/#\\\/schema\\\/person\\\/a4c2c6f703cf1bac8cf4974558e405c6\"},\"potentialAction\":[{\"@type\":\"SearchAction\",\"target\":{\"@type\":\"EntryPoint\",\"urlTemplate\":\"https:\\\/\\\/vollausgebucht.net\\\/?s={search_term_string}\"},\"query-input\":{\"@type\":\"PropertyValueSpecification\",\"valueRequired\":true,\"valueName\":\"search_term_string\"}}],\"inLanguage\":\"de\"},{\"@type\":[\"Person\",\"Organization\"],\"@id\":\"https:\\\/\\\/vollausgebucht.net\\\/#\\\/schema\\\/person\\\/a4c2c6f703cf1bac8cf4974558e405c6\",\"name\":\"DesKing\",\"logo\":{\"@id\":\"https:\\\/\\\/vollausgebucht.net\\\/#\\\/schema\\\/person\\\/image\\\/\"},\"sameAs\":[\"https:\\\/\\\/vollausgebucht.net\"],\"url\":\"https:\\\/\\\/vollausgebucht.net\\\/?author=1\"}]}<\/script>\n<!-- \/ Yoast SEO plugin. -->","yoast_head_json":{"title":"\u201e5150 \u2013 Das Haus des Wahnsinns\u201c \u2013 Patrick Sen\u00e9cal - Voll ausgebucht","robots":{"index":"index","follow":"follow","max-snippet":"max-snippet:-1","max-image-preview":"max-image-preview:large","max-video-preview":"max-video-preview:-1"},"canonical":"https:\/\/vollausgebucht.net\/?p=7011","og_locale":"de_DE","og_type":"article","og_title":"\u201e5150 \u2013 Das Haus des Wahnsinns\u201c \u2013 Patrick Sen\u00e9cal - Voll ausgebucht","og_description":"&#8220; &#8230; Was war nur in mich gefahren, sie anzusprechen? Es rutschte einfach aus mir heraus. Ihr Kopf zeigte zwar in meine Richtung, aber nat\u00fcrlich reagierte sie nicht auf meine Frage. Wie \u00fcblich entsetzte und beunruhigte es mich. Dann hatte Weiterlesen\u00a0\u2026","og_url":"https:\/\/vollausgebucht.net\/?p=7011","og_site_name":"Voll ausgebucht","article_published_time":"2015-03-16T18:34:46+00:00","article_modified_time":"2022-02-12T15:10:38+00:00","og_image":[{"width":700,"height":330,"url":"https:\/\/vollausgebucht.net\/wp-content\/uploads\/rezi-5150.png","type":"image\/png"}],"author":"DesKing","schema":{"@context":"https:\/\/schema.org","@graph":[{"@type":"Article","@id":"https:\/\/vollausgebucht.net\/?p=7011#article","isPartOf":{"@id":"https:\/\/vollausgebucht.net\/?p=7011"},"author":{"name":"DesKing","@id":"https:\/\/vollausgebucht.net\/#\/schema\/person\/a4c2c6f703cf1bac8cf4974558e405c6"},"headline":"\u201e5150 \u2013 Das Haus des Wahnsinns\u201c \u2013 Patrick Sen\u00e9cal","datePublished":"2015-03-16T18:34:46+00:00","dateModified":"2022-02-12T15:10:38+00:00","mainEntityOfPage":{"@id":"https:\/\/vollausgebucht.net\/?p=7011"},"wordCount":609,"commentCount":0,"publisher":{"@id":"https:\/\/vollausgebucht.net\/#\/schema\/person\/a4c2c6f703cf1bac8cf4974558e405c6"},"image":{"@id":"https:\/\/vollausgebucht.net\/?p=7011#primaryimage"},"thumbnailUrl":"https:\/\/vollausgebucht.net\/wp-content\/uploads\/rezi-5150.png","keywords":["5150 \u2013 Das Haus des Wahnsinns","Bookish","Bookjunkie","Booklover","Booknerd","Books","Books of Instagramm","Bookstagram","Bookstagram Germany","Buchblog","Buchblogger","B\u00fccher","B\u00fccherliebe","B\u00fcchers\u00fcchtig","B\u00fccherwurm","Buchtipp","Festa","Instabooks","Leseliebe","Leseliste","Lesen","Leseratte","Patrick Sen\u00e9cal","Reading","Rezension","Voll ausgebucht"],"articleSection":["Rezension"],"inLanguage":"de","potentialAction":[{"@type":"CommentAction","name":"Comment","target":["https:\/\/vollausgebucht.net\/?p=7011#respond"]}]},{"@type":"WebPage","@id":"https:\/\/vollausgebucht.net\/?p=7011","url":"https:\/\/vollausgebucht.net\/?p=7011","name":"\u201e5150 \u2013 Das Haus des Wahnsinns\u201c \u2013 Patrick Sen\u00e9cal - Voll ausgebucht","isPartOf":{"@id":"https:\/\/vollausgebucht.net\/#website"},"primaryImageOfPage":{"@id":"https:\/\/vollausgebucht.net\/?p=7011#primaryimage"},"image":{"@id":"https:\/\/vollausgebucht.net\/?p=7011#primaryimage"},"thumbnailUrl":"https:\/\/vollausgebucht.net\/wp-content\/uploads\/rezi-5150.png","datePublished":"2015-03-16T18:34:46+00:00","dateModified":"2022-02-12T15:10:38+00:00","breadcrumb":{"@id":"https:\/\/vollausgebucht.net\/?p=7011#breadcrumb"},"inLanguage":"de","potentialAction":[{"@type":"ReadAction","target":["https:\/\/vollausgebucht.net\/?p=7011"]}]},{"@type":"ImageObject","inLanguage":"de","@id":"https:\/\/vollausgebucht.net\/?p=7011#primaryimage","url":"https:\/\/vollausgebucht.net\/wp-content\/uploads\/rezi-5150.png","contentUrl":"https:\/\/vollausgebucht.net\/wp-content\/uploads\/rezi-5150.png","width":700,"height":330},{"@type":"BreadcrumbList","@id":"https:\/\/vollausgebucht.net\/?p=7011#breadcrumb","itemListElement":[{"@type":"ListItem","position":1,"name":"Startseite","item":"https:\/\/vollausgebucht.net\/"},{"@type":"ListItem","position":2,"name":"\u201e5150 \u2013 Das Haus des Wahnsinns\u201c \u2013 Patrick Sen\u00e9cal"}]},{"@type":"WebSite","@id":"https:\/\/vollausgebucht.net\/#website","url":"https:\/\/vollausgebucht.net\/","name":"Voll ausgebucht","description":"","publisher":{"@id":"https:\/\/vollausgebucht.net\/#\/schema\/person\/a4c2c6f703cf1bac8cf4974558e405c6"},"potentialAction":[{"@type":"SearchAction","target":{"@type":"EntryPoint","urlTemplate":"https:\/\/vollausgebucht.net\/?s={search_term_string}"},"query-input":{"@type":"PropertyValueSpecification","valueRequired":true,"valueName":"search_term_string"}}],"inLanguage":"de"},{"@type":["Person","Organization"],"@id":"https:\/\/vollausgebucht.net\/#\/schema\/person\/a4c2c6f703cf1bac8cf4974558e405c6","name":"DesKing","logo":{"@id":"https:\/\/vollausgebucht.net\/#\/schema\/person\/image\/"},"sameAs":["https:\/\/vollausgebucht.net"],"url":"https:\/\/vollausgebucht.net\/?author=1"}]}},"_links":{"self":[{"href":"https:\/\/vollausgebucht.net\/index.php?rest_route=\/wp\/v2\/posts\/7011","targetHints":{"allow":["GET"]}}],"collection":[{"href":"https:\/\/vollausgebucht.net\/index.php?rest_route=\/wp\/v2\/posts"}],"about":[{"href":"https:\/\/vollausgebucht.net\/index.php?rest_route=\/wp\/v2\/types\/post"}],"author":[{"embeddable":true,"href":"https:\/\/vollausgebucht.net\/index.php?rest_route=\/wp\/v2\/users\/1"}],"replies":[{"embeddable":true,"href":"https:\/\/vollausgebucht.net\/index.php?rest_route=%2Fwp%2Fv2%2Fcomments&post=7011"}],"version-history":[{"count":0,"href":"https:\/\/vollausgebucht.net\/index.php?rest_route=\/wp\/v2\/posts\/7011\/revisions"}],"wp:featuredmedia":[{"embeddable":true,"href":"https:\/\/vollausgebucht.net\/index.php?rest_route=\/wp\/v2\/media\/7845"}],"wp:attachment":[{"href":"https:\/\/vollausgebucht.net\/index.php?rest_route=%2Fwp%2Fv2%2Fmedia&parent=7011"}],"wp:term":[{"taxonomy":"category","embeddable":true,"href":"https:\/\/vollausgebucht.net\/index.php?rest_route=%2Fwp%2Fv2%2Fcategories&post=7011"},{"taxonomy":"post_tag","embeddable":true,"href":"https:\/\/vollausgebucht.net\/index.php?rest_route=%2Fwp%2Fv2%2Ftags&post=7011"}],"curies":[{"name":"wp","href":"https:\/\/api.w.org\/{rel}","templated":true}]}}