{"id":9013,"date":"2022-06-23T15:21:11","date_gmt":"2022-06-23T15:21:11","guid":{"rendered":"https:\/\/vollausgebucht.net\/?p=9013"},"modified":"2022-06-25T10:52:28","modified_gmt":"2022-06-25T10:52:28","slug":"scythe-der-zorn-der-gerechten-neal-shusterman","status":"publish","type":"post","link":"https:\/\/vollausgebucht.net\/?p=9013","title":{"rendered":"&#8222;Scythe: Der Zorn der Gerechten&#8220; &#8211; Neal Shusterman"},"content":{"rendered":"<blockquote>\n<p style=\"text-align: left;\"><span style=\"color: #ffffff;\"><em><span style=\"font-family: georgia, palatino, serif;\">Er zog ein schwarzes T-Shirt an, das seinen trainierten K\u00f6rper unter dunklem synthetischem Gewebe verbarg,<br \/>\n<\/span><span style=\"font-family: georgia, palatino, serif;\">\u00bbIch bin Scythe Luzifer.\u00ab<br \/>\nDann streifte er seine ebenholzfarbene Robe \u00fcber und trat hinaus in die Nacht, um es mit einem weiteren Scythe aufzunehmen, der es nicht verdiente, auf dem Podest zu stehen, auf das man ihn gestellt hatte. &#8230; (Seite 23)<\/span><\/em><\/span><\/p>\n<\/blockquote>\n<p><img loading=\"lazy\" decoding=\"async\" class=\"size-full wp-image-291 aligncenter\" src=\"https:\/\/vollausgebucht.net\/wp-content\/uploads\/2020\/05\/klap.png\" alt=\"\" width=\"112\" height=\"31\" \/><\/p>\n<p style=\"text-align: center;\"><span style=\"font-family: georgia, palatino, serif; color: #000000;\">Ewige Jugend, Wohlstand, <\/span><span style=\"font-family: georgia, palatino, serif; color: #000000;\">unendliches Wissen.<br \/>\nAll das haben <\/span><span style=\"font-family: georgia, palatino, serif; color: #000000;\">die Menschen erreicht. Um die<\/span><br \/>\n<span style=\"font-family: georgia, palatino, serif; color: #000000;\">fast perfekte Welt vor \u00dcberbev\u00f6lkerung<\/span><br \/>\n<span style=\"font-family: georgia, palatino, serif; color: #000000;\">zu bewahren, gibt es die Scythe:<br \/>\nSie <\/span><span style=\"font-family: georgia, palatino, serif; color: #000000;\">richten \u00fcber Leben und Tod.<\/span><\/p>\n<p style=\"text-align: center;\"><span style=\"font-family: georgia, palatino, serif; color: #000000;\">Citra hat die Ausbildung zum Scythe bestanden.<\/span><br \/>\n<span style=\"font-family: georgia, palatino, serif; color: #000000;\">Rowan sollte ihr erster \u00bbAuftrag\u00ab sein.<\/span><br \/>\n<span style=\"font-family: georgia, palatino, serif; color: #000000;\">Doch er ist entkommen und k\u00e4mpft nun gegen <\/span><span style=\"font-family: georgia, palatino, serif; color: #000000;\">die Scythe.<\/span><\/p>\n<p style=\"text-align: center;\"><span style=\"font-family: georgia, palatino, serif; color: #000000;\">Citra und Rowan stehen auf <\/span><span style=\"font-family: georgia, palatino, serif; color: #000000;\">unterschiedlichen Seiten.<br \/>\nWird dieser <\/span><span style=\"font-family: georgia, palatino, serif; color: #000000;\">Konflikt sie f\u00fcr immer trennen?<\/span><\/p>\n<p><img loading=\"lazy\" decoding=\"async\" class=\"size-full wp-image-128 aligncenter\" src=\"https:\/\/vollausgebucht.net\/wp-content\/uploads\/daru.png\" alt=\"\" width=\"122\" height=\"35\" \/><\/p>\n<p><span style=\"font-family: georgia, palatino, serif; color: #000000;\">W\u00e4hrend Citra, die jetzt Scythe Anastasia ist, zusammen mit ihrer Mentorin Marie Curie ihrem neuen Job nachgeht, beendet auch Rowan Leben, allerdings das von Scythe, die sich nicht an die Gesetze halten. Er wird gesucht, muss sich verstecken, trotzdem versuchen die beiden ehemaligen Lehrlinge Kontakt zueinander zu halten, denn der Machtkampf zwischen der alten und der neuen Ordnung der Scythe droht zu eskalieren. Doch das ist noch nicht alles, denn Gefahr droht auch noch aus einer ganz anderen Ecke &#8230;<\/span><\/p>\n<p><img loading=\"lazy\" decoding=\"async\" class=\"alignnone size-full wp-image-9023\" src=\"https:\/\/vollausgebucht.net\/wp-content\/uploads\/scythe-2-1.png\" alt=\"\" width=\"700\" height=\"700\" srcset=\"https:\/\/vollausgebucht.net\/wp-content\/uploads\/scythe-2-1.png 700w, https:\/\/vollausgebucht.net\/wp-content\/uploads\/scythe-2-1-350x350.png 350w, https:\/\/vollausgebucht.net\/wp-content\/uploads\/scythe-2-1-150x150.png 150w\" sizes=\"auto, (max-width: 700px) 100vw, 700px\" \/><\/p>\n<p><img loading=\"lazy\" decoding=\"async\" class=\"size-full wp-image-125 aligncenter\" src=\"https:\/\/vollausgebucht.net\/wp-content\/uploads\/meine-meinung.png\" alt=\"\" width=\"146\" height=\"32\" \/><span style=\"font-family: georgia, palatino, serif; color: #000000;\">Fast genau 2 Jahre hat es gedauert, bis ich zum Folgeband von &#8222;Scythe: Die H\u00fcter des Todes&#8220; gegriffen habe und das, obwohl ich das Buch toll fand und Neal Shusterman sehr mag, aber die Dicke hat mich dann doch etwas abgeschreckt. V\u00f6llig zu Unrecht, wie sich nat\u00fcrlich gezeigt hat, denn ich bin sofort wieder in die Geschichte um Rowan und Citra eingetaucht. Citra ist inzwischen eine Junior-Scythe und arbeitet mit Scythe Curie zusammen, deren Tagebucheintr\u00e4ge ich im ersten Teil sehr gern gelesen habe. Auch diesmal gibt es sie wieder, allerdings bekommt der Leser diesmal die Gedanken des Thunderhead mitgeteilt, jenes &#8222;Computerprogrammes&#8220;, das die Menschheit lenkt und besch\u00fctzt. An seinen Gedanken teilzuhaben ist interessant, aber irgendwie auch ein wenig gruselig.<br \/>\nUnd auch ein neuer Charakter betritt die Szenerie: Greyson Tolliver. <\/span><span style=\"font-family: georgia, palatino, serif; color: #000000;\">Er ist mir gleich ans Herz gewachsen, vielleicht sogar ein bisschen mehr als Rowan und Citra. Der Junge hatte es nie leicht im Leben und dennoch schl\u00e4gt er sich durch, allen Widrigkeiten zum Trotz.<br \/>\nCitra hingegen erscheint mir diesmal fast ein bisschen zu mitf\u00fchlend und neunmalklug, h\u00e4tte ich die Wahl, w\u00e4re ich wohl eher Team Rowan, selbst wenn der manchmal sehr aufbrausend reagiert, aber das ist ganz meine Art.^^<br \/>\nNeal Shustermans Schreibstil hat mich wie immer mitgerissen. Auch wenn man denkt man wei\u00df, wie der Hase l\u00e4uft, so wird man doch wieder und wieder \u00fcberrascht. Seine Charaktere haben Tiefe, man kann sich in sie hineinversetzen, ihre Handlungen nachvollziehen und hofft und bangt mit ihnen. Denn auch wenn die &#8222;Scythe&#8220; Reihe auf den ersten Blick den Eindruck erweckt, dass es den Menschen gut geht, nat\u00fcrlich abgesehen von denen, die nachgelesen werden, zeigt ein Blick hinter die Kulissen, dass hier Korruption und Machtgier an der Tagesordnung sind. Dem einfachen Volk bleibt das nat\u00fcrlich verborgen, aber am Ende muss es die Konsequenzen tragen &#8230;<br \/>\nPS: Falls sich jemand wundert, weil die Cover der Reihe inzwischen anders aussehen, meinen lag damals der Metallic-Wechselumschlag bei und den finde ich so viel sch\u00f6ner als die gesichtslosen Figuren.<\/span><\/p>\n<p><img loading=\"lazy\" decoding=\"async\" class=\"size-full wp-image-298 aligncenter\" src=\"https:\/\/vollausgebucht.net\/wp-content\/uploads\/2020\/05\/fazit2.png\" alt=\"\" width=\"58\" height=\"28\" \/><\/p>\n<p><span style=\"font-family: georgia, palatino, serif; color: #000000;\">Ja, ich \u00e4rgere mich, dass ich so lange mit dem zweiten Band gewartet habe und werde den letzten recht zeitnah lesen, allein schon weil der Cliffhanger ziemlich mies war, ich muss einfach wissen, wie es mit Rowan und Citra und vor allem Greyson weitergeht.\u00a0<\/span><br \/>\n<span style=\"font-family: georgia, palatino, serif; color: #000000;\">Wer Dystopien mag, dem kann ich Neal Shusterman uneingeschr\u00e4nkt empfehlen, bisher haben mich alle seine B\u00fccher begeistert und so bekommt &#8222;Scythe: Der Zorn der Gerechten&#8220; von mir stolze 4,5 von 5 Miezekatzen.<\/span><\/p>\n<p><img loading=\"lazy\" decoding=\"async\" class=\"size-full wp-image-454 aligncenter\" src=\"https:\/\/vollausgebucht.net\/wp-content\/uploads\/miezk45.png\" alt=\"\" width=\"267\" height=\"45\" \/><\/p>\n<p><span style=\"text-decoration: underline;\"><span style=\"color: #000000;\"><a style=\"color: #000000;\" href=\"https:\/\/vollausgebucht.net\/?p=443\"><span style=\"font-family: georgia, palatino, serif;\">01. \u201eScythe: Die H\u00fcter des Todes\u201c<\/span><\/a><\/span><\/span><br \/>\n<span style=\"font-family: georgia, palatino, serif; color: #3366ff;\">02. \u201eScythe: Der Zorn der Gerechten\u201c<\/span><br \/>\n<span style=\"font-family: georgia, palatino, serif; color: #000000;\">03. \u201eScythe: Das Verm\u00e4chtnis der \u00c4ltesten\u201c<\/span><\/p>\n<p><img loading=\"lazy\" decoding=\"async\" class=\"alignnone size-full wp-image-9018\" src=\"https:\/\/vollausgebucht.net\/wp-content\/uploads\/scythe-2-2.png\" alt=\"\" width=\"700\" height=\"356\" srcset=\"https:\/\/vollausgebucht.net\/wp-content\/uploads\/scythe-2-2.png 700w, https:\/\/vollausgebucht.net\/wp-content\/uploads\/scythe-2-2-350x178.png 350w, https:\/\/vollausgebucht.net\/wp-content\/uploads\/scythe-2-2-295x150.png 295w\" sizes=\"auto, (max-width: 700px) 100vw, 700px\" \/><\/p>\n","protected":false},"excerpt":{"rendered":"<p>Er zog ein schwarzes T-Shirt an, das seinen trainierten K\u00f6rper unter dunklem synthetischem Gewebe verbarg, \u00bbIch bin Scythe Luzifer.\u00ab Dann streifte er seine ebenholzfarbene Robe \u00fcber und trat hinaus in die Nacht, um es mit einem weiteren Scythe aufzunehmen, der <a class=\"more-link\" href=\"https:\/\/vollausgebucht.net\/?p=9013\">Weiterlesen\u00a0\u2026<\/a><\/p>\n","protected":false},"author":1,"featured_media":9014,"comment_status":"open","ping_status":"closed","sticky":false,"template":"","format":"standard","meta":{"sfsi_plus_gutenberg_text_before_share":"","sfsi_plus_gutenberg_show_text_before_share":"","sfsi_plus_gutenberg_icon_type":"","sfsi_plus_gutenberg_icon_alignemt":"","sfsi_plus_gutenburg_max_per_row":"","_monsterinsights_skip_tracking":false,"_monsterinsights_sitenote_active":false,"_monsterinsights_sitenote_note":"","_monsterinsights_sitenote_category":0,"footnotes":""},"categories":[5],"tags":[485,482,22,450,541,481,491,494,489,492,483,11,493,486,1128,437,487,490,495,16,40,484,41,1129,378,7],"class_list":["post-9013","post","type-post","status-publish","format-standard","has-post-thumbnail","hentry","category-rezension","tag-bookjunkie","tag-booklover","tag-booknerd","tag-books","tag-books-of-instagram","tag-bookstagram","tag-bookstagram-germany","tag-buchblog","tag-buchblogger","tag-buecher","tag-buecherliebe","tag-buechersuechtig","tag-buecherwurm","tag-buchtipp","tag-der-zorn-der-gerechten","tag-dystopie","tag-instabooks","tag-leseliebe","tag-lesen","tag-leseratte","tag-neal-shusterman","tag-reading","tag-scythe","tag-scythe-2","tag-time-to-read","tag-voll-ausgebucht"],"yoast_head":"<!-- This site is optimized with the Yoast SEO plugin v27.4 - https:\/\/yoast.com\/product\/yoast-seo-wordpress\/ -->\n<title>&quot;Scythe: Der Zorn der Gerechten&quot; - Neal Shusterman - Voll ausgebucht<\/title>\n<meta name=\"robots\" content=\"index, follow, max-snippet:-1, max-image-preview:large, max-video-preview:-1\" \/>\n<link rel=\"canonical\" href=\"https:\/\/vollausgebucht.net\/?p=9013\" \/>\n<meta property=\"og:locale\" content=\"de_DE\" \/>\n<meta property=\"og:type\" content=\"article\" \/>\n<meta property=\"og:title\" content=\"&quot;Scythe: Der Zorn der Gerechten&quot; - Neal Shusterman - Voll ausgebucht\" \/>\n<meta property=\"og:description\" content=\"Er zog ein schwarzes T-Shirt an, das seinen trainierten K\u00f6rper unter dunklem synthetischem Gewebe verbarg, \u00bbIch bin Scythe Luzifer.\u00ab Dann streifte er seine ebenholzfarbene Robe \u00fcber und trat hinaus in die Nacht, um es mit einem weiteren Scythe aufzunehmen, der Weiterlesen\u00a0\u2026\" \/>\n<meta property=\"og:url\" content=\"https:\/\/vollausgebucht.net\/?p=9013\" \/>\n<meta property=\"og:site_name\" content=\"Voll ausgebucht\" \/>\n<meta property=\"article:published_time\" content=\"2022-06-23T15:21:11+00:00\" \/>\n<meta property=\"article:modified_time\" content=\"2022-06-25T10:52:28+00:00\" \/>\n<meta property=\"og:image\" content=\"https:\/\/vollausgebucht.net\/wp-content\/uploads\/rezi-scythe-2.png\" \/>\n\t<meta property=\"og:image:width\" content=\"700\" \/>\n\t<meta property=\"og:image:height\" content=\"330\" \/>\n\t<meta property=\"og:image:type\" content=\"image\/png\" \/>\n<meta name=\"author\" content=\"DesKing\" \/>\n<script type=\"application\/ld+json\" class=\"yoast-schema-graph\">{\"@context\":\"https:\\\/\\\/schema.org\",\"@graph\":[{\"@type\":\"Article\",\"@id\":\"https:\\\/\\\/vollausgebucht.net\\\/?p=9013#article\",\"isPartOf\":{\"@id\":\"https:\\\/\\\/vollausgebucht.net\\\/?p=9013\"},\"author\":{\"name\":\"DesKing\",\"@id\":\"https:\\\/\\\/vollausgebucht.net\\\/#\\\/schema\\\/person\\\/a4c2c6f703cf1bac8cf4974558e405c6\"},\"headline\":\"&#8222;Scythe: Der Zorn der Gerechten&#8220; &#8211; Neal Shusterman\",\"datePublished\":\"2022-06-23T15:21:11+00:00\",\"dateModified\":\"2022-06-25T10:52:28+00:00\",\"mainEntityOfPage\":{\"@id\":\"https:\\\/\\\/vollausgebucht.net\\\/?p=9013\"},\"wordCount\":648,\"commentCount\":0,\"publisher\":{\"@id\":\"https:\\\/\\\/vollausgebucht.net\\\/#\\\/schema\\\/person\\\/a4c2c6f703cf1bac8cf4974558e405c6\"},\"image\":{\"@id\":\"https:\\\/\\\/vollausgebucht.net\\\/?p=9013#primaryimage\"},\"thumbnailUrl\":\"https:\\\/\\\/vollausgebucht.net\\\/wp-content\\\/uploads\\\/rezi-scythe-2.png\",\"keywords\":[\"Bookjunkie\",\"Booklover\",\"Booknerd\",\"Books\",\"Books of Instagram\",\"Bookstagram\",\"Bookstagram Germany\",\"Buchblog\",\"Buchblogger\",\"B\u00fccher\",\"B\u00fccherliebe\",\"B\u00fcchers\u00fcchtig\",\"B\u00fccherwurm\",\"Buchtipp\",\"Der Zorn der Gerechten\",\"Dystopie\",\"Instabooks\",\"Leseliebe\",\"Lesen\",\"Leseratte\",\"Neal Shusterman\",\"Reading\",\"Scythe\",\"Scythe 2\",\"Time to read\",\"Voll ausgebucht\"],\"articleSection\":[\"Rezension\"],\"inLanguage\":\"de\",\"potentialAction\":[{\"@type\":\"CommentAction\",\"name\":\"Comment\",\"target\":[\"https:\\\/\\\/vollausgebucht.net\\\/?p=9013#respond\"]}]},{\"@type\":\"WebPage\",\"@id\":\"https:\\\/\\\/vollausgebucht.net\\\/?p=9013\",\"url\":\"https:\\\/\\\/vollausgebucht.net\\\/?p=9013\",\"name\":\"\\\"Scythe: Der Zorn der Gerechten\\\" - Neal Shusterman - Voll ausgebucht\",\"isPartOf\":{\"@id\":\"https:\\\/\\\/vollausgebucht.net\\\/#website\"},\"primaryImageOfPage\":{\"@id\":\"https:\\\/\\\/vollausgebucht.net\\\/?p=9013#primaryimage\"},\"image\":{\"@id\":\"https:\\\/\\\/vollausgebucht.net\\\/?p=9013#primaryimage\"},\"thumbnailUrl\":\"https:\\\/\\\/vollausgebucht.net\\\/wp-content\\\/uploads\\\/rezi-scythe-2.png\",\"datePublished\":\"2022-06-23T15:21:11+00:00\",\"dateModified\":\"2022-06-25T10:52:28+00:00\",\"breadcrumb\":{\"@id\":\"https:\\\/\\\/vollausgebucht.net\\\/?p=9013#breadcrumb\"},\"inLanguage\":\"de\",\"potentialAction\":[{\"@type\":\"ReadAction\",\"target\":[\"https:\\\/\\\/vollausgebucht.net\\\/?p=9013\"]}]},{\"@type\":\"ImageObject\",\"inLanguage\":\"de\",\"@id\":\"https:\\\/\\\/vollausgebucht.net\\\/?p=9013#primaryimage\",\"url\":\"https:\\\/\\\/vollausgebucht.net\\\/wp-content\\\/uploads\\\/rezi-scythe-2.png\",\"contentUrl\":\"https:\\\/\\\/vollausgebucht.net\\\/wp-content\\\/uploads\\\/rezi-scythe-2.png\",\"width\":700,\"height\":330},{\"@type\":\"BreadcrumbList\",\"@id\":\"https:\\\/\\\/vollausgebucht.net\\\/?p=9013#breadcrumb\",\"itemListElement\":[{\"@type\":\"ListItem\",\"position\":1,\"name\":\"Startseite\",\"item\":\"https:\\\/\\\/vollausgebucht.net\\\/\"},{\"@type\":\"ListItem\",\"position\":2,\"name\":\"&#8222;Scythe: Der Zorn der Gerechten&#8220; &#8211; Neal Shusterman\"}]},{\"@type\":\"WebSite\",\"@id\":\"https:\\\/\\\/vollausgebucht.net\\\/#website\",\"url\":\"https:\\\/\\\/vollausgebucht.net\\\/\",\"name\":\"Voll ausgebucht\",\"description\":\"\",\"publisher\":{\"@id\":\"https:\\\/\\\/vollausgebucht.net\\\/#\\\/schema\\\/person\\\/a4c2c6f703cf1bac8cf4974558e405c6\"},\"potentialAction\":[{\"@type\":\"SearchAction\",\"target\":{\"@type\":\"EntryPoint\",\"urlTemplate\":\"https:\\\/\\\/vollausgebucht.net\\\/?s={search_term_string}\"},\"query-input\":{\"@type\":\"PropertyValueSpecification\",\"valueRequired\":true,\"valueName\":\"search_term_string\"}}],\"inLanguage\":\"de\"},{\"@type\":[\"Person\",\"Organization\"],\"@id\":\"https:\\\/\\\/vollausgebucht.net\\\/#\\\/schema\\\/person\\\/a4c2c6f703cf1bac8cf4974558e405c6\",\"name\":\"DesKing\",\"logo\":{\"@id\":\"https:\\\/\\\/vollausgebucht.net\\\/#\\\/schema\\\/person\\\/image\\\/\"},\"sameAs\":[\"https:\\\/\\\/vollausgebucht.net\"],\"url\":\"https:\\\/\\\/vollausgebucht.net\\\/?author=1\"}]}<\/script>\n<!-- \/ Yoast SEO plugin. -->","yoast_head_json":{"title":"\"Scythe: Der Zorn der Gerechten\" - Neal Shusterman - Voll ausgebucht","robots":{"index":"index","follow":"follow","max-snippet":"max-snippet:-1","max-image-preview":"max-image-preview:large","max-video-preview":"max-video-preview:-1"},"canonical":"https:\/\/vollausgebucht.net\/?p=9013","og_locale":"de_DE","og_type":"article","og_title":"\"Scythe: Der Zorn der Gerechten\" - Neal Shusterman - Voll ausgebucht","og_description":"Er zog ein schwarzes T-Shirt an, das seinen trainierten K\u00f6rper unter dunklem synthetischem Gewebe verbarg, \u00bbIch bin Scythe Luzifer.\u00ab Dann streifte er seine ebenholzfarbene Robe \u00fcber und trat hinaus in die Nacht, um es mit einem weiteren Scythe aufzunehmen, der Weiterlesen\u00a0\u2026","og_url":"https:\/\/vollausgebucht.net\/?p=9013","og_site_name":"Voll ausgebucht","article_published_time":"2022-06-23T15:21:11+00:00","article_modified_time":"2022-06-25T10:52:28+00:00","og_image":[{"width":700,"height":330,"url":"https:\/\/vollausgebucht.net\/wp-content\/uploads\/rezi-scythe-2.png","type":"image\/png"}],"author":"DesKing","schema":{"@context":"https:\/\/schema.org","@graph":[{"@type":"Article","@id":"https:\/\/vollausgebucht.net\/?p=9013#article","isPartOf":{"@id":"https:\/\/vollausgebucht.net\/?p=9013"},"author":{"name":"DesKing","@id":"https:\/\/vollausgebucht.net\/#\/schema\/person\/a4c2c6f703cf1bac8cf4974558e405c6"},"headline":"&#8222;Scythe: Der Zorn der Gerechten&#8220; &#8211; Neal Shusterman","datePublished":"2022-06-23T15:21:11+00:00","dateModified":"2022-06-25T10:52:28+00:00","mainEntityOfPage":{"@id":"https:\/\/vollausgebucht.net\/?p=9013"},"wordCount":648,"commentCount":0,"publisher":{"@id":"https:\/\/vollausgebucht.net\/#\/schema\/person\/a4c2c6f703cf1bac8cf4974558e405c6"},"image":{"@id":"https:\/\/vollausgebucht.net\/?p=9013#primaryimage"},"thumbnailUrl":"https:\/\/vollausgebucht.net\/wp-content\/uploads\/rezi-scythe-2.png","keywords":["Bookjunkie","Booklover","Booknerd","Books","Books of Instagram","Bookstagram","Bookstagram Germany","Buchblog","Buchblogger","B\u00fccher","B\u00fccherliebe","B\u00fcchers\u00fcchtig","B\u00fccherwurm","Buchtipp","Der Zorn der Gerechten","Dystopie","Instabooks","Leseliebe","Lesen","Leseratte","Neal Shusterman","Reading","Scythe","Scythe 2","Time to read","Voll ausgebucht"],"articleSection":["Rezension"],"inLanguage":"de","potentialAction":[{"@type":"CommentAction","name":"Comment","target":["https:\/\/vollausgebucht.net\/?p=9013#respond"]}]},{"@type":"WebPage","@id":"https:\/\/vollausgebucht.net\/?p=9013","url":"https:\/\/vollausgebucht.net\/?p=9013","name":"\"Scythe: Der Zorn der Gerechten\" - Neal Shusterman - Voll ausgebucht","isPartOf":{"@id":"https:\/\/vollausgebucht.net\/#website"},"primaryImageOfPage":{"@id":"https:\/\/vollausgebucht.net\/?p=9013#primaryimage"},"image":{"@id":"https:\/\/vollausgebucht.net\/?p=9013#primaryimage"},"thumbnailUrl":"https:\/\/vollausgebucht.net\/wp-content\/uploads\/rezi-scythe-2.png","datePublished":"2022-06-23T15:21:11+00:00","dateModified":"2022-06-25T10:52:28+00:00","breadcrumb":{"@id":"https:\/\/vollausgebucht.net\/?p=9013#breadcrumb"},"inLanguage":"de","potentialAction":[{"@type":"ReadAction","target":["https:\/\/vollausgebucht.net\/?p=9013"]}]},{"@type":"ImageObject","inLanguage":"de","@id":"https:\/\/vollausgebucht.net\/?p=9013#primaryimage","url":"https:\/\/vollausgebucht.net\/wp-content\/uploads\/rezi-scythe-2.png","contentUrl":"https:\/\/vollausgebucht.net\/wp-content\/uploads\/rezi-scythe-2.png","width":700,"height":330},{"@type":"BreadcrumbList","@id":"https:\/\/vollausgebucht.net\/?p=9013#breadcrumb","itemListElement":[{"@type":"ListItem","position":1,"name":"Startseite","item":"https:\/\/vollausgebucht.net\/"},{"@type":"ListItem","position":2,"name":"&#8222;Scythe: Der Zorn der Gerechten&#8220; &#8211; Neal Shusterman"}]},{"@type":"WebSite","@id":"https:\/\/vollausgebucht.net\/#website","url":"https:\/\/vollausgebucht.net\/","name":"Voll ausgebucht","description":"","publisher":{"@id":"https:\/\/vollausgebucht.net\/#\/schema\/person\/a4c2c6f703cf1bac8cf4974558e405c6"},"potentialAction":[{"@type":"SearchAction","target":{"@type":"EntryPoint","urlTemplate":"https:\/\/vollausgebucht.net\/?s={search_term_string}"},"query-input":{"@type":"PropertyValueSpecification","valueRequired":true,"valueName":"search_term_string"}}],"inLanguage":"de"},{"@type":["Person","Organization"],"@id":"https:\/\/vollausgebucht.net\/#\/schema\/person\/a4c2c6f703cf1bac8cf4974558e405c6","name":"DesKing","logo":{"@id":"https:\/\/vollausgebucht.net\/#\/schema\/person\/image\/"},"sameAs":["https:\/\/vollausgebucht.net"],"url":"https:\/\/vollausgebucht.net\/?author=1"}]}},"_links":{"self":[{"href":"https:\/\/vollausgebucht.net\/index.php?rest_route=\/wp\/v2\/posts\/9013","targetHints":{"allow":["GET"]}}],"collection":[{"href":"https:\/\/vollausgebucht.net\/index.php?rest_route=\/wp\/v2\/posts"}],"about":[{"href":"https:\/\/vollausgebucht.net\/index.php?rest_route=\/wp\/v2\/types\/post"}],"author":[{"embeddable":true,"href":"https:\/\/vollausgebucht.net\/index.php?rest_route=\/wp\/v2\/users\/1"}],"replies":[{"embeddable":true,"href":"https:\/\/vollausgebucht.net\/index.php?rest_route=%2Fwp%2Fv2%2Fcomments&post=9013"}],"version-history":[{"count":0,"href":"https:\/\/vollausgebucht.net\/index.php?rest_route=\/wp\/v2\/posts\/9013\/revisions"}],"wp:featuredmedia":[{"embeddable":true,"href":"https:\/\/vollausgebucht.net\/index.php?rest_route=\/wp\/v2\/media\/9014"}],"wp:attachment":[{"href":"https:\/\/vollausgebucht.net\/index.php?rest_route=%2Fwp%2Fv2%2Fmedia&parent=9013"}],"wp:term":[{"taxonomy":"category","embeddable":true,"href":"https:\/\/vollausgebucht.net\/index.php?rest_route=%2Fwp%2Fv2%2Fcategories&post=9013"},{"taxonomy":"post_tag","embeddable":true,"href":"https:\/\/vollausgebucht.net\/index.php?rest_route=%2Fwp%2Fv2%2Ftags&post=9013"}],"curies":[{"name":"wp","href":"https:\/\/api.w.org\/{rel}","templated":true}]}}