{"id":9141,"date":"2022-07-03T00:48:56","date_gmt":"2022-07-03T00:48:56","guid":{"rendered":"https:\/\/vollausgebucht.net\/?p=9141"},"modified":"2022-07-03T19:32:43","modified_gmt":"2022-07-03T19:32:43","slug":"das-schneemaedchen-rene-denfeld","status":"publish","type":"post","link":"https:\/\/vollausgebucht.net\/?p=9141","title":{"rendered":"&#8222;Das Schneem\u00e4dchen&#8220; &#8211; Rene Denfeld"},"content":{"rendered":"<blockquote><p><em><span style=\"font-family: georgia, palatino, serif; color: #ffffff;\">&#8220; &#8230;\u00a0 Sie lernte, dass es so etwas wie Zeit gar nicht gab. Es gab nur Schnee. Der fiel leise \u00fcber ihr herab, manchmal leichter und mit Fr\u00fchlingsregen vermischt, manchmal dicht und schwer, aber fr\u00fcher oder sp\u00e4ter war er immer wieder da. ..&#8220; (Seite 39)<\/span><\/em><\/p><\/blockquote>\n<p><img loading=\"lazy\" decoding=\"async\" class=\"size-full wp-image-291 aligncenter\" src=\"https:\/\/vollausgebucht.net\/wp-content\/uploads\/2020\/05\/klap.png\" alt=\"\" width=\"112\" height=\"31\" \/><\/p>\n<p style=\"text-align: center;\"><span style=\"font-family: georgia, palatino, serif; color: #000000;\">Vor drei Jahren, als ihre Familie nach einem Weihnachtsbaum in den frostigen W\u00e4ldern von Oregon suchte, verschwand Madison Culver. Drei Jahre &#8211; und immer noch keine Spur von der damals F\u00fcnfj\u00e4hrigen.<\/span><br \/>\n<span style=\"font-family: georgia, palatino, serif; color: #000000;\">Ist sie tot? Doch eine Leiche hat man bisher nicht finden k\u00f6nnen.<\/span><br \/>\n<span style=\"font-family: georgia, palatino, serif; color: #000000;\">Madisons Eltern wenden sich in ihrer Verzweiflung an die \u00bbKinderfinderin\u00ab Naomi, eine Privatermittlerin mit dem unheimlichen Talent, Vermisste aufzusp\u00fcren. Da sie in ihrer Kindheit selbst einmal verschleppt wurde, kann sie sich besonders gut in solche F\u00e4lle hineinversetzen.<\/span><br \/>\n<span style=\"font-family: georgia, palatino, serif; color: #000000;\">W\u00e4hrend Naomi nach und nach die schrecklichen Tatsachen im Fall Madison aufdeckt, durchdringen Scherben eines dunklen Traums ihre Erinnerung \u2026<\/span><br \/>\n<span style=\"font-family: georgia, palatino, serif; color: #000000;\">Ein atemberaubender, literarischer Pageturner, erz\u00e4hlt mit den wechselnden Stimmen von Naomi und einem au\u00dfergew\u00f6hnlich fantasievollen Kind.<\/span><\/p>\n<p><img loading=\"lazy\" decoding=\"async\" class=\"size-full wp-image-128 aligncenter\" src=\"https:\/\/vollausgebucht.net\/wp-content\/uploads\/daru.png\" alt=\"\" width=\"122\" height=\"35\" \/><span style=\"font-family: georgia, palatino, serif; color: #000000;\">Aus Schnee gemacht und wurde zum Leben erweckt, lebt sie in einer H\u00f6hle. Doch da sind diese Erinnerungen an ein anderes Leben, an ein Heim, eine Familie, an Geborgenheit statt Schl\u00e4ge und an M\u00e4rchen. Ihr liebstes war schon immer das vom Schneem\u00e4dchen. Jetzt ist sie selbst eins, verloren in der K\u00e4lte.<\/span><\/p>\n<p><img loading=\"lazy\" decoding=\"async\" class=\"alignnone size-full wp-image-9142\" src=\"https:\/\/vollausgebucht.net\/wp-content\/uploads\/schneemaedchen-1.png\" alt=\"\" width=\"700\" height=\"700\" srcset=\"https:\/\/vollausgebucht.net\/wp-content\/uploads\/schneemaedchen-1.png 700w, https:\/\/vollausgebucht.net\/wp-content\/uploads\/schneemaedchen-1-350x350.png 350w, https:\/\/vollausgebucht.net\/wp-content\/uploads\/schneemaedchen-1-150x150.png 150w\" sizes=\"auto, (max-width: 700px) 100vw, 700px\" \/><\/p>\n<p><img loading=\"lazy\" decoding=\"async\" class=\"size-full wp-image-125 aligncenter\" src=\"https:\/\/vollausgebucht.net\/wp-content\/uploads\/meine-meinung.png\" alt=\"\" width=\"146\" height=\"32\" \/><span style=\"font-family: georgia, palatino, serif; color: #000000;\">Ich nehm es gleich vorweg, <span style=\"text-decoration: underline;\"><a style=\"color: #000000; text-decoration: underline;\" href=\"https:\/\/renedenfeld.com\/author\/biography\/\">Rene Denfeld<\/a><\/span> hat es mit <span style=\"text-decoration: underline;\"><a style=\"color: #000000; text-decoration: underline;\" href=\"https:\/\/www.festa-verlag.de\/das-schneemaedchen.html\">&#8222;Das Schneem\u00e4dchen&#8220;<\/a><\/span> geschafft mein kleines schwarzes Herzchen zu ber\u00fchren. Sie schreibt sehr bildhaft, fast glaubt man, ihr auf ihrer Suche in den verschneiten W\u00e4ldern Gesellschaft zu leisten. Mir ist es tats\u00e4chlich einige Male eiskalt den R\u00fccken hinunter gelaufen und das nicht nur auf Grund der im Buch vorherrschenden Temperaturen, denn als Mutter ist diese Geschichte wirklich harter Tobak f\u00fcr mich. Schon der blo\u00dfe Gedanke, dass dem eigenen Kind etwas passieren k\u00f6nnte, sorgt f\u00fcr Albtr\u00e4ume und dass die Welt da drau\u00dfen verdammt hart sein kann, wissen wir alle.<\/span><br \/>\n<span style=\"font-family: georgia, palatino, serif; color: #000000;\">Zum lebhaften Erz\u00e4hlstil gesellen sich noch die Heldinnen des Buches, ein kleines M\u00e4dchen und eine Ermittlerin, beide haben mehr gemeinsam, als es auf den ersten Blick scheint. Doch w\u00e4hrend das Schneem\u00e4dchen sich in eine Fantasiewelt fl\u00fcchtet, um mit den Grausamkeiten des Alltage zurechtzukommen, versucht Naomi sich zu erinnern, was damals geschehen ist. Denn es gibt einen Grund, warum die Ermittlerin bei ihrer Suche nach vermissten Kindern so erfolgreich ist.\u00a0<\/span><br \/>\n<span style=\"font-family: georgia, palatino, serif; color: #000000;\">Abwechselnd gibt es Einblicke in das Leben der beiden Protagonistinnen, beide sind mir von Anfang an ans Herz gewachsen. Bei Naomi, die verbissen nach der kleinen Madison sucht und die eigenen Bed\u00fcrfnisse immer wieder hinten anstellt, kann man gar nicht anders. Sie ist eine Getriebene, eine gebrochene Seele, aber genau das kommt ihr hier zugute, treibt sie immer weiter vorw\u00e4rts.<br \/>\nDas Schneem\u00e4dchen hingegen zieht sich in eine selbst erschaffene Fantasiewelt zur\u00fcck, um nicht zu zerbrechen. Was sie erdulden muss, tut weh, macht mich als Mutter mehr als nur betroffen, aber ich will da gar nicht ins Detail gehen. Das tut die Autorin auch nicht, sie nur deutet an,\u00a0 das allein reicht jedoch vollkommen aus. Rene Denfeld erz\u00e4hlt ihre Geschichte ruhig, aber das macht sie nicht weniger erschreckend. Daf\u00fcr beendet sie ihr Buch mit einem Satz, der mich pers\u00f6nlich sehr bewegt hat und in dem man zumindest ein wenig Trost finden kann.<\/span><\/p>\n<p><img loading=\"lazy\" decoding=\"async\" class=\"size-full wp-image-298 aligncenter\" src=\"https:\/\/vollausgebucht.net\/wp-content\/uploads\/2020\/05\/fazit2.png\" alt=\"\" width=\"58\" height=\"28\" \/><\/p>\n<p><span style=\"font-family: georgia, palatino, serif; color: #000000;\">&#8222;Das Schneem\u00e4dchen&#8220; ist ein sehr\u00a0 ruhig erz\u00e4hltes Buch, das hei\u00dft aber keinesfalls, dass es nicht spannend ist, im Gegenteil, mich hat es sehr mitgenommen, aber ich glaube, so geht es allen Eltern. Wer mit Gewalt gegen Kinder nicht klarkommt, sollte die Finger von diesem Werk lassen, denn auch wenn es hier keine expliziten Beschreibungen gibt, so geht es doch hart zur Sache.<\/span><br \/>\n<span style=\"font-family: georgia, palatino, serif; color: #000000;\">Mich hat die Geschichte um das M\u00e4dchen im Schnee beeindruckt und mitgenommen und ich freue mich auf &#8222;Das Schmetterlingsm\u00e4dchen&#8220;, das hoffentlich in derselben Liga spielt, Bis ich das herausfinde, dauert es noch ein bisschen, denn es erscheint erst im August, bis dahin vergebe ich aber schon mal 4,5 von 5 Miezekatzen f\u00fcr den Vorg\u00e4nger.\u00a0<\/span><\/p>\n<p><img loading=\"lazy\" decoding=\"async\" class=\"size-full wp-image-454 aligncenter\" src=\"https:\/\/vollausgebucht.net\/wp-content\/uploads\/miezk45.png\" alt=\"\" width=\"267\" height=\"45\" \/><\/p>\n<p><span style=\"font-family: georgia, palatino, serif; color: #3366ff;\">01. &#8222;Das Schneem\u00e4dchen&#8220;<\/span><br \/>\n<span style=\"font-family: georgia, palatino, serif; color: #000000;\">02. &#8222;Das Schmetterlingsm\u00e4dchen&#8220;<\/span><\/p>\n<p><img loading=\"lazy\" decoding=\"async\" class=\"alignnone size-full wp-image-9143\" src=\"https:\/\/vollausgebucht.net\/wp-content\/uploads\/schneemaedchen-2.png\" alt=\"\" width=\"700\" height=\"356\" srcset=\"https:\/\/vollausgebucht.net\/wp-content\/uploads\/schneemaedchen-2.png 700w, https:\/\/vollausgebucht.net\/wp-content\/uploads\/schneemaedchen-2-350x178.png 350w, https:\/\/vollausgebucht.net\/wp-content\/uploads\/schneemaedchen-2-295x150.png 295w\" sizes=\"auto, (max-width: 700px) 100vw, 700px\" \/><\/p>\n","protected":false},"excerpt":{"rendered":"<p>&#8220; &#8230;\u00a0 Sie lernte, dass es so etwas wie Zeit gar nicht gab. Es gab nur Schnee. Der fiel leise \u00fcber ihr herab, manchmal leichter und mit Fr\u00fchlingsregen vermischt, manchmal dicht und schwer, aber fr\u00fcher oder sp\u00e4ter war er immer <a class=\"more-link\" href=\"https:\/\/vollausgebucht.net\/?p=9141\">Weiterlesen\u00a0\u2026<\/a><\/p>\n","protected":false},"author":1,"featured_media":9147,"comment_status":"open","ping_status":"closed","sticky":false,"template":"","format":"standard","meta":{"sfsi_plus_gutenberg_text_before_share":"","sfsi_plus_gutenberg_show_text_before_share":"","sfsi_plus_gutenberg_icon_type":"","sfsi_plus_gutenberg_icon_alignemt":"","sfsi_plus_gutenburg_max_per_row":"","_monsterinsights_skip_tracking":false,"_monsterinsights_sitenote_active":false,"_monsterinsights_sitenote_note":"","_monsterinsights_sitenote_category":0,"footnotes":""},"categories":[5],"tags":[23,550,485,482,22,450,499,481,491,494,489,492,483,11,493,486,1133,742,487,495,16,786,484,1134,6,47,378,7],"class_list":["post-9141","post","type-post","status-publish","format-standard","has-post-thumbnail","hentry","category-rezension","tag-blogger","tag-bookish","tag-bookjunkie","tag-booklover","tag-booknerd","tag-books","tag-books-of-instagramm","tag-bookstagram","tag-bookstagram-germany","tag-buchblog","tag-buchblogger","tag-buecher","tag-buecherliebe","tag-buechersuechtig","tag-buecherwurm","tag-buchtipp","tag-das-schneemaedchen","tag-festa","tag-instabooks","tag-lesen","tag-leseratte","tag-must-read","tag-reading","tag-rene-denfeld","tag-rezension","tag-thriller","tag-time-to-read","tag-voll-ausgebucht"],"yoast_head":"<!-- This site is optimized with the Yoast SEO plugin v27.5 - https:\/\/yoast.com\/product\/yoast-seo-wordpress\/ -->\n<title>&quot;Das Schneem\u00e4dchen&quot; - Rene Denfeld - Voll ausgebucht<\/title>\n<meta name=\"robots\" content=\"index, follow, max-snippet:-1, max-image-preview:large, max-video-preview:-1\" \/>\n<link rel=\"canonical\" href=\"https:\/\/vollausgebucht.net\/?p=9141\" \/>\n<meta property=\"og:locale\" content=\"de_DE\" \/>\n<meta property=\"og:type\" content=\"article\" \/>\n<meta property=\"og:title\" content=\"&quot;Das Schneem\u00e4dchen&quot; - Rene Denfeld - Voll ausgebucht\" \/>\n<meta property=\"og:description\" content=\"&#8220; &#8230;\u00a0 Sie lernte, dass es so etwas wie Zeit gar nicht gab. Es gab nur Schnee. Der fiel leise \u00fcber ihr herab, manchmal leichter und mit Fr\u00fchlingsregen vermischt, manchmal dicht und schwer, aber fr\u00fcher oder sp\u00e4ter war er immer Weiterlesen\u00a0\u2026\" \/>\n<meta property=\"og:url\" content=\"https:\/\/vollausgebucht.net\/?p=9141\" \/>\n<meta property=\"og:site_name\" content=\"Voll ausgebucht\" \/>\n<meta property=\"article:published_time\" content=\"2022-07-03T00:48:56+00:00\" \/>\n<meta property=\"article:modified_time\" content=\"2022-07-03T19:32:43+00:00\" \/>\n<meta property=\"og:image\" content=\"https:\/\/vollausgebucht.net\/wp-content\/uploads\/rezi-schneemaedchen.png\" \/>\n\t<meta property=\"og:image:width\" content=\"700\" \/>\n\t<meta property=\"og:image:height\" content=\"330\" \/>\n\t<meta property=\"og:image:type\" content=\"image\/png\" \/>\n<meta name=\"author\" content=\"DesKing\" \/>\n<script type=\"application\/ld+json\" class=\"yoast-schema-graph\">{\"@context\":\"https:\\\/\\\/schema.org\",\"@graph\":[{\"@type\":\"Article\",\"@id\":\"https:\\\/\\\/vollausgebucht.net\\\/?p=9141#article\",\"isPartOf\":{\"@id\":\"https:\\\/\\\/vollausgebucht.net\\\/?p=9141\"},\"author\":{\"name\":\"DesKing\",\"@id\":\"https:\\\/\\\/vollausgebucht.net\\\/#\\\/schema\\\/person\\\/a4c2c6f703cf1bac8cf4974558e405c6\"},\"headline\":\"&#8222;Das Schneem\u00e4dchen&#8220; &#8211; Rene Denfeld\",\"datePublished\":\"2022-07-03T00:48:56+00:00\",\"dateModified\":\"2022-07-03T19:32:43+00:00\",\"mainEntityOfPage\":{\"@id\":\"https:\\\/\\\/vollausgebucht.net\\\/?p=9141\"},\"wordCount\":698,\"commentCount\":0,\"publisher\":{\"@id\":\"https:\\\/\\\/vollausgebucht.net\\\/#\\\/schema\\\/person\\\/a4c2c6f703cf1bac8cf4974558e405c6\"},\"image\":{\"@id\":\"https:\\\/\\\/vollausgebucht.net\\\/?p=9141#primaryimage\"},\"thumbnailUrl\":\"https:\\\/\\\/vollausgebucht.net\\\/wp-content\\\/uploads\\\/rezi-schneemaedchen.png\",\"keywords\":[\"Blogger\",\"Bookish\",\"Bookjunkie\",\"Booklover\",\"Booknerd\",\"Books\",\"Books of Instagramm\",\"Bookstagram\",\"Bookstagram Germany\",\"Buchblog\",\"Buchblogger\",\"B\u00fccher\",\"B\u00fccherliebe\",\"B\u00fcchers\u00fcchtig\",\"B\u00fccherwurm\",\"Buchtipp\",\"Das Schneem\u00e4dchen\",\"Festa\",\"Instabooks\",\"Lesen\",\"Leseratte\",\"Must Read\",\"Reading\",\"Rene Denfeld\",\"Rezension\",\"Thriller\",\"Time to read\",\"Voll ausgebucht\"],\"articleSection\":[\"Rezension\"],\"inLanguage\":\"de\",\"potentialAction\":[{\"@type\":\"CommentAction\",\"name\":\"Comment\",\"target\":[\"https:\\\/\\\/vollausgebucht.net\\\/?p=9141#respond\"]}]},{\"@type\":\"WebPage\",\"@id\":\"https:\\\/\\\/vollausgebucht.net\\\/?p=9141\",\"url\":\"https:\\\/\\\/vollausgebucht.net\\\/?p=9141\",\"name\":\"\\\"Das Schneem\u00e4dchen\\\" - Rene Denfeld - Voll ausgebucht\",\"isPartOf\":{\"@id\":\"https:\\\/\\\/vollausgebucht.net\\\/#website\"},\"primaryImageOfPage\":{\"@id\":\"https:\\\/\\\/vollausgebucht.net\\\/?p=9141#primaryimage\"},\"image\":{\"@id\":\"https:\\\/\\\/vollausgebucht.net\\\/?p=9141#primaryimage\"},\"thumbnailUrl\":\"https:\\\/\\\/vollausgebucht.net\\\/wp-content\\\/uploads\\\/rezi-schneemaedchen.png\",\"datePublished\":\"2022-07-03T00:48:56+00:00\",\"dateModified\":\"2022-07-03T19:32:43+00:00\",\"breadcrumb\":{\"@id\":\"https:\\\/\\\/vollausgebucht.net\\\/?p=9141#breadcrumb\"},\"inLanguage\":\"de\",\"potentialAction\":[{\"@type\":\"ReadAction\",\"target\":[\"https:\\\/\\\/vollausgebucht.net\\\/?p=9141\"]}]},{\"@type\":\"ImageObject\",\"inLanguage\":\"de\",\"@id\":\"https:\\\/\\\/vollausgebucht.net\\\/?p=9141#primaryimage\",\"url\":\"https:\\\/\\\/vollausgebucht.net\\\/wp-content\\\/uploads\\\/rezi-schneemaedchen.png\",\"contentUrl\":\"https:\\\/\\\/vollausgebucht.net\\\/wp-content\\\/uploads\\\/rezi-schneemaedchen.png\",\"width\":700,\"height\":330},{\"@type\":\"BreadcrumbList\",\"@id\":\"https:\\\/\\\/vollausgebucht.net\\\/?p=9141#breadcrumb\",\"itemListElement\":[{\"@type\":\"ListItem\",\"position\":1,\"name\":\"Startseite\",\"item\":\"https:\\\/\\\/vollausgebucht.net\\\/\"},{\"@type\":\"ListItem\",\"position\":2,\"name\":\"&#8222;Das Schneem\u00e4dchen&#8220; &#8211; Rene Denfeld\"}]},{\"@type\":\"WebSite\",\"@id\":\"https:\\\/\\\/vollausgebucht.net\\\/#website\",\"url\":\"https:\\\/\\\/vollausgebucht.net\\\/\",\"name\":\"Voll ausgebucht\",\"description\":\"\",\"publisher\":{\"@id\":\"https:\\\/\\\/vollausgebucht.net\\\/#\\\/schema\\\/person\\\/a4c2c6f703cf1bac8cf4974558e405c6\"},\"potentialAction\":[{\"@type\":\"SearchAction\",\"target\":{\"@type\":\"EntryPoint\",\"urlTemplate\":\"https:\\\/\\\/vollausgebucht.net\\\/?s={search_term_string}\"},\"query-input\":{\"@type\":\"PropertyValueSpecification\",\"valueRequired\":true,\"valueName\":\"search_term_string\"}}],\"inLanguage\":\"de\"},{\"@type\":[\"Person\",\"Organization\"],\"@id\":\"https:\\\/\\\/vollausgebucht.net\\\/#\\\/schema\\\/person\\\/a4c2c6f703cf1bac8cf4974558e405c6\",\"name\":\"DesKing\",\"logo\":{\"@id\":\"https:\\\/\\\/vollausgebucht.net\\\/#\\\/schema\\\/person\\\/image\\\/\"},\"sameAs\":[\"https:\\\/\\\/vollausgebucht.net\"],\"url\":\"https:\\\/\\\/vollausgebucht.net\\\/?author=1\"}]}<\/script>\n<!-- \/ Yoast SEO plugin. -->","yoast_head_json":{"title":"\"Das Schneem\u00e4dchen\" - Rene Denfeld - Voll ausgebucht","robots":{"index":"index","follow":"follow","max-snippet":"max-snippet:-1","max-image-preview":"max-image-preview:large","max-video-preview":"max-video-preview:-1"},"canonical":"https:\/\/vollausgebucht.net\/?p=9141","og_locale":"de_DE","og_type":"article","og_title":"\"Das Schneem\u00e4dchen\" - Rene Denfeld - Voll ausgebucht","og_description":"&#8220; &#8230;\u00a0 Sie lernte, dass es so etwas wie Zeit gar nicht gab. Es gab nur Schnee. Der fiel leise \u00fcber ihr herab, manchmal leichter und mit Fr\u00fchlingsregen vermischt, manchmal dicht und schwer, aber fr\u00fcher oder sp\u00e4ter war er immer Weiterlesen\u00a0\u2026","og_url":"https:\/\/vollausgebucht.net\/?p=9141","og_site_name":"Voll ausgebucht","article_published_time":"2022-07-03T00:48:56+00:00","article_modified_time":"2022-07-03T19:32:43+00:00","og_image":[{"width":700,"height":330,"url":"https:\/\/vollausgebucht.net\/wp-content\/uploads\/rezi-schneemaedchen.png","type":"image\/png"}],"author":"DesKing","schema":{"@context":"https:\/\/schema.org","@graph":[{"@type":"Article","@id":"https:\/\/vollausgebucht.net\/?p=9141#article","isPartOf":{"@id":"https:\/\/vollausgebucht.net\/?p=9141"},"author":{"name":"DesKing","@id":"https:\/\/vollausgebucht.net\/#\/schema\/person\/a4c2c6f703cf1bac8cf4974558e405c6"},"headline":"&#8222;Das Schneem\u00e4dchen&#8220; &#8211; Rene Denfeld","datePublished":"2022-07-03T00:48:56+00:00","dateModified":"2022-07-03T19:32:43+00:00","mainEntityOfPage":{"@id":"https:\/\/vollausgebucht.net\/?p=9141"},"wordCount":698,"commentCount":0,"publisher":{"@id":"https:\/\/vollausgebucht.net\/#\/schema\/person\/a4c2c6f703cf1bac8cf4974558e405c6"},"image":{"@id":"https:\/\/vollausgebucht.net\/?p=9141#primaryimage"},"thumbnailUrl":"https:\/\/vollausgebucht.net\/wp-content\/uploads\/rezi-schneemaedchen.png","keywords":["Blogger","Bookish","Bookjunkie","Booklover","Booknerd","Books","Books of Instagramm","Bookstagram","Bookstagram Germany","Buchblog","Buchblogger","B\u00fccher","B\u00fccherliebe","B\u00fcchers\u00fcchtig","B\u00fccherwurm","Buchtipp","Das Schneem\u00e4dchen","Festa","Instabooks","Lesen","Leseratte","Must Read","Reading","Rene Denfeld","Rezension","Thriller","Time to read","Voll ausgebucht"],"articleSection":["Rezension"],"inLanguage":"de","potentialAction":[{"@type":"CommentAction","name":"Comment","target":["https:\/\/vollausgebucht.net\/?p=9141#respond"]}]},{"@type":"WebPage","@id":"https:\/\/vollausgebucht.net\/?p=9141","url":"https:\/\/vollausgebucht.net\/?p=9141","name":"\"Das Schneem\u00e4dchen\" - Rene Denfeld - Voll ausgebucht","isPartOf":{"@id":"https:\/\/vollausgebucht.net\/#website"},"primaryImageOfPage":{"@id":"https:\/\/vollausgebucht.net\/?p=9141#primaryimage"},"image":{"@id":"https:\/\/vollausgebucht.net\/?p=9141#primaryimage"},"thumbnailUrl":"https:\/\/vollausgebucht.net\/wp-content\/uploads\/rezi-schneemaedchen.png","datePublished":"2022-07-03T00:48:56+00:00","dateModified":"2022-07-03T19:32:43+00:00","breadcrumb":{"@id":"https:\/\/vollausgebucht.net\/?p=9141#breadcrumb"},"inLanguage":"de","potentialAction":[{"@type":"ReadAction","target":["https:\/\/vollausgebucht.net\/?p=9141"]}]},{"@type":"ImageObject","inLanguage":"de","@id":"https:\/\/vollausgebucht.net\/?p=9141#primaryimage","url":"https:\/\/vollausgebucht.net\/wp-content\/uploads\/rezi-schneemaedchen.png","contentUrl":"https:\/\/vollausgebucht.net\/wp-content\/uploads\/rezi-schneemaedchen.png","width":700,"height":330},{"@type":"BreadcrumbList","@id":"https:\/\/vollausgebucht.net\/?p=9141#breadcrumb","itemListElement":[{"@type":"ListItem","position":1,"name":"Startseite","item":"https:\/\/vollausgebucht.net\/"},{"@type":"ListItem","position":2,"name":"&#8222;Das Schneem\u00e4dchen&#8220; &#8211; Rene Denfeld"}]},{"@type":"WebSite","@id":"https:\/\/vollausgebucht.net\/#website","url":"https:\/\/vollausgebucht.net\/","name":"Voll ausgebucht","description":"","publisher":{"@id":"https:\/\/vollausgebucht.net\/#\/schema\/person\/a4c2c6f703cf1bac8cf4974558e405c6"},"potentialAction":[{"@type":"SearchAction","target":{"@type":"EntryPoint","urlTemplate":"https:\/\/vollausgebucht.net\/?s={search_term_string}"},"query-input":{"@type":"PropertyValueSpecification","valueRequired":true,"valueName":"search_term_string"}}],"inLanguage":"de"},{"@type":["Person","Organization"],"@id":"https:\/\/vollausgebucht.net\/#\/schema\/person\/a4c2c6f703cf1bac8cf4974558e405c6","name":"DesKing","logo":{"@id":"https:\/\/vollausgebucht.net\/#\/schema\/person\/image\/"},"sameAs":["https:\/\/vollausgebucht.net"],"url":"https:\/\/vollausgebucht.net\/?author=1"}]}},"_links":{"self":[{"href":"https:\/\/vollausgebucht.net\/index.php?rest_route=\/wp\/v2\/posts\/9141","targetHints":{"allow":["GET"]}}],"collection":[{"href":"https:\/\/vollausgebucht.net\/index.php?rest_route=\/wp\/v2\/posts"}],"about":[{"href":"https:\/\/vollausgebucht.net\/index.php?rest_route=\/wp\/v2\/types\/post"}],"author":[{"embeddable":true,"href":"https:\/\/vollausgebucht.net\/index.php?rest_route=\/wp\/v2\/users\/1"}],"replies":[{"embeddable":true,"href":"https:\/\/vollausgebucht.net\/index.php?rest_route=%2Fwp%2Fv2%2Fcomments&post=9141"}],"version-history":[{"count":0,"href":"https:\/\/vollausgebucht.net\/index.php?rest_route=\/wp\/v2\/posts\/9141\/revisions"}],"wp:featuredmedia":[{"embeddable":true,"href":"https:\/\/vollausgebucht.net\/index.php?rest_route=\/wp\/v2\/media\/9147"}],"wp:attachment":[{"href":"https:\/\/vollausgebucht.net\/index.php?rest_route=%2Fwp%2Fv2%2Fmedia&parent=9141"}],"wp:term":[{"taxonomy":"category","embeddable":true,"href":"https:\/\/vollausgebucht.net\/index.php?rest_route=%2Fwp%2Fv2%2Fcategories&post=9141"},{"taxonomy":"post_tag","embeddable":true,"href":"https:\/\/vollausgebucht.net\/index.php?rest_route=%2Fwp%2Fv2%2Ftags&post=9141"}],"curies":[{"name":"wp","href":"https:\/\/api.w.org\/{rel}","templated":true}]}}